{"id":337514,"date":"2025-08-23T02:01:14","date_gmt":"2025-08-23T02:01:14","guid":{"rendered":"https:\/\/www.europesays.com\/fr\/337514\/"},"modified":"2025-08-23T02:01:14","modified_gmt":"2025-08-23T02:01:14","slug":"donald-trump-a-deja-decide-dans-quelle-ville-il-veut-envoyer-la-garde-nationale-apres-washington","status":"publish","type":"post","link":"https:\/\/www.europesays.com\/fr\/337514\/","title":{"rendered":"Donald Trump a d\u00e9j\u00e0 d\u00e9cid\u00e9 dans quelle ville il veut envoyer la Garde nationale apr\u00e8s Washington"},"content":{"rendered":"<p>        <img decoding=\"async\" loading=\"lazy\" src=\"https:\/\/www.europesays.com\/fr\/wp-content\/uploads\/2025\/08\/12a9895_upload-1-j3whcdnbnygx-afp-20250815-69nj8ef-v1-highres-usukrainerussiaconflictsummittrumppres.jpeg\"  width=\"728\" height=\"410\" alt=\"Donald Trump a annonc\u00e9 que Chicago et New York seraient les \u00ab\u00a0prochaines\u00a0\u00bb villes \u00e0 \u00eatre reprises en main par les forces de l\u2019ordre f\u00e9d\u00e9rales\"\/>  <\/p>\n<p>ANDREW CABALLERO-REYNOLDS \/ AFP<\/p>\n<p>Donald Trump a annonc\u00e9 que Chicago et New York seraient les \u00ab\u00a0prochaines\u00a0\u00bb villes \u00e0 \u00eatre reprises en main par les forces de l\u2019ordre f\u00e9d\u00e9rales<\/p>\n<p class=\"asset asset-text\">INTERNATIONAL &#8211; La troisi\u00e8me plus grande ville am\u00e9ricaine dans le viseur du pr\u00e9sident am\u00e9ricain. Donald Trump l\u2019avait promis, Washington n\u2019\u00e9tait qu\u2019une premi\u00e8re \u00e9tape de <a href=\"https:\/\/www.huffingtonpost.fr\/international\/article\/trump-s-en-prend-aux-plus-demunis-pour-rendre-washington-plus-belle_253451.html\" rel=\"nofollow noopener\" target=\"_blank\">son plan d\u2019action pour rendre les grandes villes du pays plus \u00ab\u00a0s\u00fbres\u00a0\u00bb<\/a>. Et apr\u00e8s la capitale des \u00c9tats-Unis, le 47e pr\u00e9sident am\u00e9ricain souhaite officiellement s\u2019attaquer \u00e0 Chicago, puis \u00e0 New York.<\/p>\n<p class=\"asset asset-text\">Depuis le Bureau ovale, <a href=\"https:\/\/www.huffingtonpost.fr\/tech-futurs\/article\/le-trump-phone-ressemble-de-plus-en-plus-a-une-arnaque-avec-cette-nouvelle-publicite_253877.html\" rel=\"nofollow noopener\" target=\"_blank\">Donald Trump<\/a> a annonc\u00e9 ce vendredi 22\u00a0ao\u00fbt que la plus grande ville de l\u2019\u00c9tat de l\u2019Illinois \u2212 dirig\u00e9e par les d\u00e9mocrates \u2212 serait la \u00ab\u00a0prochaine\u00a0\u00bb ville \u00e0 \u00eatre reprise en main par les forces de l\u2019ordre f\u00e9d\u00e9rales, <a href=\"https:\/\/www.huffingtonpost.fr\/international\/article\/pourquoi-donald-trump-menace-de-prendre-le-controle-de-la-ville-de-washington_253464.html\" rel=\"nofollow noopener\" target=\"_blank\">comme l\u2019est la capitale Washington<\/a> pour lutter, selon l\u2019administration am\u00e9ricaine, contre la criminalit\u00e9.<\/p>\n<p class=\"asset asset-text\">\u00ab\u00a0Nous allons rendre nos villes tr\u00e8s, tr\u00e8s s\u00fbres. Chicago, c\u2019est la pagaille (&#8230;) donc ce sera probablement la prochaine\u00a0\u00bb, a d\u00e9clar\u00e9 le pr\u00e9sident des Etats-Unis depuis le Bureau ovale, ajoutant que les forces de l\u2019ordre f\u00e9d\u00e9rales \u00ab\u00a0aideront (ensuite) aussi New York\u00a0\u00bb. Autre ville dirig\u00e9e par le camp d\u00e9mocrate.<\/p>\n<p class=\"asset asset-text\">Comme le rapporte <a href=\"https:\/\/edition.cnn.com\/2025\/08\/22\/politics\/chicago-national-guard-trump-crackdown\" target=\"_blank\" rel=\"noopener nofollow\" title=\"Nouvelle fen\u00eatre\">CNN<\/a>, le pr\u00e9sident am\u00e9ricain a profit\u00e9 de cette prise de parole pour rejeter les sondages montrant que la plupart des habitants de Wahsington d\u00e9sapprouvent le d\u00e9ploiement de troupes f\u00e9d\u00e9rales, les qualifiant de \u00ab\u00a0fake news\u00a0\u00bb. Avec sa casquette \u00ab\u00a0Trump was right about everything\u00a0\u00bb (\u00ab\u00a0Trump avait raison sur tout\u00a0\u00bb) viss\u00e9 sur la t\u00eate, il a \u00e9galement affirm\u00e9 que les habitants de Chicago r\u00e9clamaient une r\u00e9pression similaire des forces de l\u2019ordre.<\/p>\n<p class=\"asset asset-text\">\u00ab\u00a0Elles portent des couvre-chefs rouges, ce sont de belles femmes afro-am\u00e9ricaines qui disent\u00a0: \u201cS\u2019il vous pla\u00eet, Pr\u00e9sident Trump, venez \u00e0 Chicago\u201d\u00a0\u00bb, a assur\u00e9 Donald Trump.<\/p>\n<p>    Les militaires \u00ab\u00a0bient\u00f4t\u00a0\u00bb arm\u00e9s    <\/p>\n<p class=\"asset asset-text\">En marge de cette nouvelle annonce s\u00e9curitaire, un responsable am\u00e9ricain de la D\u00e9fense a pr\u00e9cis\u00e9 que les militaires de la Garde nationale d\u00e9ploy\u00e9s par Donald Trump dans la capitale am\u00e9ricaine porteront \u00ab\u00a0bient\u00f4t\u00a0\u00bb des armes. \u00ab\u00a0Sur ordre du ministre de la D\u00e9fense, les membres de la Garde nationale, en soutien dans la mission de r\u00e9duire le taux de criminalit\u00e9 dans la capitale de notre pays seront bient\u00f4t en mission avec leurs armes de service\u00a0\u00bb, a-t-il gliss\u00e9, sous couvert d\u2019anonymat.<\/p>\n<p class=\"asset asset-text\">En <a href=\"https:\/\/www.huffingtonpost.fr\/international\/video\/trump-en-operation-seduction-aupres-de-militaires-a-washington-plaisante-sur-l-herbe-et-distribue-des-pizzas_253859.html\" rel=\"nofollow noopener\" target=\"_blank\">d\u00e9placement jeudi aupr\u00e8s de militaires d\u00e9ploy\u00e9s \u00e0 Washington<\/a>, Donald Trump leur a confi\u00e9 que son op\u00e9ration de r\u00e9tablissement de l\u2019ordre dans la capitale f\u00e9d\u00e9rale, tr\u00e8s critiqu\u00e9e par l\u2019opposition, allait durer \u00ab\u00a0un certain temps\u00a0\u00bb. Il a \u00e9galement affirm\u00e9 n\u2019avoir \u00ab\u00a0jamais re\u00e7u autant de coups de t\u00e9l\u00e9phone\u00a0\u00bb que pour le remercier de cette initiative s\u00e9curitaire \u00ab\u00a0Ce que nous allons \u00e9galement faire, c\u2019est r\u00e9nover vos parcs. Je suis tr\u00e8s bon pour tout ce qui concerne l\u2019herbe, parce que je poss\u00e8de des complexes de golf un peu partout. J\u2019en sais plus sur l\u2019herbe que n\u2019importe qui\u00a0\u00bb, a-t-il encore dit.<\/p>\n<p>                     \u00ab\u00a0Un miracle\u00a0\u00bb    <\/p>\n<p class=\"asset asset-text\">Donald Trump avait annonc\u00e9 le 11 ao\u00fbt dernier que son gouvernement prenait le contr\u00f4le du maintien de l\u2019ordre dans la capitale f\u00e9d\u00e9rale afin de la \u00ab\u00a0nettoyer\u00a0\u00bb. Ce que la maire d\u00e9mocrate de Washington, Muriel Bowser, avait largement critiqu\u00e9 en r\u00e9futant une flamb\u00e9e de violence, assurant que celle-ci \u00e9tait \u00ab\u00a0\u00e0 son plus bas niveau depuis 30 ans\u00a0\u00bb.<\/p>\n<p class=\"asset asset-text\">Depuis, Donald Trump a tir\u00e9 la couverture vers lui en l\u00e2chant que sa prise de contr\u00f4le f\u00e9d\u00e9rale des forces de police de Washington avait d\u00e9j\u00e0 provoqu\u00e9\u00a0la baisse de la criminalit\u00e9 dans la ville. Il s\u2019est d\u2019ailleurs vant\u00e9 d\u2019un \u00ab\u00a0miracle\u00a0\u00bb apr\u00e8s une semaine sans aucun meurtre, malgr\u00e9 le fait que <a href=\"https:\/\/www.huffingtonpost.fr\/international\/video\/ces-chiffres-sur-l-insecurite-a-washington-montrent-comment-trump-s-arrange-encore-avec-la-realite_253498.html\" rel=\"nofollow noopener\" target=\"_blank\">les statistiques officielles montrent d\u00e9j\u00e0 une baisse de la criminalit\u00e9<\/a> violente dans la ville depuis de nombreux mois.<\/p>\n","protected":false},"excerpt":{"rendered":"ANDREW CABALLERO-REYNOLDS \/ AFP Donald Trump a annonc\u00e9 que Chicago et New York seraient les \u00ab\u00a0prochaines\u00a0\u00bb villes \u00e0&hellip;\n","protected":false},"author":2,"featured_media":337515,"comment_status":"","ping_status":"","sticky":false,"template":"","format":"standard","meta":{"footnotes":""},"categories":[2],"tags":[11,17005,75,73,1011,27,14,415,12,25,2744],"class_list":{"0":"post-337514","1":"post","2":"type-post","3":"status-publish","4":"format-standard","5":"has-post-thumbnail","7":"category-actualites","8":"tag-actualites","9":"tag-chicago","10":"tag-donald-trump","11":"tag-etats-unis","12":"tag-fr","13":"tag-france","14":"tag-international","15":"tag-new-york","16":"tag-news","17":"tag-republique-francaise","18":"tag-washington"},"share_on_mastodon":{"url":"https:\/\/pubeurope.com\/@fr\/115075618192546878","error":""},"_links":{"self":[{"href":"https:\/\/www.europesays.com\/fr\/wp-json\/wp\/v2\/posts\/337514","targetHints":{"allow":["GET"]}}],"collection":[{"href":"https:\/\/www.europesays.com\/fr\/wp-json\/wp\/v2\/posts"}],"about":[{"href":"https:\/\/www.europesays.com\/fr\/wp-json\/wp\/v2\/types\/post"}],"author":[{"embeddable":true,"href":"https:\/\/www.europesays.com\/fr\/wp-json\/wp\/v2\/users\/2"}],"replies":[{"embeddable":true,"href":"https:\/\/www.europesays.com\/fr\/wp-json\/wp\/v2\/comments?post=337514"}],"version-history":[{"count":0,"href":"https:\/\/www.europesays.com\/fr\/wp-json\/wp\/v2\/posts\/337514\/revisions"}],"wp:featuredmedia":[{"embeddable":true,"href":"https:\/\/www.europesays.com\/fr\/wp-json\/wp\/v2\/media\/337515"}],"wp:attachment":[{"href":"https:\/\/www.europesays.com\/fr\/wp-json\/wp\/v2\/media?parent=337514"}],"wp:term":[{"taxonomy":"category","embeddable":true,"href":"https:\/\/www.europesays.com\/fr\/wp-json\/wp\/v2\/categories?post=337514"},{"taxonomy":"post_tag","embeddable":true,"href":"https:\/\/www.europesays.com\/fr\/wp-json\/wp\/v2\/tags?post=337514"}],"curies":[{"name":"wp","href":"https:\/\/api.w.org\/{rel}","templated":true}]}}