{"id":337523,"date":"2025-08-23T02:08:14","date_gmt":"2025-08-23T02:08:14","guid":{"rendered":"https:\/\/www.europesays.com\/fr\/337523\/"},"modified":"2025-08-23T02:08:14","modified_gmt":"2025-08-23T02:08:14","slug":"acosta-tres-chaud-devant-marquez-bagnaia-ira-en-q1","status":"publish","type":"post","link":"https:\/\/www.europesays.com\/fr\/337523\/","title":{"rendered":"Acosta tr\u00e8s chaud devant M\u00e1rquez, Bagnaia ira en Q1"},"content":{"rendered":"<p>Apr\u00e8s le stade de la d\u00e9couverte, place aux premiers instants qui comptent sur le tout nouveau circuit du Balaton Park. Dans l&rsquo;ambiance pour le moins intimiste de ce Grand Prix de Hongrie, l&rsquo;heure \u00e9tait d\u00e9j\u00e0 assurer sa place dans le top 10 pour aller directement en Q2 samedi matin, dans des conditions toujours impeccables avec une vingtaine de degr\u00e9s dans l&rsquo;air.\u00a0<\/p>\n<p>Il n&rsquo;aura fallu qu&rsquo;un petit quart d&rsquo;heure \u00e0 Marc M\u00e1rquez pour s&rsquo;approcher au plus pr\u00e8s de <a href=\"https:\/\/fr.motorsport.com\/motogp\/results\/2025\/gp-de-hongrie-654430\/\" target=\"_self\" rel=\"noopener\">sa marque de la matin\u00e9e<\/a>, bouclant son premier run en 1&rsquo;38&Prime;041 avec le pneu medium. Les premi\u00e8res minutes ont aussi permis de constater le caract\u00e8re atypique de cette piste \u00e9troite et sinueuse, pr\u00e9figurant de possibles difficult\u00e9s \u00e0 d\u00e9passer en course et mettant encore plus l&rsquo;accent sur l&rsquo;importance des qualifications. On a ainsi vu Pedro Acosta s&rsquo;agacer un petit moment derri\u00e8re Marco Bezzecchi.\u00a0<\/p>\n<p>Le milieu de s\u00e9ance, particuli\u00e8rement studieux et calme, a \u00e9t\u00e9 consacr\u00e9 au travail sur les longs relais pour pr\u00e9parer les courses. Puis, en passant des pneus neufs \u00e0 mi-s\u00e9ance, les jeunes du moment ont fait parler la poudre, d&rsquo;abord Pedro Acosta, puis\u00a0Ferm\u00edn Aldeguer, qui a coup\u00e9 la ligne en 1&rsquo;37&Prime;793, effa\u00e7ant pour la premi\u00e8re fois le chrono des EL1. Mais ce diable de Marc\u00a0M\u00e1rquez a repris son bien en 1&rsquo;37&Prime;753&#8230; en pneus us\u00e9s\u00a0!<\/p>\n<p>Acosta \u00e9tait bouillant<br \/>\n   <img decoding=\"async\" draggable=\"false\" src=\"https:\/\/www.europesays.com\/fr\/wp-content\/uploads\/2025\/08\/1755914893_904_marc-marquez-ducati-team.jpg\" alt=\"Marc M\u00e1rquez a \u00e9t\u00e9 solide... mais battu !\" width=\"1200\" height=\"800\" loading=\"lazy\"\/> <\/p>\n<p class=\"title\">Marc M\u00e1rquez a \u00e9t\u00e9 solide&#8230; mais battu !<\/p>\n<p class=\"photographer\">Photo de: Gold and Goose Photography \/ LAT Images \/ via Getty Images<\/p>\n<p>Dans une s\u00e9ance marqu\u00e9e par les \u00e9carts de trajectoire et les passages hors piste (Marco Bezzecchi en a fait une belle d\u00e9monstration de ma\u00eetrise dans les graviers), on s&rsquo;est peu \u00e0 peu dirig\u00e9 vers la phase d\u00e9cisive du time attack, avec en jeu les dix tickets d&rsquo;acc\u00e8s en Q2.\u00a0<\/p>\n<p>Au guidon de sa KTM, Pedro Acosta a \u00e9t\u00e9 le premier \u00e0 frapper fort dans le dernier quart d&rsquo;heure, am\u00e9liorant sa marque coup sur coup pour l&rsquo;abaisser en 1&rsquo;37&Prime;061. L&rsquo;Espagnol a en revanche termin\u00e9 sa derni\u00e8re tentative \u00e0 terre apr\u00e8s une cabriole spectaculaire, tout comme Johann Zarco, ces deux chutes cons\u00e9cutives provoquant des drapeaux jaunes perturbateurs pour les autres pilotes.\u00a0<\/p>\n<p>\u00a0<\/p>\n<p>Marc\u00a0M\u00e1rquez a am\u00e9lior\u00e9 sa marque mais a \u00e9chou\u00e9 \u00e0 six petits milli\u00e8mes de Pedro Acosta, le troisi\u00e8me rang \u00e9tant occup\u00e9 par son fr\u00e8re. Fabio Quartararo, malgr\u00e9 une heure d&rsquo;essais compliqu\u00e9e, a arrach\u00e9 le dixi\u00e8me temps au nez et \u00e0 la barbe de Jorge Mart\u00edn. En revanche, Johann Zarco, 20e et avant-dernier, devra passer par la Q1, tout comme Marco Bezzecchi.\u00a0<\/p>\n<p>D&rsquo;abord g\u00ean\u00e9 par\u00a0\u00c1lex M\u00e1rquez et, dans une moindre mesure, \u00e9galement par Jack Miller, Pecco Bagnaia a d\u00fb s&#8217;employer en toute fin de s\u00e9ance. Alors que l&rsquo;Italien a pris le 13e temps seulement, le condamnant \u00e0 la Q1, la s\u00e9quence pr\u00e9c\u00e9dente, qui a impliqu\u00e9 \u00e9galement\u00a0Pol Espargar\u00f3, a provoqu\u00e9 l&rsquo;ouverture d&rsquo;une enqu\u00eate des commissaires.\u00a0<\/p>\n<p><img decoding=\"async\" class=\"ms-flag-img ms-flag-img_s0\" title=\"Hungary\" src=\"https:\/\/cdn-6.motorsport.com\/static\/img\/cf\/hu-3.svg\" alt=\"Hungary\" width=\"25\" loading=\"lazy\"\/>\u00a0Grand Prix de Hongrie MotoGP &#8211; Essais<\/p>\n<p>Lire aussi :<\/p>\n<\/p>\n<\/p>\n<\/p>\n<p>Dans cet article<\/p>\n<p>Soyez le premier inform\u00e9 et souscrivez aux alertes mails pour recevoir les infos en temps r\u00e9el<\/p>\n<p>    S&rsquo;abonner aux alertes de news<\/p>\n","protected":false},"excerpt":{"rendered":"Apr\u00e8s le stade de la d\u00e9couverte, place aux premiers instants qui comptent sur le tout nouveau circuit du&hellip;\n","protected":false},"author":2,"featured_media":337524,"comment_status":"","ping_status":"","sticky":false,"template":"","format":"standard","meta":{"footnotes":""},"categories":[1413],"tags":[47383,21747,47382,1011,27,21746,1457,1456,1458,60],"class_list":{"0":"post-337523","1":"post","2":"type-post","3":"status-publish","4":"format-standard","5":"has-post-thumbnail","7":"category-moto","8":"tag-bagnaia-ira-en-q1","9":"tag-balaton-park","10":"tag-essais-acosta-tru00e8s-chaud-devant-mu00e1rquez","11":"tag-fr","12":"tag-france","13":"tag-gp-de-hongrie","14":"tag-moto","15":"tag-motocycle","16":"tag-motogp","17":"tag-sports"},"share_on_mastodon":{"url":"https:\/\/pubeurope.com\/@fr\/115075645803307263","error":""},"_links":{"self":[{"href":"https:\/\/www.europesays.com\/fr\/wp-json\/wp\/v2\/posts\/337523","targetHints":{"allow":["GET"]}}],"collection":[{"href":"https:\/\/www.europesays.com\/fr\/wp-json\/wp\/v2\/posts"}],"about":[{"href":"https:\/\/www.europesays.com\/fr\/wp-json\/wp\/v2\/types\/post"}],"author":[{"embeddable":true,"href":"https:\/\/www.europesays.com\/fr\/wp-json\/wp\/v2\/users\/2"}],"replies":[{"embeddable":true,"href":"https:\/\/www.europesays.com\/fr\/wp-json\/wp\/v2\/comments?post=337523"}],"version-history":[{"count":0,"href":"https:\/\/www.europesays.com\/fr\/wp-json\/wp\/v2\/posts\/337523\/revisions"}],"wp:featuredmedia":[{"embeddable":true,"href":"https:\/\/www.europesays.com\/fr\/wp-json\/wp\/v2\/media\/337524"}],"wp:attachment":[{"href":"https:\/\/www.europesays.com\/fr\/wp-json\/wp\/v2\/media?parent=337523"}],"wp:term":[{"taxonomy":"category","embeddable":true,"href":"https:\/\/www.europesays.com\/fr\/wp-json\/wp\/v2\/categories?post=337523"},{"taxonomy":"post_tag","embeddable":true,"href":"https:\/\/www.europesays.com\/fr\/wp-json\/wp\/v2\/tags?post=337523"}],"curies":[{"name":"wp","href":"https:\/\/api.w.org\/{rel}","templated":true}]}}