{"id":337525,"date":"2025-08-23T02:09:14","date_gmt":"2025-08-23T02:09:14","guid":{"rendered":"https:\/\/www.europesays.com\/fr\/337525\/"},"modified":"2025-08-23T02:09:14","modified_gmt":"2025-08-23T02:09:14","slug":"f1-le-film-est-desormais-en-ligne-sur-apple-tv","status":"publish","type":"post","link":"https:\/\/www.europesays.com\/fr\/337525\/","title":{"rendered":"F1 : Le Film est d\u00e9sormais en ligne sur Apple TV!"},"content":{"rendered":"<p class=\"gt-block\">Le film tr\u00e8s attendu F1: The Movie, qui a \u00e9t\u00e9 cr\u00e9\u00e9 sous la supervision de la production Applu, est progressivement publi\u00e9 dans l&rsquo;application \u00e0 partir d&rsquo;aujourd&rsquo;hui Apple TVLes utilisateurs de Cor\u00e9e du Sud et du Japon ont \u00e9t\u00e9 les premiers \u00e0 signaler que le film \u00e9tait disponible \u00e0 l&rsquo;achat ou \u00e0 la location. Dans d&rsquo;autres pays, il n&rsquo;est apparu qu&rsquo;apr\u00e8s minuit, heure locale. Le voici d\u00e9j\u00e0. <a href=\"https:\/\/tv.apple.com\/cz\/movie\/f1-film\/umc.cmc.3t6dvnnr87zwd4wmvpdx5came\" rel=\"nofollow noopener\" target=\"_blank\">\u00e9galement disponible<\/a> et vous paierez 399 CZK pour l&rsquo;achat et 329 CZK pour la location.<\/p>\n<p>Le flux n&rsquo;est pas encore accessible.<\/p>\n<p>Bien que F1: The Movie soit disponible dans la section \u00ab\u00a0Store\u00a0\u00bb de l&rsquo;application Apple TV, n&rsquo;est pas encore apparu sur le menu du service de streaming Apple TV+. On ne sait pas encore tr\u00e8s bien quand et si cela sera inclus dans l&rsquo;abonnement r\u00e9gulier.<\/p>\n<p>Le film est sorti en salles le 27 juin et a connu un \u00e9norme succ\u00e8s, rapportant plus de 500 millions de dollars dans le monde, ce qui en fait le film le plus rentable de tous les temps. AppGr\u00e2ce \u00e0 la r\u00e9ponse positive, une deuxi\u00e8me sortie en salles a eu lieu en ao\u00fbt.<\/p>\n<p>Promotion massive et frustration des utilisateurs<\/p>\n<p>Avant m\u00eame la premi\u00e8re, il a lanc\u00e9 Apple Il a fait la promotion du film sur YouTube, a ajout\u00e9 un guide de circuit de Formule 1 \u00e0 l&rsquo;application Maps et a m\u00eame pr\u00e9sent\u00e9 des publicit\u00e9s dans le portefeuille et\u00a0Apple Sports (non disponible dans notre pays) \u2013 que certains utilisateurs d\u2019iPhone ont critiqu\u00e9 comme \u00e9tant trop invasif.<\/p>\n<p>Est-ce que F1: Le Film appara\u00eetra dans\u00a0Apple TV+ et quand, pour l&rsquo;instant Apple n&rsquo;a pas encore \u00e9t\u00e9 annonc\u00e9. Pour l&rsquo;instant, les personnes int\u00e9ress\u00e9es peuvent l&rsquo;acheter ou le louer via Apple TV dans certains pays.<\/p>\n","protected":false},"excerpt":{"rendered":"Le film tr\u00e8s attendu F1: The Movie, qui a \u00e9t\u00e9 cr\u00e9\u00e9 sous la supervision de la production Applu,&hellip;\n","protected":false},"author":2,"featured_media":337526,"comment_status":"","ping_status":"","sticky":false,"template":"","format":"standard","meta":{"footnotes":""},"categories":[1412],"tags":[1451,1452,1453,1454,1455,1011,27,60],"class_list":{"0":"post-337525","1":"post","2":"type-post","3":"status-publish","4":"format-standard","5":"has-post-thumbnail","7":"category-f1","8":"tag-f1","9":"tag-formula-1","10":"tag-formula1","11":"tag-formule-1","12":"tag-formule1","13":"tag-fr","14":"tag-france","15":"tag-sports"},"share_on_mastodon":{"url":"https:\/\/pubeurope.com\/@fr\/115075649575818380","error":""},"_links":{"self":[{"href":"https:\/\/www.europesays.com\/fr\/wp-json\/wp\/v2\/posts\/337525","targetHints":{"allow":["GET"]}}],"collection":[{"href":"https:\/\/www.europesays.com\/fr\/wp-json\/wp\/v2\/posts"}],"about":[{"href":"https:\/\/www.europesays.com\/fr\/wp-json\/wp\/v2\/types\/post"}],"author":[{"embeddable":true,"href":"https:\/\/www.europesays.com\/fr\/wp-json\/wp\/v2\/users\/2"}],"replies":[{"embeddable":true,"href":"https:\/\/www.europesays.com\/fr\/wp-json\/wp\/v2\/comments?post=337525"}],"version-history":[{"count":0,"href":"https:\/\/www.europesays.com\/fr\/wp-json\/wp\/v2\/posts\/337525\/revisions"}],"wp:featuredmedia":[{"embeddable":true,"href":"https:\/\/www.europesays.com\/fr\/wp-json\/wp\/v2\/media\/337526"}],"wp:attachment":[{"href":"https:\/\/www.europesays.com\/fr\/wp-json\/wp\/v2\/media?parent=337525"}],"wp:term":[{"taxonomy":"category","embeddable":true,"href":"https:\/\/www.europesays.com\/fr\/wp-json\/wp\/v2\/categories?post=337525"},{"taxonomy":"post_tag","embeddable":true,"href":"https:\/\/www.europesays.com\/fr\/wp-json\/wp\/v2\/tags?post=337525"}],"curies":[{"name":"wp","href":"https:\/\/api.w.org\/{rel}","templated":true}]}}