{"id":337527,"date":"2025-08-23T02:10:11","date_gmt":"2025-08-23T02:10:11","guid":{"rendered":"https:\/\/www.europesays.com\/fr\/337527\/"},"modified":"2025-08-23T02:10:11","modified_gmt":"2025-08-23T02:10:11","slug":"johan-jacobs-encore-offensif-valentin-madouas-reste-dans-le-match","status":"publish","type":"post","link":"https:\/\/www.europesays.com\/fr\/337527\/","title":{"rendered":"Johan Jacobs encore offensif, Valentin Madouas reste dans le match"},"content":{"rendered":"<p class=\"has-blue-light-color has-text-color has-link-color wp-elements-8ae8478c4692a5cd2233cc4d48937843\"><strong>L\u2019\u00e9tape reine du Renewi Tour a rendu son verdict ce vendredi sur les pentes pav\u00e9es du Mur de Grammont. Alors que Johan Jacobs a encore fait tr\u00e8s belle impression dans l\u2019\u00e9chapp\u00e9e du jour, Mathieu van der Poel a remport\u00e9 la bataille entre les favoris tandis que Valentin Madouas s\u2019est arrach\u00e9 pour terminer \u00e0 l\u2019avant du \u00ab peloton \u00bb, en 18e position. L\u2019ancien champion de France fait ainsi son apparition dans le top 10 du g\u00e9n\u00e9ral (9e) avant un week-end tout aussi crucial.<\/strong><\/p>\n<p>Comme un go\u00fbt de Classiques printani\u00e8res en plein \u00e9t\u00e9. Ce vendredi, le Renewi Tour proposait sa traditionnelle \u00e9tape \u00ab Flandrienne \u00bb entre Aalter et la commune de Grammont, dont le \u00ab Mur \u00bb \u00e9tait \u00e0 franchir dans sa totalit\u00e9 \u00e0 deux reprises, tandis que l\u2019arriv\u00e9e \u00e9tait trac\u00e9e peu avant la mi-pente. Une petite dizaine de difficult\u00e9s suppl\u00e9mentaires venaient agr\u00e9menter le parcours du jour, dont les non moins connus Berg ten Houte et Bosberg. En revanche, les soixante-dix premiers kilom\u00e8tres tout plats ont permis le d\u00e9veloppement d\u2019une \u00e9chapp\u00e9e comprenant Johan Jacobs, moins d\u2019une semaine apr\u00e8s son num\u00e9ro sur l\u2019ADAC Cyclassics \u00e0 Hambourg. \u00ab On savait que l\u2019\u00e9chapp\u00e9e pouvait avoir un coup d\u2019avance avant les monts, on voulait en profiter, et ce qu\u2019a super bien fait Johan \u00bb, confirmait Thierry Bricaud. En t\u00eate, le Suisse s\u2019est vu accompagn\u00e9 par dix autres coureurs, et a pu b\u00e9n\u00e9ficier d\u2019une avance maximale d\u2019environ quatre minutes. Toutefois, la course s\u2019est tr\u00e8s vite d\u00e9cant\u00e9e dans le peloton, puisqu\u2019apr\u00e8s environ 80 kilom\u00e8tres, Mathieu van der Poel a lanc\u00e9 les hostilit\u00e9s et le rythme n\u2019a d\u00e8s lors plus faibli.<\/p>\n<p><strong>\u00ab On n\u2019est pas imp\u00e9rial, mais on est toujours en vie \u00bb,<\/strong><strong> Thierry Bricaud<\/strong><\/p>\n<p>\u00c0 la suite d\u2019une poursuite effr\u00e9n\u00e9e, le N\u00e9erlandais a \u00e9t\u00e9 repris au moment d\u2019entamer la premi\u00e8re mont\u00e9e du Mur de Grammont, mais le peloton a vol\u00e9 en \u00e9clats dans la foul\u00e9e et une petite dizaine d\u2019hommes est parvenue \u00e0 s\u2019extirper. \u00ab On savait que la course allait se d\u00e9clencher dans ce premier passage, disait Thierry. On l\u2019a abord\u00e9 un peu loin et on a gard\u00e9 ce coup de retard jusqu\u2019au final. C\u2019est dommage. Il a peut-\u00eatre manqu\u00e9 un petit quelque chose en termes d\u2019investissement et de prise de risques, m\u00eame si tout le monde avait \u00e9videmment la m\u00eame id\u00e9e \u00e0 ce moment-l\u00e0 \u00bb. Alors que le premier groupe de favoris a rejoint l\u2019\u00e9chapp\u00e9e comprenant Johan Jacobs \u00e0 cinquante kilom\u00e8tres du terme, Valentin Madouas s\u2019est lui retrouv\u00e9 avec Lewis Askey \u2013 puis Paul Penho\u00ebt \u2013 dans un petit peloton de chasse, longtemps point\u00e9 \u00e0 une vingtaine de secondes de Mathieu van der Poel &amp; co. Peu avant la deuxi\u00e8me ascension du Mur de Grammont, situ\u00e9 \u00e0 environ trente-cinq kilom\u00e8tres de l\u2019arriv\u00e9e, l\u2019\u00e9cart s\u2019est pourtant r\u00e9duit \u00e0 tout juste dix secondes. \u00ab C\u2019est revenu tout pr\u00e8s, mais ils \u00e9taient vraiment en prise derri\u00e8re, c\u2019\u00e9tait difficile \u00bb, confiait Thierry.<\/p>\n<p>Alors, quand les favoris en ont remis une couche dans le \u00ab Muur \u00bb, la d\u00e9cision s\u2019est faite de mani\u00e8re d\u00e9finitive. Mathieu van der Poel, Arnaud De Lie et Tim Wellens se sont isol\u00e9s \u00e0 l\u2019avant, tandis que Johan Jacobs, issu de l\u2019\u00e9chapp\u00e9e, a trouv\u00e9 les ressources pour basculer au sein d\u2019un deuxi\u00e8me groupe de poursuite. Le trio de t\u00eate n\u2019a jamais \u00e9t\u00e9 repris, mais le Suisse de la Groupama-FDJ, malgr\u00e9 une belle r\u00e9sistance jusque dans les dix derniers kilom\u00e8tres, n\u2019a pu contenir le retour d\u2019un peloton organis\u00e9 dans le final. \u00c0 Grammont, Van der Poel l\u2019a emport\u00e9, pendant que Valentin Madouas s\u2019arrachait quarante-deux secondes plus tard pour ne pas subir de cassures sur la ligne d\u2019arriv\u00e9e, franchie en dix-huiti\u00e8me position. Le Breton a \u00e9t\u00e9 r\u00e9compens\u00e9 de ses efforts en faisant son entr\u00e9e dans le top-10 du g\u00e9n\u00e9ral (9e). \u00ab \u00c0 l\u2019image des deux premiers jours, on n\u2019est pas imp\u00e9rial, mais on est toujours en vie, concluait Thierry. Il reste deux \u00e9tapes qui ne sont pas simples. Il va y avoir une bagarre pour le g\u00e9n\u00e9ral et il reste des secondes \u00e0 aller chercher. La course n\u2019est pas termin\u00e9e \u00bb.<\/p>\n","protected":false},"excerpt":{"rendered":"L\u2019\u00e9tape reine du Renewi Tour a rendu son verdict ce vendredi sur les pentes pav\u00e9es du Mur de&hellip;\n","protected":false},"author":2,"featured_media":337528,"comment_status":"","ping_status":"","sticky":false,"template":"","format":"standard","meta":{"footnotes":""},"categories":[1411],"tags":[1154,207,1011,27,60],"class_list":{"0":"post-337527","1":"post","2":"type-post","3":"status-publish","4":"format-standard","5":"has-post-thumbnail","7":"category-cyclisme","8":"tag-cycling","9":"tag-cyclisme","10":"tag-fr","11":"tag-france","12":"tag-sports"},"share_on_mastodon":{"url":"https:\/\/pubeurope.com\/@fr\/115075653543374630","error":""},"_links":{"self":[{"href":"https:\/\/www.europesays.com\/fr\/wp-json\/wp\/v2\/posts\/337527","targetHints":{"allow":["GET"]}}],"collection":[{"href":"https:\/\/www.europesays.com\/fr\/wp-json\/wp\/v2\/posts"}],"about":[{"href":"https:\/\/www.europesays.com\/fr\/wp-json\/wp\/v2\/types\/post"}],"author":[{"embeddable":true,"href":"https:\/\/www.europesays.com\/fr\/wp-json\/wp\/v2\/users\/2"}],"replies":[{"embeddable":true,"href":"https:\/\/www.europesays.com\/fr\/wp-json\/wp\/v2\/comments?post=337527"}],"version-history":[{"count":0,"href":"https:\/\/www.europesays.com\/fr\/wp-json\/wp\/v2\/posts\/337527\/revisions"}],"wp:featuredmedia":[{"embeddable":true,"href":"https:\/\/www.europesays.com\/fr\/wp-json\/wp\/v2\/media\/337528"}],"wp:attachment":[{"href":"https:\/\/www.europesays.com\/fr\/wp-json\/wp\/v2\/media?parent=337527"}],"wp:term":[{"taxonomy":"category","embeddable":true,"href":"https:\/\/www.europesays.com\/fr\/wp-json\/wp\/v2\/categories?post=337527"},{"taxonomy":"post_tag","embeddable":true,"href":"https:\/\/www.europesays.com\/fr\/wp-json\/wp\/v2\/tags?post=337527"}],"curies":[{"name":"wp","href":"https:\/\/api.w.org\/{rel}","templated":true}]}}