{"id":337531,"date":"2025-08-23T02:12:13","date_gmt":"2025-08-23T02:12:13","guid":{"rendered":"https:\/\/www.europesays.com\/fr\/337531\/"},"modified":"2025-08-23T02:12:13","modified_gmt":"2025-08-23T02:12:13","slug":"elsa-zylberstein-en-a-t-elle-trop-dit-elle-devoile-ladresse-exacte-ou-la-croiser-2-fois-par-semaine-un-endroit-a-labri-des-regards","status":"publish","type":"post","link":"https:\/\/www.europesays.com\/fr\/337531\/","title":{"rendered":"Elsa Zylberstein en a-t-elle trop dit ? Elle d\u00e9voile l&rsquo;adresse exacte o\u00f9 la croiser 2 fois par semaine, un endroit \u00e0 l&rsquo;abri des regards"},"content":{"rendered":"<p>            <img loading=\"lazy\" decoding=\"async\" src=\"https:\/\/www.europesays.com\/fr\/wp-content\/uploads\/2025\/04\/144-64f8c016610ee-35x35-1.jpg\" class=\"author-article-picture\" width=\"35\" height=\"35\"\/><\/p>\n<p>                Par<br \/>\n                                    <a class=\"author-article-bio-link\" href=\"https:\/\/www.purepeople.com\/auteur\/louise-martin_a144\" rel=\"nofollow noopener\" target=\"_blank\">Louise Martin<\/a><br \/>\n                                                    | R\u00e9dactrice<\/p>\n<p>\n                Koh Lanta, Les Marseillais mais aussi Mari\u00e9s au Premier regards\u2026 Louise Martin est une t\u00e9l\u00e9vore qui essaye, \u00e0 ses heures perdues, de refaire les g\u00e2teaux qu\u2019elle admire devant le Meilleur P\u00e2tissier\u2026 mais elle ne risque pas de gagner le tablier bleu ! Les r\u00e9seaux sociaux n\u2019ont pas de secret pour elle, les derniers scoops, les derni\u00e8res \u00e9missions, elle les conna\u00eet tous.\n            <\/p>\n<p>\n    Figure embl\u00e9matique du cin\u00e9ma fran\u00e7ais depuis d\u00e9j\u00e0 de nombreuses ann\u00e9es, Elsa Zylberstein est passionn\u00e9e par les salons de th\u00e9, notamment pour leur ambiance intimiste assez unique. Dans un article r\u00e9dig\u00e9 par ses soins pour le compte du \u00ab\u00a0Parisien\u00a0\u00bb, celle qui a pr\u00eat\u00e9 ses traits \u00e0 l&rsquo;iconique Simone Veil sur grand \u00e9cran a d\u00e9voil\u00e9 ses lieux favoris situ\u00e9s \u00e0 Paris.\n<\/p>\n<p>                            <img loading=\"lazy\" decoding=\"async\" class=\"player-thumbnail\" src=\"https:\/\/www.europesays.com\/fr\/wp-content\/uploads\/2025\/08\/ecb90ccb52dd0d8b-580x326-1.jpg\" width=\"580\" height=\"326\"\/><\/p>\n<p>                    Elsa Zylberstein en a-t-elle trop dit ? Elle d\u00e9voile l&rsquo;adresse exacte o\u00f9 la croiser 2 fois par semaine, un endroit \u00e0 l&rsquo;abri des regards<\/p>\n<p>La suite apr\u00e8s la publicit\u00e9<\/p>\n<p><a href=\"https:\/\/www.purepeople.com\/article\/elsa-zylberstein-sa-transformation-physique-importante-pour-devenir-simone-veil_a473197\/1\" rel=\"nofollow noopener\" target=\"_blank\"><strong>T\u00eate d&rsquo;affiche<\/strong><\/a><strong> incontournable du cin\u00e9ma fran\u00e7ais<\/strong>, <a href=\"https:\/\/www.purepeople.com\/people\/elsa-zylberstein_p262\" rel=\"nofollow noopener\" target=\"_blank\">Elsa Zylberstein<\/a> a jou\u00e9 dans <a href=\"https:\/\/www.purepeople.com\/article\/elsa-zylberstein-meconnaissable-en-simone-veil-premiere-photo-du-biopic_a435808\/1\" rel=\"nofollow noopener\" target=\"_blank\">une grande vari\u00e9t\u00e9s de long-m\u00e9trages<\/a> au cours de sa carri\u00e8re. Vendredi 22 ao\u00fbt 2025, elle sera dans la com\u00e9die baptis\u00e9e Veuillez nous excuser pour la g\u00eane occasionn\u00e9e, qui sera diffus\u00e9e \u00e0 partir de 21h25 sur l&rsquo;antenne de TMC. Ce film met en sc\u00e8ne le personnage de S\u00e9bastien, contr\u00f4leur des transports professionnel pour une compagnie ferroviaire, qui r\u00eave d&rsquo;\u00eatre mut\u00e9 dans le sud de la France. Pour valider sa mutation, il doit effectuer un dernier trajet sous la supervision de Madeleine, incarn\u00e9e \u00e0 l&rsquo;\u00e9cran par Elsa Zylberstein, <strong>une inspectrice qui ne va pas le l\u00e2cher.<\/strong> C&rsquo;est l\u00e0 que tout d\u00e9raille. Entre un conducteur de train qui pense conduire un avion de chasse, un coll\u00e8gue tr\u00e8s jaloux et des passagers tous plus dingues les uns que les autres, ce qui devait \u00eatre une formalit\u00e9 va devenir le pire voyage de sa vie.<\/p>\n<p>Il y a quasiment un an, Elsa Zylberstein s&rsquo;\u00e9tait empar\u00e9e de sa plume afin de r\u00e9diger un article pour le compte du Parisien. Au sein de papier, la com\u00e9dienne a <strong>d\u00e9voil\u00e9 quelqu&rsquo;un de ses endroits pr\u00e9f\u00e9r\u00e9es \u00e0 Paris<\/strong>. Comme par exemple, l&rsquo;\u00e9tablissement baptis\u00e9 Les Deux Abeilles, qui est situ\u00e9 rue de l\u2019Universit\u00e9 dans le VIIe arrondissement de la capitale fran\u00e7aise. \u00ab\u00a0J\u2019ai une vraie passion pour les salons de th\u00e9 depuis longtemps. Peut-\u00eatre est-ce ma part d\u2019enfance\u2026 Un lien presque \u00e9motionnel avec celui-ci, que j\u2019ai d\u00e9couvert il y a des ann\u00e9es\u00a0\u00bb, a premi\u00e8rement r\u00e9v\u00e9l\u00e9 l&rsquo;actrice, avant d&rsquo;en \u00e9crire d&rsquo;avantage sur Les Deux Abeilles. \u00ab\u00a0Tr\u00e8s vite, c\u2019est devenu un repaire o\u00f9 je venais d\u00e9jeuner avec <a href=\"https:\/\/www.purepeople.com\/article\/elsa-zylberstein-a-affronte-la-mort-de-sa-mere-en-plein-tournage-le-pire-moment-de-ma-vie_a472438\/1\" rel=\"nofollow noopener\" target=\"_blank\">mes parents<\/a> tr\u00e8s r\u00e9guli\u00e8rement. <strong>J\u2019aime y venir au moins deux fois par semaine, quand je ne tourne pas<\/strong>\u00ab\u00a0, a ainsi soulign\u00e9 Elsa Zylberstein.<\/p>\n<p>Elsa Zylberstein poss\u00e8de une \u00ab\u00a0relation privil\u00e9gi\u00e9e\u00a0\u00bb avec les propri\u00e9taires du salon de th\u00e9 Les Deux Abeilles \u00e0 Paris<\/p>\n<p>\u00ab\u00a0C\u2019est un peu une madeleine de Proust, teint\u00e9e de souvenirs et d\u2019\u00e9motions, un endroit o\u00f9 les murs ont une m\u00e9moire. J\u2019aime me r\u00e9fugier dans ce boudoir anglais, \u00e9l\u00e9gant et d\u00e9suet, et d\u00e9guster une de leurs tartes sal\u00e9es ou sucr\u00e9es, me souvenir et savourer ce lieu, charg\u00e9 de sens pour moi. <strong>Il me rassure. Il est familial.<\/strong> Et j\u2019ai une relation privil\u00e9gi\u00e9e avec la m\u00e8re et la fille, qui sont les propri\u00e9taires. On a vraiment l\u2019impression qu\u2019on va d\u00e9jeuner chez des amis\u00a0\u00bb, a ensuite ajout\u00e9 l&rsquo;actrice. \u00ab\u00a0Son c\u00f4t\u00e9 old school et sa d\u00e9coration \u00e0 l\u2019anglaise rendent ce petit lieu intimiste, rassurant et cosy. La carte est attirante et gourmande, et tout est fait maison. Il est difficile de r\u00e9sister \u00e0 leurs g\u00e2teaux merveilleux. <strong>C\u2019est un endroit toujours plein et tr\u00e8s pris\u00e9,<\/strong> mais il reste une sorte de sanctuaire \u00e0 l\u2019abri des regards\u00a0\u00bb, a finalement conclu Elsa Zylberstein.<\/p>\n","protected":false},"excerpt":{"rendered":"Par Louise Martin | R\u00e9dactrice Koh Lanta, Les Marseillais mais aussi Mari\u00e9s au Premier regards\u2026 Louise Martin est&hellip;\n","protected":false},"author":2,"featured_media":337532,"comment_status":"","ping_status":"","sticky":false,"template":"","format":"standard","meta":{"footnotes":""},"categories":[1359],"tags":[58,59,1011,27,973],"class_list":{"0":"post-337531","1":"post","2":"type-post","3":"status-publish","4":"format-standard","5":"has-post-thumbnail","7":"category-people","8":"tag-divertissement","9":"tag-entertainment","10":"tag-fr","11":"tag-france","12":"tag-people"},"share_on_mastodon":{"url":"https:\/\/pubeurope.com\/@fr\/115075661497581737","error":""},"_links":{"self":[{"href":"https:\/\/www.europesays.com\/fr\/wp-json\/wp\/v2\/posts\/337531","targetHints":{"allow":["GET"]}}],"collection":[{"href":"https:\/\/www.europesays.com\/fr\/wp-json\/wp\/v2\/posts"}],"about":[{"href":"https:\/\/www.europesays.com\/fr\/wp-json\/wp\/v2\/types\/post"}],"author":[{"embeddable":true,"href":"https:\/\/www.europesays.com\/fr\/wp-json\/wp\/v2\/users\/2"}],"replies":[{"embeddable":true,"href":"https:\/\/www.europesays.com\/fr\/wp-json\/wp\/v2\/comments?post=337531"}],"version-history":[{"count":0,"href":"https:\/\/www.europesays.com\/fr\/wp-json\/wp\/v2\/posts\/337531\/revisions"}],"wp:featuredmedia":[{"embeddable":true,"href":"https:\/\/www.europesays.com\/fr\/wp-json\/wp\/v2\/media\/337532"}],"wp:attachment":[{"href":"https:\/\/www.europesays.com\/fr\/wp-json\/wp\/v2\/media?parent=337531"}],"wp:term":[{"taxonomy":"category","embeddable":true,"href":"https:\/\/www.europesays.com\/fr\/wp-json\/wp\/v2\/categories?post=337531"},{"taxonomy":"post_tag","embeddable":true,"href":"https:\/\/www.europesays.com\/fr\/wp-json\/wp\/v2\/tags?post=337531"}],"curies":[{"name":"wp","href":"https:\/\/api.w.org\/{rel}","templated":true}]}}