{"id":337539,"date":"2025-08-23T02:16:11","date_gmt":"2025-08-23T02:16:11","guid":{"rendered":"https:\/\/www.europesays.com\/fr\/337539\/"},"modified":"2025-08-23T02:16:11","modified_gmt":"2025-08-23T02:16:11","slug":"gerard-lenorman-michel-delpech-et-le-risque-du-grand-effacement","status":"publish","type":"post","link":"https:\/\/www.europesays.com\/fr\/337539\/","title":{"rendered":"G\u00e9rard Lenorman, Michel Delpech et le risque du grand effacement"},"content":{"rendered":"<p>LE MATCH DES TUBES (35 \/ 40) &#8211; Les deux artistes tr\u00e8s populaires dans les ann\u00e9es 1970 vont anticiper ce qui va leur arriver\u00a0: leur disparition du haut de l\u2019affiche.<\/p>\n<p>Les artistes sont de grands inquiets. Une carri\u00e8re marqu\u00e9e par des hauts et des bas, o\u00f9 chaque nouvelle \u0153uvre est un coup de poker et peut-\u00eatre la derni\u00e8re. Aux succ\u00e8s succ\u00e8dent les \u00e9checs, aux retours tonitruants pr\u00e9c\u00e8dent les longues travers\u00e9es du d\u00e9sert. Les chanteurs \u00e9vitent d\u2019\u00e9voquer ces moments de doute, mani\u00e8re de ne pas se porter la poisse. Comme dit le sketch, <a href=\"https:\/\/www.parismatch.com\/culture\/musique\/gerard-lenorman-a-80-ans-pourquoi-il-nest-pas-que-le-chanteur-de-la-ballade-des-gens-heureux-247021\" rel=\"nofollow noopener\" target=\"_blank\">G\u00e9rard Lenorman<\/a> et Michel Delpech \u00ab\u00a0ont essay\u00e9, ils ont eu des probl\u00e8mes\u00a0\u00bb. Notre 35e duel oppose \u00ab\u00a0Quand une foule crie bravo\u00a0\u00bb et \u00ab\u00a0Quand j\u2019\u00e9tais chanteur\u00a0\u00bb. Deux titres tr\u00e8s \u00e9mouvants.<\/p>\n<p>En 1974, G\u00e9rard Lenorman est un jeune saltimbanque\u00a0: il en a le look, de grands cheveux bruns boucl\u00e9s, et le romantisme. Ses premiers tubes claquent et connaissent un succ\u00e8s important. Dans son album \u00ab\u00a0Quelque chose et moi\u00a0\u00bb o\u00f9 se trouvent la chanson-titre, \u00ab\u00a0Soldats ne tirez pas\u00a0\u00bb ou \u00ab\u00a0Si tu ne me laisses pas tomber\u00a0\u00bb, se niche aussi un titre d\u2019anticipation. \u00ab\u00a0Quand une foule crie bravo\u00a0\u00bb est une supplique d\u2019un artiste d\u00e9couvrant que le public l\u2019a remplac\u00e9. \u00ab\u00a0Quand une foule crie bravo. Quand elle scande comme folle, le nom de sa nouvelle idole, j\u2019ai mal, oh oui j\u2019ai mal.\u00a0\u00bb Lenorman livre toute l\u2019\u00e9motion dont il est capable pour crier son mal-\u00eatre. Comment avoir \u00e9t\u00e9 une immense star et ne plus \u00eatre grand-chose, sinon un souvenir. \u00ab\u00a0Quand elle se l\u00e8ve et se d\u00e9cha\u00eene, je me revois sur cette sc\u00e8ne.\u00a0\u00bb Et r\u00eave de revanche\u00a0: \u00ab\u00a0Ma vie moi, c\u2019est la sc\u00e8ne. Crier \u00e0 ceux que j\u2019aime, je reviens.\u00a0\u00bb Cette complainte path\u00e9tique se termine par les r\u00e9p\u00e9titions de l\u2019expression \u00ab\u00a0Quand une foule crie bravo\u00a0\u00bb, hurl\u00e9e au milieu des applaudissements. La m\u00e9lodie de Christian Gaubert s\u2019emballe, les cuivres et les ch\u0153urs appuyant sur le d\u00e9sespoir de l\u2019artiste. En 1974, G\u00e9rard Lenorman a 29\u00a0ans. Huit ans plus tard, il signe son ultime succ\u00e8s, \u00ab\u00a0La petite valse\u00a0\u00bb. Il dispara\u00eet des affiches se contentant de quelques apparitions t\u00e9l\u00e9vis\u00e9es. Comme ce soir chez Patrick S\u00e9bastien o\u00f9 le sexag\u00e9naire est dans le public et se met \u00e0 chanter cet hymne contre l\u2019oubli. Bouleversant.<\/p>\n<p>    La suite apr\u00e8s cette publicit\u00e9<\/p>\n<p>La d\u00e9pression de Delpech<\/p>\n<p>En 1975, \u00e0 29\u00a0ans, Michel Delpech, l\u2019usine \u00e0 tubes, s\u2019imagine \u00e0 73\u00a0ans. La musique retentit et tout de suite, on est dans le th\u00e8me. \u00ab\u00a0J\u2019ai mon rhumatisme qui devient g\u00eanant\u00a0\u00bb. La ritournelle ent\u00eatante se lance. Delpech se souvient de ses ann\u00e9es fastes. Les fans l\u2019adoraient, les femmes l\u2019aimaient. La police l\u2019excusait. L\u2019argent s\u2019accumulait. La vie d\u00e9filait. Tout cela est termin\u00e9. \u00ab\u00a0Ma pauvre C\u00e9cile, j\u2019ai soixante-treize ans. J\u2019ai appris que Mick Jagger est mort derni\u00e8rement. J\u2019ai f\u00eat\u00e9 les adieux de Sylvie Vartan.\u00a0\u00bb La voix envo\u00fbtante de Delpech nous embarque. La derni\u00e8re partie r\u00e9v\u00e8le la nostalgie du chanteur. \u00ab\u00a0Pour moi, il y a longtemps qu\u2019c\u2019est fini. J\u2019comprends plus grand\u2019chose aujourd\u2019hui mais j\u2019entends quand m\u00eame des choses que j\u2019aime et \u00e7a distrait ma vie.\u00a0\u00bb Delpech se r\u00e9v\u00e8le \u00e0 son meilleur\u00a0: une sayn\u00e8te musicale, brillamment interpr\u00e9t\u00e9e avec beaucoup d\u2019autod\u00e9rision. Sauf que la d\u00e9pression et la maladie le rattrapent. <a href=\"https:\/\/www.parismatch.com\/Culture\/Musique\/Michel-Delpech-nous-a-quittes-889947\" rel=\"nofollow noopener\" target=\"_blank\">Michel Delpech meurt en 2015 \u00e0 l\u2019\u00e2ge de 69\u00a0ans.<\/a> Il n\u2019aura jamais connu les adieux de Sylvie Vartan.<\/p>\n<p>    La suite apr\u00e8s cette publicit\u00e9<\/p>\n<p>Voil\u00e0 un match tr\u00e8s compliqu\u00e9 \u00e0 arbitrer. Les deux artistes ont v\u00e9cu a posteriori ce qu\u2019ils ont chant\u00e9 avec une authenticit\u00e9 et une sinc\u00e9rit\u00e9 troublantes. Si la chanson de Michel Delpech a su passer les ann\u00e9es gr\u00e2ce aux reprises (Vianney ou Depardieu dans le film \u00e9ponyme), celle de G\u00e9rard Lenorman est un petit bijou qui m\u00e9rite d\u2019\u00eatre (r\u00e9) \u00e9cout\u00e9e. Mais que ces deux monuments de la vari\u00e9t\u00e9 se rassurent\u00a0: on continuera \u00e0 les aimer.<\/p>\n","protected":false},"excerpt":{"rendered":"LE MATCH DES TUBES (35 \/ 40) &#8211; Les deux artistes tr\u00e8s populaires dans les ann\u00e9es 1970 vont&hellip;\n","protected":false},"author":2,"featured_media":337540,"comment_status":"","ping_status":"","sticky":false,"template":"","format":"standard","meta":{"footnotes":""},"categories":[1355],"tags":[58,59,1011,27,1361,873],"class_list":{"0":"post-337539","1":"post","2":"type-post","3":"status-publish","4":"format-standard","5":"has-post-thumbnail","7":"category-musique","8":"tag-divertissement","9":"tag-entertainment","10":"tag-fr","11":"tag-france","12":"tag-music","13":"tag-musique"},"share_on_mastodon":{"url":"https:\/\/pubeurope.com\/@fr\/115075678488321127","error":""},"_links":{"self":[{"href":"https:\/\/www.europesays.com\/fr\/wp-json\/wp\/v2\/posts\/337539","targetHints":{"allow":["GET"]}}],"collection":[{"href":"https:\/\/www.europesays.com\/fr\/wp-json\/wp\/v2\/posts"}],"about":[{"href":"https:\/\/www.europesays.com\/fr\/wp-json\/wp\/v2\/types\/post"}],"author":[{"embeddable":true,"href":"https:\/\/www.europesays.com\/fr\/wp-json\/wp\/v2\/users\/2"}],"replies":[{"embeddable":true,"href":"https:\/\/www.europesays.com\/fr\/wp-json\/wp\/v2\/comments?post=337539"}],"version-history":[{"count":0,"href":"https:\/\/www.europesays.com\/fr\/wp-json\/wp\/v2\/posts\/337539\/revisions"}],"wp:featuredmedia":[{"embeddable":true,"href":"https:\/\/www.europesays.com\/fr\/wp-json\/wp\/v2\/media\/337540"}],"wp:attachment":[{"href":"https:\/\/www.europesays.com\/fr\/wp-json\/wp\/v2\/media?parent=337539"}],"wp:term":[{"taxonomy":"category","embeddable":true,"href":"https:\/\/www.europesays.com\/fr\/wp-json\/wp\/v2\/categories?post=337539"},{"taxonomy":"post_tag","embeddable":true,"href":"https:\/\/www.europesays.com\/fr\/wp-json\/wp\/v2\/tags?post=337539"}],"curies":[{"name":"wp","href":"https:\/\/api.w.org\/{rel}","templated":true}]}}