{"id":337543,"date":"2025-08-23T02:18:12","date_gmt":"2025-08-23T02:18:12","guid":{"rendered":"https:\/\/www.europesays.com\/fr\/337543\/"},"modified":"2025-08-23T02:18:12","modified_gmt":"2025-08-23T02:18:12","slug":"cet-aliment-du-petit-dejeuner-dont-il-faut-se-mefier","status":"publish","type":"post","link":"https:\/\/www.europesays.com\/fr\/337543\/","title":{"rendered":"cet aliment du petit-d\u00e9jeuner dont il faut se m\u00e9fier"},"content":{"rendered":"<p>Principalement \u00e0 cause du marketing, il y a des aliments que l\u2019on per\u00e7oit comme sains jusqu\u2019\u00e0 ce qu\u2019on r\u00e9alise qu\u2019ils le sont en fait beaucoup moins. C\u2019est le cas par exemple d\u2019un incontournable du petit-d\u00e9jeuner pour beaucoup qui aiment en ajouter sur leurs yaourts ou dans leurs bols de lait. Au risque de vous d\u00e9cevoir ou de vous surprendre, nous sommes dans le regret de vous annoncer que le granola est bien moins healthy qu\u2019il n\u2019y para\u00eet. Si avec son m\u00e9lange de flocons d&rsquo;avoine, de noix, de graines et de fruits secs, il semble \u00eatre le choix id\u00e9al pour commencer la journ\u00e9e, derri\u00e8re cette apparence d\u2019aliment-sant\u00e9 se cache une r\u00e9alit\u00e9 moins reluisante : le granola peut en r\u00e9alit\u00e9 \u00eatre une v\u00e9ritable bombe calorique.<\/p>\n<p>Pourquoi faut-il se m\u00e9fier du granola ?<\/p>\n<p>L&rsquo;un des principaux probl\u00e8mes du granola est son apport calorique \u00e9lev\u00e9. En raison de sa composition riche en ingr\u00e9dients \u00e9nerg\u00e9tiques, une portion standard de granola peut en effet contenir autant de calories qu&rsquo;un paquet de chips. Les chiffres parlent d\u2019eux-m\u00eames : 100g de granola c\u2019est l\u2019\u00e9quivalent d\u2019environ <strong>450 \u00e0 500 calories<\/strong>, quand un sachet de chips de 100g en contient entre<strong> 500 et 550<\/strong>. Maintenant, si on s\u2019int\u00e9resse \u00e0 une portion standard qui tourne autour de 30g, comptez <strong>135 \u00e0 150 calories<\/strong> pour le granola et <strong>150 \u00e0 165 calories<\/strong> pour les chips. Cette densit\u00e9 calorique est principalement due aux huiles, sucres et sirops souvent ajout\u00e9s pour donner au granola (&#8230;)<\/p>\n<p><a data-i13n=\"cpos:1;pos:1\" href=\"https:\/\/www.grazia.fr\/beaute\/forme-minceur\/plus-calorique-quun-paquet-de-chips-cet-aliment-du-petit-dejeuner-dont-il-faut-se-mefier-1099549.html?utm_campaign=partenariat&amp;utm_source=yahoo-articles&amp;utm_medium=flux\" rel=\"nofollow noopener\" target=\"_blank\" data-ylk=\"slk:Lire la suite sur Grazia;cpos:1;pos:1;elm:context_link;itc:0;sec:content-canvas\" class=\"link \">Lire la suite sur Grazia<\/a><\/p>\n<p><a data-i13n=\"cpos:2;pos:1\" href=\"https:\/\/www.grazia.fr\/mode\/chaussure\/exit-les-samba-trop-vues-cette-rentree-2025-toutes-les-modeuses-sarrachent-cette-basket-ultra-confortable-1181132.html?utm_campaign=partenariat&amp;utm_source=yahoo-articles&amp;utm_medium=flux\" rel=\"nofollow noopener\" target=\"_blank\" data-ylk=\"slk:Exit les Samba trop vues, cette rentr\u00e9e 2025, toutes les modeuses s\u2019arrachent cette basket ultra-confortable;cpos:2;pos:1;elm:context_link;itc:0;sec:content-canvas\" class=\"link \">Exit les Samba trop vues, cette rentr\u00e9e 2025, toutes les modeuses s\u2019arrachent cette basket ultra-confortable<\/a><br \/><a data-i13n=\"cpos:3;pos:1\" href=\"https:\/\/www.grazia.fr\/mode\/ce-qui-me-fait-ch-dans-la-mode-cristina-cordula-balance-sur-cette-faute-de-style-qui-lenerve-au-plus-haut-point-1180833.html?utm_campaign=partenariat&amp;utm_source=yahoo-articles&amp;utm_medium=flux\" rel=\"nofollow noopener\" target=\"_blank\" data-ylk=\"slk:&quot;Ce qui me fait ch*** dans la mode&quot; : Cristina Cordula balance sur cette faute de style qui l&#039;\u00e9nerve au plus haut point;cpos:3;pos:1;elm:context_link;itc:0;sec:content-canvas\" class=\"link \">\u00ab\u00a0Ce qui me fait ch*** dans la mode\u00a0\u00bb : Cristina Cordula balance sur cette faute de style qui l&rsquo;\u00e9nerve au plus haut point<\/a><br \/><a data-i13n=\"cpos:4;pos:1\" href=\"https:\/\/www.grazia.fr\/mode\/sac\/je-suis-styliste-et-voici-le-sac-de-la-rentree-quon-va-adopter-chaque-jour-pour-se-rendre-au-bureau-1180010.html?utm_campaign=partenariat&amp;utm_source=yahoo-articles&amp;utm_medium=flux\" rel=\"nofollow noopener\" target=\"_blank\" data-ylk=\"slk:\u00ab Je suis styliste et voici le sac de la rentr\u00e9e qu\u2019on va adopter chaque jour pour se rendre au bureau \u00bb;cpos:4;pos:1;elm:context_link;itc:0;sec:content-canvas\" class=\"link \">\u00ab Je suis styliste et voici le sac de la rentr\u00e9e qu\u2019on va adopter chaque jour pour se rendre au bureau \u00bb<\/a><br \/><a data-i13n=\"cpos:5;pos:1\" href=\"https:\/\/www.grazia.fr\/hommes\/un-accelerateur-de-calvitie-precoce-cette-boisson-tres-populaire-favorise-la-chute-de-cheveux-chez-les-hommes-selon-un-medecin-1180695.html?utm_campaign=partenariat&amp;utm_source=yahoo-articles&amp;utm_medium=flux\" rel=\"nofollow noopener\" target=\"_blank\" data-ylk=\"slk:&quot;Un acc\u00e9l\u00e9rateur de calvitie pr\u00e9coce&quot; : cette boisson tr\u00e8s populaire favorise la chute de cheveux chez les hommes, selon un m\u00e9decin;cpos:5;pos:1;elm:context_link;itc:0;sec:content-canvas\" class=\"link \">\u00ab\u00a0Un acc\u00e9l\u00e9rateur de calvitie pr\u00e9coce\u00a0\u00bb : cette boisson tr\u00e8s populaire favorise la chute de cheveux chez les hommes, selon un m\u00e9decin<\/a><br \/><a data-i13n=\"cpos:6;pos:1\" href=\"https:\/\/www.grazia.fr\/beaute\/soins-visage-corps\/il-exfolie-et-attenue-les-rides-en-meme-temps-le-soin-prefere-de-meghan-markle-et-kim-kardashian-est-enfin-disponible-chez-sephora-1177947.html?utm_campaign=partenariat&amp;utm_source=yahoo-articles&amp;utm_medium=flux\" rel=\"nofollow noopener\" target=\"_blank\" data-ylk=\"slk:&quot;Il exfolie et att\u00e9nue les rides en m\u00eame temps&quot; : le soin pr\u00e9f\u00e9r\u00e9 de Meghan Markle et Kim Kardashian est enfin disponible chez Sephora;cpos:6;pos:1;elm:context_link;itc:0;sec:content-canvas\" class=\"link \">\u00ab\u00a0Il exfolie et att\u00e9nue les rides en m\u00eame temps\u00a0\u00bb : le soin pr\u00e9f\u00e9r\u00e9 de Meghan Markle et Kim Kardashian est enfin disponible chez Sephora<\/a><\/p>\n","protected":false},"excerpt":{"rendered":"Principalement \u00e0 cause du marketing, il y a des aliments que l\u2019on per\u00e7oit comme sains jusqu\u2019\u00e0 ce qu\u2019on&hellip;\n","protected":false},"author":2,"featured_media":337544,"comment_status":"","ping_status":"","sticky":false,"template":"","format":"standard","meta":{"footnotes":""},"categories":[10],"tags":[47386,1011,27,72,47387,9576,71],"class_list":{"0":"post-337543","1":"post","2":"type-post","3":"status-publish","4":"format-standard","5":"has-post-thumbnail","7":"category-sante","8":"tag-bols-de-lait","9":"tag-fr","10":"tag-france","11":"tag-health","12":"tag-paquet-de-chips","13":"tag-qu","14":"tag-sante"},"share_on_mastodon":{"url":"","error":""},"_links":{"self":[{"href":"https:\/\/www.europesays.com\/fr\/wp-json\/wp\/v2\/posts\/337543","targetHints":{"allow":["GET"]}}],"collection":[{"href":"https:\/\/www.europesays.com\/fr\/wp-json\/wp\/v2\/posts"}],"about":[{"href":"https:\/\/www.europesays.com\/fr\/wp-json\/wp\/v2\/types\/post"}],"author":[{"embeddable":true,"href":"https:\/\/www.europesays.com\/fr\/wp-json\/wp\/v2\/users\/2"}],"replies":[{"embeddable":true,"href":"https:\/\/www.europesays.com\/fr\/wp-json\/wp\/v2\/comments?post=337543"}],"version-history":[{"count":0,"href":"https:\/\/www.europesays.com\/fr\/wp-json\/wp\/v2\/posts\/337543\/revisions"}],"wp:featuredmedia":[{"embeddable":true,"href":"https:\/\/www.europesays.com\/fr\/wp-json\/wp\/v2\/media\/337544"}],"wp:attachment":[{"href":"https:\/\/www.europesays.com\/fr\/wp-json\/wp\/v2\/media?parent=337543"}],"wp:term":[{"taxonomy":"category","embeddable":true,"href":"https:\/\/www.europesays.com\/fr\/wp-json\/wp\/v2\/categories?post=337543"},{"taxonomy":"post_tag","embeddable":true,"href":"https:\/\/www.europesays.com\/fr\/wp-json\/wp\/v2\/tags?post=337543"}],"curies":[{"name":"wp","href":"https:\/\/api.w.org\/{rel}","templated":true}]}}