{"id":337566,"date":"2025-08-23T02:33:15","date_gmt":"2025-08-23T02:33:15","guid":{"rendered":"https:\/\/www.europesays.com\/fr\/337566\/"},"modified":"2025-08-23T02:33:15","modified_gmt":"2025-08-23T02:33:15","slug":"pau-prend-une-grosse-claque-contre-montpellier","status":"publish","type":"post","link":"https:\/\/www.europesays.com\/fr\/337566\/","title":{"rendered":"Pau prend une grosse claque contre Montpellier !"},"content":{"rendered":"<p>Ce vendredi soir, Pau affrontait Montpellier au Stade Jacques-Fouroux, \u00e0 Auch.<\/p>\n<p>Les Palois ont pris une grosse claque contre les H\u00e9raultais.<\/p>\n<p>En effet, les B\u00e9arnais se sont inclin\u00e9s sur le score sans appel de 26 \u00e0 5.<\/p>\n<p>Voil\u00e0 une belle premi\u00e8re sortie pour les hommes de Joan Caudullo.<\/p>\n<p>En revanche, la prestation de Pau demeure inqui\u00e9tante.<\/p>\n<blockquote class=\"twitter-tweet\" data-width=\"550\" data-dnt=\"true\">\n<p lang=\"fr\" dir=\"ltr\">\ud83c\udfc9 Montpellier remporte ce premier match de pr\u00e9paration sur le score de 26 \u00e0 5.<a href=\"https:\/\/twitter.com\/hashtag\/HonhaSection?src=hash&amp;ref_src=twsrc%5Etfw\" rel=\"nofollow noopener\" target=\"_blank\">#HonhaSection<\/a> <a href=\"https:\/\/t.co\/ySsBXux1FB\" rel=\"nofollow\">pic.twitter.com\/ySsBXux1FB<\/a><\/p>\n<p>&mdash; Section Paloise B\u00e9arn Pyr\u00e9n\u00e9es (@SectionPaloise) <a href=\"https:\/\/twitter.com\/SectionPaloise\/status\/1958960801525489724?ref_src=twsrc%5Etfw\" rel=\"nofollow noopener\" target=\"_blank\">August 22, 2025<\/a><\/p><\/blockquote>\n<p><script async src=\"https:\/\/platform.twitter.com\/widgets.js\" charset=\"utf-8\"><\/script><\/p>\n<p><script async src=\"https:\/\/platform.twitter.com\/widgets.js\" charset=\"utf-8\"><\/script><\/p>\n","protected":false},"excerpt":{"rendered":"Ce vendredi soir, Pau affrontait Montpellier au Stade Jacques-Fouroux, \u00e0 Auch. Les Palois ont pris une grosse claque&hellip;\n","protected":false},"author":2,"featured_media":337567,"comment_status":"","ping_status":"","sticky":false,"template":"","format":"standard","meta":{"footnotes":""},"categories":[9599],"tags":[1111,11,1777,674,1011,27,2208,12,2680,25],"class_list":{"0":"post-337566","1":"post","2":"type-post","3":"status-publish","4":"format-standard","5":"has-post-thumbnail","7":"category-montpellier","8":"tag-actu","9":"tag-actualites","10":"tag-eu","11":"tag-europe","12":"tag-fr","13":"tag-france","14":"tag-montpellier","15":"tag-news","16":"tag-occitanie","17":"tag-republique-francaise"},"share_on_mastodon":{"url":"https:\/\/pubeurope.com\/@fr\/115075743952558379","error":""},"_links":{"self":[{"href":"https:\/\/www.europesays.com\/fr\/wp-json\/wp\/v2\/posts\/337566","targetHints":{"allow":["GET"]}}],"collection":[{"href":"https:\/\/www.europesays.com\/fr\/wp-json\/wp\/v2\/posts"}],"about":[{"href":"https:\/\/www.europesays.com\/fr\/wp-json\/wp\/v2\/types\/post"}],"author":[{"embeddable":true,"href":"https:\/\/www.europesays.com\/fr\/wp-json\/wp\/v2\/users\/2"}],"replies":[{"embeddable":true,"href":"https:\/\/www.europesays.com\/fr\/wp-json\/wp\/v2\/comments?post=337566"}],"version-history":[{"count":0,"href":"https:\/\/www.europesays.com\/fr\/wp-json\/wp\/v2\/posts\/337566\/revisions"}],"wp:featuredmedia":[{"embeddable":true,"href":"https:\/\/www.europesays.com\/fr\/wp-json\/wp\/v2\/media\/337567"}],"wp:attachment":[{"href":"https:\/\/www.europesays.com\/fr\/wp-json\/wp\/v2\/media?parent=337566"}],"wp:term":[{"taxonomy":"category","embeddable":true,"href":"https:\/\/www.europesays.com\/fr\/wp-json\/wp\/v2\/categories?post=337566"},{"taxonomy":"post_tag","embeddable":true,"href":"https:\/\/www.europesays.com\/fr\/wp-json\/wp\/v2\/tags?post=337566"}],"curies":[{"name":"wp","href":"https:\/\/api.w.org\/{rel}","templated":true}]}}