{"id":337573,"date":"2025-08-23T02:41:06","date_gmt":"2025-08-23T02:41:06","guid":{"rendered":"https:\/\/www.europesays.com\/fr\/337573\/"},"modified":"2025-08-23T02:41:06","modified_gmt":"2025-08-23T02:41:06","slug":"lorient-rennes-cadiou-adjei-fadiga-faye-le-point-blesses-avant-le-derby","status":"publish","type":"post","link":"https:\/\/www.europesays.com\/fr\/337573\/","title":{"rendered":"Lorient &#8211; Rennes\u00a0: Cadiou, Adjei, Fadiga, Faye\u2026 Le point bless\u00e9s avant le derby"},"content":{"rendered":"<p>Ligue 1 (2e journ\u00e9e). FC Lorient &#8211; Stade Rennais, dimanche (15\u00a0h)<\/p>\n<p>Une semaine apr\u00e8s sa d\u00e9faite inaugurale \u00e0 Auxerre, le <a href=\"https:\/\/www.letelegramme.fr\/sports\/football\/fc-lorient\/\" title=\"www.letelegramme.fr\" target=\"_blank\" rel=\"noopener\">FC Lorient<\/a> s\u2019appr\u00eate \u00e0 disputer son premier match de la saison \u00e0 domicile, dimanche (15\u00a0h), contre le Stade Rennais.<\/p>\n<p>Pour ce derby, <a href=\"https:\/\/www.letelegramme.fr\/sports\/football\/fc-lorient\/le-fc-lorient-nest-pas-encore-au-complet-avant-le-derby-face-au-stade-rennais-6874383.php\" title=\"www.letelegramme.fr\" target=\"_blank\" rel=\"noopener\">le FCL sera priv\u00e9 de trois joueurs<\/a>\u00a0: Noah Cadiou, Bandiougou Fadiga et Nathaniel Adjei.<\/p>\n<p>Le premier travaille avec le pr\u00e9parateur physique et pourrait int\u00e9grer le groupe de mani\u00e8re am\u00e9nag\u00e9e \u00e0 partir du milieu de semaine prochaine, a indiqu\u00e9 l\u2019entra\u00eeneur Olivier Pantaloni. \u00ab\u00a0Nati (Adjei) passe avec le pr\u00e9parateur physique aujourd\u2019hui, mais lui aura un travail beaucoup plus long, a ajout\u00e9 le technicien corse. On pense qu\u2019il faudra \u00e0 peu pr\u00e8s trois semaines avant qu\u2019il commence \u00e0 int\u00e9grer le groupe.\u00a0\u00bb<\/p>\n<p>Faye pourrait \u00eatre dans le groupe<\/p>\n<p>Pour Fadiga, victime d\u2019une entorse \u00e0 la cheville en contrant un ballon lors d\u2019un entra\u00eenement, le retour est difficile \u00e0 dater. \u00ab\u00a0Il y a du mieux depuis le d\u00e9but de la semaine, mais il est encore loin de pouvoir retrotter, a expliqu\u00e9 Pantaloni ce vendredi en conf\u00e9rence de presse. C\u2019est une grosse entorse, qui est longue et il faut extr\u00eamement bien la soigner sous peine de r\u00e9cidive.\u00a0\u00bb<\/p>\n<p>Enfin, <a anchorselected=\"true\" href=\"https:\/\/www.letelegramme.fr\/sports\/football\/fc-lorient\/je-veux-etre-un-defenseur-special-ancien-numero-dix-defenseur-dribbleur-abdoulaye-faye-la-derniere-recrue-du-fc-lorient-se-presente-6864850.php\" target=\"_blank\" rel=\"noopener\">Abdoulaye Faye<\/a> pourrait faire sa premi\u00e8re apparition dans le groupe lorientais ce week-end. Mais il ne sera pas titulaire. \u00ab\u00a0Abdoulaye a fait de grosses parties d\u2019entra\u00eenement avec nous. Je pense qu\u2019il peut avoir la capacit\u00e9 d\u2019avoir un petit temps de jeu. Pour d\u00e9buter, il me semble que c\u2019est encore t\u00f4t.\u00a0\u00bb<\/p>\n","protected":false},"excerpt":{"rendered":"Ligue 1 (2e journ\u00e9e). FC Lorient &#8211; Stade Rennais, dimanche (15\u00a0h) Une semaine apr\u00e8s sa d\u00e9faite inaugurale \u00e0&hellip;\n","protected":false},"author":2,"featured_media":337574,"comment_status":"","ping_status":"","sticky":false,"template":"","format":"standard","meta":{"footnotes":""},"categories":[2821],"tags":[1111,11,829,3166,1777,674,3317,47388,63,1011,27,66,1781,12,584,25,60],"class_list":{"0":"post-337573","1":"post","2":"type-post","3":"status-publish","4":"format-standard","5":"has-post-thumbnail","7":"category-rennes","8":"tag-actu","9":"tag-actualites","10":"tag-bretagne","11":"tag-en-continu-sports","12":"tag-eu","13":"tag-europe","14":"tag-fc-lorient","15":"tag-fcl","16":"tag-football","17":"tag-fr","18":"tag-france","19":"tag-ligue-1","20":"tag-lorient","21":"tag-news","22":"tag-rennes","23":"tag-republique-francaise","24":"tag-sports"},"share_on_mastodon":{"url":"https:\/\/pubeurope.com\/@fr\/115075775519203913","error":""},"_links":{"self":[{"href":"https:\/\/www.europesays.com\/fr\/wp-json\/wp\/v2\/posts\/337573","targetHints":{"allow":["GET"]}}],"collection":[{"href":"https:\/\/www.europesays.com\/fr\/wp-json\/wp\/v2\/posts"}],"about":[{"href":"https:\/\/www.europesays.com\/fr\/wp-json\/wp\/v2\/types\/post"}],"author":[{"embeddable":true,"href":"https:\/\/www.europesays.com\/fr\/wp-json\/wp\/v2\/users\/2"}],"replies":[{"embeddable":true,"href":"https:\/\/www.europesays.com\/fr\/wp-json\/wp\/v2\/comments?post=337573"}],"version-history":[{"count":0,"href":"https:\/\/www.europesays.com\/fr\/wp-json\/wp\/v2\/posts\/337573\/revisions"}],"wp:featuredmedia":[{"embeddable":true,"href":"https:\/\/www.europesays.com\/fr\/wp-json\/wp\/v2\/media\/337574"}],"wp:attachment":[{"href":"https:\/\/www.europesays.com\/fr\/wp-json\/wp\/v2\/media?parent=337573"}],"wp:term":[{"taxonomy":"category","embeddable":true,"href":"https:\/\/www.europesays.com\/fr\/wp-json\/wp\/v2\/categories?post=337573"},{"taxonomy":"post_tag","embeddable":true,"href":"https:\/\/www.europesays.com\/fr\/wp-json\/wp\/v2\/tags?post=337573"}],"curies":[{"name":"wp","href":"https:\/\/api.w.org\/{rel}","templated":true}]}}