{"id":337581,"date":"2025-08-23T02:45:11","date_gmt":"2025-08-23T02:45:11","guid":{"rendered":"https:\/\/www.europesays.com\/fr\/337581\/"},"modified":"2025-08-23T02:45:11","modified_gmt":"2025-08-23T02:45:11","slug":"nice-auxerre-a-quelle-heure-et-sur-quelle-chaine-tv-voir-le-match-de-la-2e-journee-de-ligue-1","status":"publish","type":"post","link":"https:\/\/www.europesays.com\/fr\/337581\/","title":{"rendered":"Nice-Auxerre\u00a0: \u00e0 quelle heure et sur quelle cha\u00eene TV voir le match de la 2e journ\u00e9e de Ligue\u00a01\u00a0?"},"content":{"rendered":"<p class=\"paragraph text_align_left lp-f-body-02\">Prendre leur envol. Les Aiglons de L\u2019OGC Nice ont connu des d\u00e9buts compliqu\u00e9s en <a href=\"https:\/\/www.leparisien.fr\/sports\/football\/ligue-1\/\" target=\"_blank\" rel=\"noreferrer nofollow noopener\">Ligue 1<\/a>, battus 0-1 par Toulouse samedi dernier \u00e0 l\u2019Allianz Riviera. Les hommes de Franck Haise devront profiter de leur second match cons\u00e9cutif \u00e0 domicile pour d\u00e9coller dans ce championnat qui n\u2019attend pas.<\/p>\n<p class=\"paragraph text_align_left lp-f-body-02\">C\u2019\u00e9tait d\u00e9j\u00e0 la troisi\u00e8me d\u00e9faite de la saison subie par les Ni\u00e7ois, qui ont \u00e9t\u00e9 surclass\u00e9s \u00e0 l\u2019aller comme au retour <a href=\"https:\/\/www.leparisien.fr\/sports\/football\/ligue-des-champions\/benfica-nice-un-exploit-pour-entretenir-le-reve-de-ligue-des-champions-11-08-2025-H7XIGXEWJVC3PFVYKLWQMHIIGM.php\" target=\"_blank\" rel=\"noreferrer nofollow noopener\">face \u00e0 Benfica<\/a> (d\u00e9faites 0-2 puis 2-0), en troisi\u00e8me tour de qualification \u00e0 la Ligue des champions. Ils joueront donc la Ligue Europa. En face, les Auxerrois ont pris confiance face au promu lorientais, domin\u00e9s 1-0 gr\u00e2ce \u00e0 un but de Lassine Sinayoko.<\/p>\n<p class=\"paragraph text_align_left lp-f-body-02\"><b>Le coup d\u2019envoi du match Nice-Auxerre est pr\u00e9vu \u00e0 19 heures ce samedi 23 ao\u00fbt. La rencontre sera \u00e0 suivre en direct sur la plate-forme Ligue 1<\/b> <b>+.<\/b><\/p>\n","protected":false},"excerpt":{"rendered":"Prendre leur envol. Les Aiglons de L\u2019OGC Nice ont connu des d\u00e9buts compliqu\u00e9s en Ligue 1, battus 0-1&hellip;\n","protected":false},"author":2,"featured_media":337582,"comment_status":"","ping_status":"","sticky":false,"template":"","format":"standard","meta":{"footnotes":""},"categories":[2819],"tags":[1111,11,1777,674,63,1011,27,66,12,2401,882,25,60],"class_list":{"0":"post-337581","1":"post","2":"type-post","3":"status-publish","4":"format-standard","5":"has-post-thumbnail","7":"category-nice","8":"tag-actu","9":"tag-actualites","10":"tag-eu","11":"tag-europe","12":"tag-football","13":"tag-fr","14":"tag-france","15":"tag-ligue-1","16":"tag-news","17":"tag-nice","18":"tag-provence-alpes-cote-dazur","19":"tag-republique-francaise","20":"tag-sports"},"share_on_mastodon":{"url":"https:\/\/pubeurope.com\/@fr\/115075791124118033","error":""},"_links":{"self":[{"href":"https:\/\/www.europesays.com\/fr\/wp-json\/wp\/v2\/posts\/337581","targetHints":{"allow":["GET"]}}],"collection":[{"href":"https:\/\/www.europesays.com\/fr\/wp-json\/wp\/v2\/posts"}],"about":[{"href":"https:\/\/www.europesays.com\/fr\/wp-json\/wp\/v2\/types\/post"}],"author":[{"embeddable":true,"href":"https:\/\/www.europesays.com\/fr\/wp-json\/wp\/v2\/users\/2"}],"replies":[{"embeddable":true,"href":"https:\/\/www.europesays.com\/fr\/wp-json\/wp\/v2\/comments?post=337581"}],"version-history":[{"count":0,"href":"https:\/\/www.europesays.com\/fr\/wp-json\/wp\/v2\/posts\/337581\/revisions"}],"wp:featuredmedia":[{"embeddable":true,"href":"https:\/\/www.europesays.com\/fr\/wp-json\/wp\/v2\/media\/337582"}],"wp:attachment":[{"href":"https:\/\/www.europesays.com\/fr\/wp-json\/wp\/v2\/media?parent=337581"}],"wp:term":[{"taxonomy":"category","embeddable":true,"href":"https:\/\/www.europesays.com\/fr\/wp-json\/wp\/v2\/categories?post=337581"},{"taxonomy":"post_tag","embeddable":true,"href":"https:\/\/www.europesays.com\/fr\/wp-json\/wp\/v2\/tags?post=337581"}],"curies":[{"name":"wp","href":"https:\/\/api.w.org\/{rel}","templated":true}]}}