{"id":337591,"date":"2025-08-23T02:53:30","date_gmt":"2025-08-23T02:53:30","guid":{"rendered":"https:\/\/www.europesays.com\/fr\/337591\/"},"modified":"2025-08-23T02:53:30","modified_gmt":"2025-08-23T02:53:30","slug":"benjamin-pavard-a-lille-la-reponse-amusante-dolivier-letang-2","status":"publish","type":"post","link":"https:\/\/www.europesays.com\/fr\/337591\/","title":{"rendered":"Benjamin Pavard \u00e0 Lille ? La r\u00e9ponse amusante d&rsquo;Olivier L\u00e9tang"},"content":{"rendered":"<p class=\"mb-4 text-lg md:leading-8 break-words\">Et si Benjamin Pavard retrouvait son club formateur ?<a href=\"https:\/\/fr.news.yahoo.com\/sport\/mercato-benjamin-pavard-tranch%C3%A9-avenir-122300296.html\" data-ylk=\"slk:\u00a0La question fait r\u00eaver les supporters lillois, mais la r\u00e9alit\u00e9 est toute autre.\u00a0;elm:context_link;itc:0;sec:content-canvas;outcm:mb_qualified_link;_E:mb_qualified_link;ct:story;\" class=\"link  yahoo-link\" target=\"_blank\" rel=\"noopener\">\u00a0La question fait r\u00eaver les supporters lillois, mais la r\u00e9alit\u00e9 est toute autre.\u00a0<\/a>Olivier L\u00e9tang, pr\u00e9sident du LOSC, a bri\u00e8vement entretenu ce fantasme lors d\u2019une conf\u00e9rence de presse en laissant croire \u00e0 l\u2019arriv\u00e9e imminente du champion du monde 2018. Un instant suspendu, suivi d\u2019un \u00e9clat de rire et d\u2019une mise au point sur les limites financi\u00e8res du club.<\/p>\n<p>Olivier L\u00e9tang annonce l\u2019arriv\u00e9e de Pavard\u2026avant de se raviser<img alt=\"Olivier L\u00e9tang annonce l\u2019arriv\u00e9e de Pavard\u2026avant de se raviser \" loading=\"lazy\" width=\"960\" height=\"540\" decoding=\"async\" data-nimg=\"1\" class=\"rounded-lg\" style=\"color:transparent\" src=\"https:\/\/www.europesays.com\/fr\/wp-content\/uploads\/2025\/08\/ae12aa51a5f41c4860a2074d04f3cbb2.jpeg\"\/><\/p>\n<p>Olivier L\u00e9tang annonce l\u2019arriv\u00e9e de Pavard\u2026avant de se raviser<\/p>\n<p class=\"mb-4 text-lg md:leading-8 break-words\">\u00c0 deux jours du choc entre Lille et l\u2019AS Monaco (dimanche, 20h45), Olivier L\u00e9tang a cr\u00e9\u00e9 la surprise. Face aux m\u00e9dias, il a annonc\u00e9 que Benjamin Pavard \u00ab\u00a0devrait arriver lundi\u00a0\u00bb \u00e0 Lille. Une d\u00e9claration qui a provoqu\u00e9 un court moment de flottement avant que le pr\u00e9sident du LOSC n\u2019affiche un large sourire : \u00ab\u00a0C\u2019est une bonne nouvelle, hein ?\u00a0\u00bb a-t-il lanc\u00e9, amus\u00e9. Ce trait d\u2019humour a bri\u00e8vement fait croire \u00e0 un retour inesp\u00e9r\u00e9 de l\u2019international fran\u00e7ais, encore sous contrat avec l\u2019Inter Milan.<\/p>\n<p>Benjamin Pavard ne retournera pas \u00e0 Lille cet \u00e9t\u00e9<img alt=\"Benjamin Pavard ne retournera pas \u00e0 Lille cet \u00e9t\u00e9 \" loading=\"lazy\" width=\"960\" height=\"540\" decoding=\"async\" data-nimg=\"1\" class=\"rounded-lg\" style=\"color:transparent\" src=\"https:\/\/www.europesays.com\/fr\/wp-content\/uploads\/2025\/08\/bd5ca5d5a7a3c02b008b8202e236a5b0.jpeg\"\/><\/p>\n<p>Benjamin Pavard ne retournera pas \u00e0 Lille cet \u00e9t\u00e9<\/p>\n<p class=\"mb-4 text-lg md:leading-8 break-words\">Tr\u00e8s vite, <a href=\"https:\/\/fr.news.yahoo.com\/sport\/mercato-lille-fonce-nouveau-champion-120923815.html\" data-ylk=\"slk:Olivier L\u00e9tang a mis fin au suspense et expliqu\u00e9 pourquoi un transfert de Benjamin Pavard restait impossible pour Lille.;elm:context_link;itc:0;sec:content-canvas;outcm:mb_qualified_link;_E:mb_qualified_link;ct:story;\" class=\"link  yahoo-link\" target=\"_blank\" rel=\"noopener\">Olivier L\u00e9tang a mis fin au suspense et expliqu\u00e9 pourquoi un transfert de Benjamin Pavard restait impossible pour Lille.<\/a> \u00ab\u00a0J\u2019ai appel\u00e9 Benjamin, on s\u2019est parl\u00e9s. Mais m\u00eame le transfert, on ne saurait pas le payer\u00a0\u00bb, a-t-il confi\u00e9 face aux journalistes.<\/p>\n<p class=\"mb-4 text-lg md:leading-8 break-words\">\u00a0<\/p>\n<p class=\"mb-4 text-lg md:leading-8 break-words\">Avant d\u2019ajouter : \u00ab\u00a0Il y a des choses qui sont possibles, d\u2019autres qui ne le sont pas. Ce serait formidable. Et je le lui ai dit que j\u2019adorerais qu\u2019il revienne. Mais il y a des consid\u00e9rations \u00e9conomiques qui sont aujourd\u2019hui impossibles \u00e0 r\u00e9aliser.\u00a0\u00bb Ces propos traduisent les contraintes financi\u00e8res auxquelles fait face le LOSC malgr\u00e9 l\u2019envie de revoir son ancien joueur au stade Pierre-Mauroy.<\/p>\n<p>Le Bar\u00e7a et Galatasaray \u00e0 l\u2019aff\u00fbt pour Benjamin Pavard<img alt=\"Le Bar\u00e7a et Galatasaray \u00e0 l\u2019aff\u00fbt pour Benjamin Pavard \" loading=\"lazy\" width=\"960\" height=\"540\" decoding=\"async\" data-nimg=\"1\" class=\"rounded-lg\" style=\"color:transparent\" src=\"https:\/\/www.europesays.com\/fr\/wp-content\/uploads\/2025\/08\/149e60934cddeeee47416bf8a8dac19d.jpeg\"\/><\/p>\n<p>Le Bar\u00e7a et Galatasaray \u00e0 l\u2019aff\u00fbt pour Benjamin Pavard<\/p>\n<p class=\"mb-4 text-lg md:leading-8 break-words\">Form\u00e9 \u00e0 Lille, o\u00f9 il a disput\u00e9 sa premi\u00e8re saison professionnelle en 2015-2016, Benjamin Pavard a d\u00fb s\u2019expatrier pour se r\u00e9v\u00e9ler, d\u2019abord \u00e0 Stuttgart puis au Bayern Munich avant de rejoindre l\u2019Inter Milan. Finaliste malheureux de la derni\u00e8re Ligue des champions, il reste l\u2019un des d\u00e9fenseurs les plus convoit\u00e9s en Europe.<\/p>\n<p class=\"mb-4 text-lg md:leading-8 break-words\"><a href=\"https:\/\/fr.news.yahoo.com\/sport\/benjamin-pavard-au-bar%C3%A7a-l-121735711.html\" data-ylk=\"slk:Son nom circule du c\u00f4t\u00e9 du Bar\u00e7a et de Galatasaray;elm:context_link;itc:0;sec:content-canvas;outcm:mb_qualified_link;_E:mb_qualified_link;ct:story;\" class=\"link  yahoo-link\" target=\"_blank\" rel=\"noopener\">Son nom circule du c\u00f4t\u00e9 du Bar\u00e7a et de Galatasaray<\/a>, mais Olivier L\u00e9tang sait que le LOSC n\u2019a ni les moyens de rivaliser, ni la possibilit\u00e9 d\u2019assumer son salaire \u00e9lev\u00e9. La boutade du dirigeant lillois a donc eu le m\u00e9rite de rappeler avec l\u00e9g\u00e8ret\u00e9 une r\u00e9alit\u00e9 \u00e9conomique implacable.<\/p>\n","protected":false},"excerpt":{"rendered":"Et si Benjamin Pavard retrouvait son club formateur ?\u00a0La question fait r\u00eaver les supporters lillois, mais la r\u00e9alit\u00e9&hellip;\n","protected":false},"author":2,"featured_media":337592,"comment_status":"","ping_status":"","sticky":false,"template":"","format":"standard","meta":{"footnotes":""},"categories":[2815],"tags":[1111,11,4782,4786,1153,1777,674,47390,1011,27,811,27076,38177,1307,2267,3127,12,47389,626,25,12500],"class_list":{"0":"post-337591","1":"post","2":"type-post","3":"status-publish","4":"format-standard","5":"has-post-thumbnail","7":"category-lille","8":"tag-actu","9":"tag-actualites","10":"tag-bayern-munich","11":"tag-benjamin-pavard","12":"tag-conference-de-presse","13":"tag-eu","14":"tag-europe","15":"tag-fc-internazionale","16":"tag-fr","17":"tag-france","18":"tag-hauts-de-france","19":"tag-linter-milan","20":"tag-letang","21":"tag-lille","22":"tag-losc","23":"tag-monaco","24":"tag-news","25":"tag-olivier-letang","26":"tag-paris","27":"tag-republique-francaise","28":"tag-stuttgart"},"share_on_mastodon":{"url":"https:\/\/pubeurope.com\/@fr\/115075822843731701","error":""},"_links":{"self":[{"href":"https:\/\/www.europesays.com\/fr\/wp-json\/wp\/v2\/posts\/337591","targetHints":{"allow":["GET"]}}],"collection":[{"href":"https:\/\/www.europesays.com\/fr\/wp-json\/wp\/v2\/posts"}],"about":[{"href":"https:\/\/www.europesays.com\/fr\/wp-json\/wp\/v2\/types\/post"}],"author":[{"embeddable":true,"href":"https:\/\/www.europesays.com\/fr\/wp-json\/wp\/v2\/users\/2"}],"replies":[{"embeddable":true,"href":"https:\/\/www.europesays.com\/fr\/wp-json\/wp\/v2\/comments?post=337591"}],"version-history":[{"count":0,"href":"https:\/\/www.europesays.com\/fr\/wp-json\/wp\/v2\/posts\/337591\/revisions"}],"wp:featuredmedia":[{"embeddable":true,"href":"https:\/\/www.europesays.com\/fr\/wp-json\/wp\/v2\/media\/337592"}],"wp:attachment":[{"href":"https:\/\/www.europesays.com\/fr\/wp-json\/wp\/v2\/media?parent=337591"}],"wp:term":[{"taxonomy":"category","embeddable":true,"href":"https:\/\/www.europesays.com\/fr\/wp-json\/wp\/v2\/categories?post=337591"},{"taxonomy":"post_tag","embeddable":true,"href":"https:\/\/www.europesays.com\/fr\/wp-json\/wp\/v2\/tags?post=337591"}],"curies":[{"name":"wp","href":"https:\/\/api.w.org\/{rel}","templated":true}]}}