{"id":337593,"date":"2025-08-23T02:54:25","date_gmt":"2025-08-23T02:54:25","guid":{"rendered":"https:\/\/www.europesays.com\/fr\/337593\/"},"modified":"2025-08-23T02:54:25","modified_gmt":"2025-08-23T02:54:25","slug":"marseille-lete-sous-haute-vigilance-dans-les-calanques","status":"publish","type":"post","link":"https:\/\/www.europesays.com\/fr\/337593\/","title":{"rendered":"Marseille : l\u2019\u00e9t\u00e9 sous haute vigilance dans les calanques"},"content":{"rendered":"<p>            <a href=\"https:\/\/www.europesays.com\/fr\/wp-content\/uploads\/2025\/08\/1Y8A1719.jpg\" data-caption=\"&#10;\"><img loading=\"lazy\" decoding=\"async\" width=\"696\" height=\"464\" class=\"entry-thumb td-modal-image\" src=\"https:\/\/www.europesays.com\/fr\/wp-content\/uploads\/2025\/08\/1Y8A1719.jpg\" alt=\"\" title=\"\"\/><\/a><\/p>\n<p><strong>En ce vendredi d\u2019ao\u00fbt, le ballet des promeneurs et des voitures se poursuit \u00e0 l\u2019entr\u00e9e de la calanque de Sormiou. \u00c0 quelques m\u00e8tres de la M\u00e9diterran\u00e9e, l\u2019air sent le pin chauff\u00e9 par le soleil et le sel marin. Mais derri\u00e8re cette carte postale, un important dispositif s\u00e9curitaire veille depuis le d\u00e9but de l\u2019\u00e9t\u00e9. Objectif : garantir la tranquillit\u00e9 de milliers de Marseillais et de touristes, chaque jour plus nombreux \u00e0 fr\u00e9quenter ce joyau du littoral.<\/strong><\/p>\n<p>\u00ab\u202fSormiou, c\u2019est peut-\u00eatre la plus belle calanque de Marseille\u2026 mais c\u2019est aussi l\u2019une des plus fr\u00e9quent\u00e9es\u202f\u00bb, souligne la pr\u00e9f\u00e8te de police d\u00e9l\u00e9gu\u00e9e, Corinne Simon. \u00ab\u202fCela impose une vigilance particuli\u00e8re, et m\u00eame des moyens suppl\u00e9mentaires depuis 2022.\u202f\u00bb<\/p>\n<p><img fetchpriority=\"high\" decoding=\"async\" width=\"6000\" height=\"4000\" src=\"https:\/\/www.europesays.com\/fr\/wp-content\/uploads\/2025\/08\/1Y8A1105.jpg\" alt=\"\" class=\"wp-image-59087\"\/>Corinne Simon, pr\u00e9f\u00e8te d\u00e9l\u00e9gu\u00e9e aupr\u00e8s du pr\u00e9fet de police des Bouches-du-Rh\u00f4ne fait le point sur le dispositif s\u00e9curitaire mis en place pendant la p\u00e9riode estivale en direct de la calanque de Sormiou <br \/>Photo : Alain ROBERT \u2013 Le M\u00e9ridional<\/p>\n<p>CRS, brigades \u00e9questres et VTT : un maillage serr\u00e9<\/p>\n<p>Concr\u00e8tement, la plage et les sentiers alentours sont d\u00e9sormais sous surveillance renforc\u00e9e. Trois \u00e9quipages policiers patrouillent en continu \u00e0 Sormiou, parfois rejoints par des renforts venus du sud de la ville. Les moyens sont vari\u00e9s : brigades motoris\u00e9es adapt\u00e9es aux pistes, \u00e9quipes VTT, patrouilles classiques, et m\u00eame les cavaliers de la brigade \u00e9questre municipale.<\/p>\n<p><img loading=\"lazy\" decoding=\"async\" width=\"6000\" height=\"4000\" src=\"https:\/\/www.europesays.com\/fr\/wp-content\/uploads\/2025\/08\/1Y8A0737-1.jpg\" alt=\"\" class=\"wp-image-59146\"\/>Les brigades motoris\u00e9es de police patrouillent en continu dans la calanque de Sormiou.<br \/>Photo : Alain ROBERT \u2013 Le M\u00e9ridional<\/p>\n<p><img loading=\"lazy\" decoding=\"async\" width=\"6000\" height=\"4000\" src=\"https:\/\/www.europesays.com\/fr\/wp-content\/uploads\/2025\/08\/1Y8A0685-1.jpg\" alt=\"\" class=\"wp-image-59130\"\/>Les cavaliers de la brigade \u00e9questre municipale en patrouille dans la calanque de Sormiou.<br \/>Photo : Alain ROBERT \u2013 Le M\u00e9ridional<\/p>\n<p>\u00ab\u202fCe dispositif mobile nous permet de r\u00e9pondre rapidement aux pics de fr\u00e9quentation\u202f\u00bb, explique le commissaire\u00a0Anthony Ragot, adjoint de la division sud. \u00ab\u202fNotre pr\u00e9sence est dissuasive : on lutte contre les vols \u00e0 la sauvette, les rod\u00e9os, et on assure aussi le lien avec le poste de secours tenu par les CRS.\u202f\u00bb<\/p>\n<p><img loading=\"lazy\" decoding=\"async\" width=\"6000\" height=\"4000\" src=\"https:\/\/www.europesays.com\/fr\/wp-content\/uploads\/2025\/08\/1Y8A0922-1.jpg\" alt=\"\" class=\"wp-image-59137\"\/>Le commissaire Anthony Ragot expose les points forts du dispositifs de s\u00e9curit\u00e9 mis en place pour la saison.<br \/>Photo : Alain ROBERT \u2013 Le M\u00e9ridional<\/p>\n<p>Nageurs-sauveteurs sur la plage<\/p>\n<p>Car au-del\u00e0 des contr\u00f4les routiers et des patrouilles, un enjeu crucial demeure : la s\u00e9curit\u00e9 en mer. Chaque jour, de 11h30 \u00e0 18h30, quatre CRS nageurs-sauveteurs montent la garde sur la plage de Sormiou. \u00ab\u202fIls sont renforc\u00e9s par deux effectifs suppl\u00e9mentaires en cas de tensions\u202f\u00bb, rappelle la commissaire divisionnaire\u00a0Camille Derrier, directrice zonale adjointe des CRS pour la zone Sud. Une vigilance indispensable, alors que le littoral marseillais a enregistr\u00e9 deux noyades en 24 heures d\u00e9but ao\u00fbt, en dehors des horaires surveill\u00e9s.<\/p>\n<p><img loading=\"lazy\" decoding=\"async\" width=\"6000\" height=\"4000\" src=\"https:\/\/www.europesays.com\/fr\/wp-content\/uploads\/2025\/08\/1Y8A1700.jpg\" alt=\"\" class=\"wp-image-59112\"\/>Camille Derrien, commissaire divisionnaire, directrice zonale adjointe des CRS pour la zone Sud; Corinne Simon, pr\u00e9f\u00e8te de police d\u00e9l\u00e9gu\u00e9e et Anthony Ragot, commissaire adjoint de la division sud dans la calanque de Sormiou.<br \/>Photo : Alain ROBERT \u2013 Le M\u00e9ridional<\/p>\n<p><img loading=\"lazy\" decoding=\"async\" width=\"6000\" height=\"4000\" src=\"https:\/\/www.europesays.com\/fr\/wp-content\/uploads\/2025\/08\/1Y8A1067-1.jpg\" alt=\"\" class=\"wp-image-59131\"\/>Les CRS nageurs-sauveteurs montent la garde sur la plage de Sormiou.<br \/>Photo : Alain ROBERT \u2013 Le M\u00e9ridional<\/p>\n<p><img loading=\"lazy\" decoding=\"async\" width=\"6000\" height=\"4000\" src=\"https:\/\/www.europesays.com\/fr\/wp-content\/uploads\/2025\/08\/1Y8A0851-1.jpg\" alt=\"\" class=\"wp-image-59139\"\/><br \/>Photo : Alain ROBERT \u2013 Le M\u00e9ridional<\/p>\n<p>Les CRS 28, venus de Montauban, assurent par ailleurs une pr\u00e9sence \u00e9largie sur le reste du littoral, de la Pointe-Rouge jusqu\u2019au Prado. Patrouilles \u00e0 v\u00e9lo, motards sp\u00e9cialis\u00e9s dans la pr\u00e9vention des accidents de nuit, et s\u00e9curisation jusque tard dans la soir\u00e9e compl\u00e8tent le dispositif.<\/p>\n<p>Un site fragile, prot\u00e9g\u00e9 de toutes parts<\/p>\n<p>Au-del\u00e0 des questions de s\u00e9curit\u00e9, c\u2019est aussi un site naturel class\u00e9 au c\u0153ur du\u00a0Parc national des Calanques\u00a0qu\u2019il s\u2019agit de pr\u00e9server. La municipalit\u00e9 a investi 100\u202f000 euros pour s\u00e9curiser l\u2019acc\u00e8s \u00e0 la route de Sormiou, qui reste sensible en cas de forte chaleur, notamment face au risque d\u2019incendie. Les cavaliers de la brigade \u00e9questre y effectuent chaque jour des rondes, rappelant aux visiteurs l\u2019interdiction de fumer ou d\u2019allumer un feu.<\/p>\n<p>Une saison pour l\u2019instant apais\u00e9e<\/p>\n<p>Pour l\u2019instant, le pari semble r\u00e9ussi : \u00ab\u202fDepuis le d\u00e9but de l\u2019\u00e9t\u00e9, aucun incident majeur n\u2019a \u00e9t\u00e9 constat\u00e9\u202f\u00bb, se f\u00e9licite le commissaire Ragot. Mieux encore, les chiffres de la d\u00e9linquance seraient en baisse par rapport aux ann\u00e9es pr\u00e9c\u00e9dentes.<\/p>\n<p>Reste \u00e0 tenir jusqu\u2019aux derniers week-ends d\u2019ao\u00fbt, alors que la fr\u00e9quentation reste soutenue et que la chaleur persiste. La pr\u00e9f\u00e8te de police appelle \u00e0 la prudence : \u00ab\u202fNous mettons en place des moyens consid\u00e9rables, mais la vigilance de chacun est indispensable. L\u2019\u00e9t\u00e9 peut \u00eatre beau et serein pour tous, \u00e0 condition de respecter les r\u00e8gles.\u202f\u00bb<\/p>\n<p><img loading=\"lazy\" decoding=\"async\" width=\"6000\" height=\"4000\" src=\"https:\/\/www.europesays.com\/fr\/wp-content\/uploads\/2025\/08\/1Y8A1075.jpg\" alt=\"\" class=\"wp-image-59088\"\/>Les \u00e9quipes de la police municipale interviennent dans le dispositif de surveillance de la calanque de Sormiou.<\/p>\n<p>Photo : Alain ROBERT \u2013 Le M\u00e9ridional<\/p>\n<p>Sous le soleil br\u00fblant de Sormiou, la M\u00e9diterran\u00e9e brille comme si de rien n\u2019\u00e9tait. Mais derri\u00e8re l\u2019image, policiers et sauveteurs restent sur le qui-vive. Pour que la calanque garde son visage de paradis et non celui de zone \u00e0 risques.<\/p>\n<p><strong>Photos : Alain Robert \u2013 Le M\u00e9ridional<\/strong><\/p>\n","protected":false},"excerpt":{"rendered":"En ce vendredi d\u2019ao\u00fbt, le ballet des promeneurs et des voitures se poursuit \u00e0 l\u2019entr\u00e9e de la calanque&hellip;\n","protected":false},"author":2,"featured_media":337594,"comment_status":"","ping_status":"","sticky":false,"template":"","format":"standard","meta":{"footnotes":""},"categories":[2814],"tags":[1111,11,1777,674,1011,27,884,12,882,25],"class_list":{"0":"post-337593","1":"post","2":"type-post","3":"status-publish","4":"format-standard","5":"has-post-thumbnail","7":"category-marseille","8":"tag-actu","9":"tag-actualites","10":"tag-eu","11":"tag-europe","12":"tag-fr","13":"tag-france","14":"tag-marseille","15":"tag-news","16":"tag-provence-alpes-cote-dazur","17":"tag-republique-francaise"},"share_on_mastodon":{"url":"https:\/\/pubeurope.com\/@fr\/115075826899972695","error":""},"_links":{"self":[{"href":"https:\/\/www.europesays.com\/fr\/wp-json\/wp\/v2\/posts\/337593","targetHints":{"allow":["GET"]}}],"collection":[{"href":"https:\/\/www.europesays.com\/fr\/wp-json\/wp\/v2\/posts"}],"about":[{"href":"https:\/\/www.europesays.com\/fr\/wp-json\/wp\/v2\/types\/post"}],"author":[{"embeddable":true,"href":"https:\/\/www.europesays.com\/fr\/wp-json\/wp\/v2\/users\/2"}],"replies":[{"embeddable":true,"href":"https:\/\/www.europesays.com\/fr\/wp-json\/wp\/v2\/comments?post=337593"}],"version-history":[{"count":0,"href":"https:\/\/www.europesays.com\/fr\/wp-json\/wp\/v2\/posts\/337593\/revisions"}],"wp:featuredmedia":[{"embeddable":true,"href":"https:\/\/www.europesays.com\/fr\/wp-json\/wp\/v2\/media\/337594"}],"wp:attachment":[{"href":"https:\/\/www.europesays.com\/fr\/wp-json\/wp\/v2\/media?parent=337593"}],"wp:term":[{"taxonomy":"category","embeddable":true,"href":"https:\/\/www.europesays.com\/fr\/wp-json\/wp\/v2\/categories?post=337593"},{"taxonomy":"post_tag","embeddable":true,"href":"https:\/\/www.europesays.com\/fr\/wp-json\/wp\/v2\/tags?post=337593"}],"curies":[{"name":"wp","href":"https:\/\/api.w.org\/{rel}","templated":true}]}}