{"id":337597,"date":"2025-08-23T02:56:18","date_gmt":"2025-08-23T02:56:18","guid":{"rendered":"https:\/\/www.europesays.com\/fr\/337597\/"},"modified":"2025-08-23T02:56:18","modified_gmt":"2025-08-23T02:56:18","slug":"lyon-prison-ferme-pour-lanimateur-du-crous-qui-voulait-violer-et-egorger-la-prefete-du-rhone","status":"publish","type":"post","link":"https:\/\/www.europesays.com\/fr\/337597\/","title":{"rendered":"Lyon : prison ferme pour l\u2019animateur du Crous qui voulait \u00ab violer et \u00e9gorger \u00bb la pr\u00e9f\u00e8te du Rh\u00f4ne"},"content":{"rendered":"<p>                                            Faits divers\n                                                                            <\/p>\n<p>\n                                            Un jeune homme de 25 ans, ancien animateur pour le Crous en service civique, a \u00e9t\u00e9 condamn\u00e9 \u00e0 un an de prison ferme \u00e0 Lyon, le jeudi 21 ao\u00fbt. La d\u00e9cision du tribunal correctionnel est tomb\u00e9e apr\u00e8s qu\u2019il a menac\u00e9 de \u00ab violer \u00bb et \u00ab d\u2019\u00e9gorger comme un mouton \u00bb la pr\u00e9f\u00e8te du Rh\u00f4ne.                                        <\/p>\n<p>                                                Publi\u00e9 le 22 ao\u00fbt 2025 \u00e0 17h09                                                                                            <\/p>\n<p>                                            <img loading=\"lazy\" width=\"1024\" height=\"683\" src=\"https:\/\/www.europesays.com\/fr\/wp-content\/uploads\/2025\/08\/SIPA_01209551_000004-1.jpg\" class=\"attachment-post-thumbnail size-post-thumbnail wp-post-image lazy\" alt=\"La pr\u00e9f\u00e8te du Rh\u00f4ne, Fabienne Buccio, vis\u00e9e par de graves menaces. MOURAD ALLILI\/SIPA\" decoding=\"async\"  data-\/><\/p>\n<p>                                            La pr\u00e9f\u00e8te du Rh\u00f4ne, Fabienne Buccio, vis\u00e9e par de graves menaces. MOURAD ALLILI\/SIPA<\/p>\n<p>Le tribunal correctionnel de <a href=\"https:\/\/www.valeursactuelles.com\/faits-divers\/lyon-une-femme-de-91-ans-agressee-dans-son-immeuble-pour-ses-bijoux\" target=\"_blank\" rel=\"noopener nofollow\">Lyon<\/a> a condamn\u00e9 \u00e0 un an de prison ferme un homme de 25 ans, rapporte <a href=\"https:\/\/actu.fr\/auvergne-rhone-alpes\/lyon_69123\/lyon-l-animateur-du-crous-veut-violer-et-egorger-la-prefete-du-rhone-il-finit-en-prison_63064912.html\" target=\"_blank\" rel=\"nofollow noopener\">Actu Lyon<\/a>. Cet ancien animateur du Crous avait adress\u00e9 plusieurs messages mena\u00e7ants \u00e0 la pr\u00e9f\u00e8te du Rh\u00f4ne, <a href=\"https:\/\/www.valeursactuelles.com\/regions\/auvergne-rhone-alpes\/rhone\/na\/societe\/rhone-la-prefete-deplore-un-sentiment-dimpunite-chez-les-delinquants-algeriens-clandestins\" target=\"_blank\" rel=\"noopener nofollow\">Fabienne Buccio<\/a>, dans lesquels il \u00e9crivait vouloir la \u00ab violer \u00bb et \u00ab l\u2019\u00e9gorger comme un mouton \u00bb. Ces courriers envoy\u00e9s en juin dernier contenaient aussi des propos <a href=\"https:\/\/www.valeursactuelles.com\/societe\/scandale-nour-atallah-une-enquete-pour-apologie-du-terrorisme-et-de-crime-contre-lhumanite-ouverte-contre-letudiante-de-gaza\" target=\"_blank\" rel=\"noopener nofollow\">d\u2019apologie du terrorisme<\/a> et visaient jusqu\u2019\u00e0 la famille de la repr\u00e9sentante de l\u2019\u00c9tat.<\/p>\n<p><a href=\"https:\/\/www.valeursactuelles.com\/regions\/auvergne-rhone-alpes\/rhone\/lyon\/faits-divers\/lyon-un-clandestin-algerien-de-20-ans-interpelle-apres-avoir-tabasse-un-homme-de-86-ans\" class=\"h-flex h-align-items-center h-border-tb h-ptb-15\" rel=\"nofollow noopener\" target=\"_blank\">A\u00a0LIRE\u00a0Lyon : un clandestin alg\u00e9rien de 20 ans interpell\u00e9 apr\u00e8s avoir tabass\u00e9 un homme de 86 ans<\/a><\/p>\n<p>L\u2019homme affirmait \u00e9galement qu\u2019il serait \u00ab bien de commettre des attentats pour la Palestine et de poser des bombes en France \u00bb, rapporte notre confr\u00e8re. Ses envois \u00e9taient accompagn\u00e9s d\u2019images \u00ab d\u2019hommes tortur\u00e9s \u00bb et de \u00ab croix gamm\u00e9es \u00bb, ainsi que de r\u00e9f\u00e9rences explicites \u00e0 Daesh, aux fr\u00e8res Kouachi et \u00e0 Amedy Coulibaly.<\/p>\n<\/p>\n<p>Un profil instable d\u00e9j\u00e0 connu de la justice<\/p>\n<p>Peu de temps apr\u00e8s l\u2019envoi de ces messages, il avait lui-m\u00eame contact\u00e9 Police Secours pour \u00ab se d\u00e9noncer \u00bb, avant d\u2019\u00eatre interpell\u00e9 \u00e0 l\u2019h\u00f4pital psychiatrique du Vinatier o\u00f9 il \u00e9tait suivi. Devant le tribunal, l\u2019individu a reconnu souffrir d\u2019une \u00ab personnalit\u00e9 borderline \u00bb et a d\u00e9crit ses \u00e9motions comme \u00e9tant \u00ab des montagnes russes \u00bb.<\/p>\n<p><a href=\"https:\/\/www.valeursactuelles.com\/regions\/auvergne-rhone-alpes\/rhone\/lyon\/faits-divers\/lyon-sale-raciste-de-merde-un-ancien-candidat-du-rn-insulte-et-frappe-dans-le-metro\" class=\"h-flex h-align-items-center h-border-tb h-ptb-15\" rel=\"nofollow noopener\" target=\"_blank\">A\u00a0LIRE\u00a0Lyon : \u00ab\u00a0Sale raciste de merde\u00a0\u00bb, un ancien candidat du RN insult\u00e9 et frapp\u00e9 dans le m\u00e9tro<\/a><\/p>\n<p>D\u00e9j\u00e0 condamn\u00e9 \u00e0 plusieurs reprises entre 2021 et 2023 pour outrages et menaces de mort contre des magistrats, il \u00e9tait sorti en lib\u00e9ration conditionnelle en avril 2023. \u00ab Il est en col\u00e8re contre des personnes qui incarnent l\u2019autorit\u00e9. Pourquoi \u00eatre en col\u00e8re ainsi alors que cela ne r\u00e9sout rien ? \u00bb, a comment\u00e9 le procureur lors de l\u2019audience, cit\u00e9 par Actu Lyon. Le jeune homme a \u00e9t\u00e9 reconnu coupable de menaces et d\u2019apologie du terrorisme. En plus de sa peine d\u2019un an ferme avec maintien en d\u00e9tention, il devra se soumettre \u00e0 un suivi socio-judiciaire de cinq ans et rester sous obligation de soins, sous peine de deux ann\u00e9es suppl\u00e9mentaires d\u2019emprisonnement.<\/p>\n","protected":false},"excerpt":{"rendered":"Faits divers Un jeune homme de 25 ans, ancien animateur pour le Crous en service civique, a \u00e9t\u00e9&hellip;\n","protected":false},"author":2,"featured_media":337598,"comment_status":"","ping_status":"","sticky":false,"template":"","format":"standard","meta":{"footnotes":""},"categories":[1889],"tags":[1111,11,2430,47391,1777,674,1011,27,2428,2824,7775,12,14583,25,1265],"class_list":{"0":"post-337597","1":"post","2":"type-post","3":"status-publish","4":"format-standard","5":"has-post-thumbnail","7":"category-lyon","8":"tag-actu","9":"tag-actualites","10":"tag-auvergne-rhone-alpes","11":"tag-egorge","12":"tag-eu","13":"tag-europe","14":"tag-fr","15":"tag-france","16":"tag-lyon","17":"tag-menaces","18":"tag-menaces-de-mort","19":"tag-news","20":"tag-prefet","21":"tag-republique-francaise","22":"tag-viol"},"share_on_mastodon":{"url":"https:\/\/pubeurope.com\/@fr\/115075834520555465","error":""},"_links":{"self":[{"href":"https:\/\/www.europesays.com\/fr\/wp-json\/wp\/v2\/posts\/337597","targetHints":{"allow":["GET"]}}],"collection":[{"href":"https:\/\/www.europesays.com\/fr\/wp-json\/wp\/v2\/posts"}],"about":[{"href":"https:\/\/www.europesays.com\/fr\/wp-json\/wp\/v2\/types\/post"}],"author":[{"embeddable":true,"href":"https:\/\/www.europesays.com\/fr\/wp-json\/wp\/v2\/users\/2"}],"replies":[{"embeddable":true,"href":"https:\/\/www.europesays.com\/fr\/wp-json\/wp\/v2\/comments?post=337597"}],"version-history":[{"count":0,"href":"https:\/\/www.europesays.com\/fr\/wp-json\/wp\/v2\/posts\/337597\/revisions"}],"wp:featuredmedia":[{"embeddable":true,"href":"https:\/\/www.europesays.com\/fr\/wp-json\/wp\/v2\/media\/337598"}],"wp:attachment":[{"href":"https:\/\/www.europesays.com\/fr\/wp-json\/wp\/v2\/media?parent=337597"}],"wp:term":[{"taxonomy":"category","embeddable":true,"href":"https:\/\/www.europesays.com\/fr\/wp-json\/wp\/v2\/categories?post=337597"},{"taxonomy":"post_tag","embeddable":true,"href":"https:\/\/www.europesays.com\/fr\/wp-json\/wp\/v2\/tags?post=337597"}],"curies":[{"name":"wp","href":"https:\/\/api.w.org\/{rel}","templated":true}]}}