{"id":337605,"date":"2025-08-23T03:01:24","date_gmt":"2025-08-23T03:01:24","guid":{"rendered":"https:\/\/www.europesays.com\/fr\/337605\/"},"modified":"2025-08-23T03:01:24","modified_gmt":"2025-08-23T03:01:24","slug":"rentree-2025-a-vos-agendas","status":"publish","type":"post","link":"https:\/\/www.europesays.com\/fr\/337605\/","title":{"rendered":"Rentr\u00e9e 2025 : \u00e0 vos agendas"},"content":{"rendered":"<p class=\"fil-ariane-module--rootAriane--7947f\"><a class=\"fil-ariane-module--linkStyle--6ad74\" href=\"https:\/\/www.sciencespo.fr\/fr\/\" rel=\"nofollow noopener\" target=\"_blank\">Accueil<\/a>&gt;Rentr\u00e9e 2025 : \u00e0 vos agendas<\/p>\n<p>Journ\u00e9es portes ouvertes 2025<\/p>\n<p><img decoding=\"async\" alt=\"\" role=\"presentation\" aria-hidden=\"true\" src=\"data:image\/svg+xml;charset=utf-8,%3Csvg%20height='800'%20width='1200'%20xmlns='http:\/\/www.w3.org\/2000\/svg'%20version='1.1'%3E%3C\/svg%3E\" style=\"max-width:100%;display:block;position:static\"\/><img data-gatsby-image-ssr=\"\" data-ecoweb-inline-image=\"1\" data-main-image=\"\" style=\"height:100%;left:0px;position:absolute;top:0px;transform:translateZ(0px);transition:opacity 250ms linear 0s;width:100%;will-change:opacity;opacity:1\"  decoding=\"async\" loading=\"eager\" src=\"https:\/\/www.europesays.com\/fr\/wp-content\/uploads\/2025\/08\/0096_20220411_MOREL_MV_4002_Web_Sciences_Po_Paris_1200_6b0a14a31e.webp.webp\"  alt=\"\"\/>\u00c9tudiants devant l&rsquo;entr\u00e9e du 1, Saint-Thomas (cr\u00e9dits : Pierre Morel)Portes ouvertes bachelor 2025<\/p>\n<p>Venez rencontrer nos \u00e9quipes et nos \u00e9tudiants au sein de nos campus en r\u00e9gion.<\/p>\n<p><a href=\"https:\/\/forms.sciencespo.fr\/jpo-campus-inscription\" target=\"_blank\" rel=\"noopener noreferrer nofollow\"><strong>Inscrivez-vous<\/strong><\/a><\/p>\n<p>Portes ouvertes masters 2025<\/p>\n<p>D\u00e9couvrez nos 30 masters et \u00e9changez avec les \u00e9quipes et les \u00e9tudiants de nos 7 \u00c9coles professionnelles.<\/p>\n<p><a href=\"https:\/\/forms.sciencespo.fr\/journee-masters-inscription\" target=\"_blank\" rel=\"noopener noreferrer nofollow\"><strong>Inscrivez-vous<\/strong><\/a><\/p>\n","protected":false},"excerpt":{"rendered":"Accueil&gt;Rentr\u00e9e 2025 : \u00e0 vos agendas Journ\u00e9es portes ouvertes 2025 \u00c9tudiants devant l&rsquo;entr\u00e9e du 1, Saint-Thomas (cr\u00e9dits :&hellip;\n","protected":false},"author":2,"featured_media":337606,"comment_status":"","ping_status":"","sticky":false,"template":"","format":"standard","meta":{"footnotes":""},"categories":[1888],"tags":[1111,1928,11,1927,1777,674,1011,27,12,1926,626,1925,25],"class_list":{"0":"post-337605","1":"post","2":"type-post","3":"status-publish","4":"format-standard","5":"has-post-thumbnail","7":"category-paris","8":"tag-actu","9":"tag-actu-paris","10":"tag-actualites","11":"tag-actualites-paris","12":"tag-eu","13":"tag-europe","14":"tag-fr","15":"tag-france","16":"tag-news","17":"tag-news-paris","18":"tag-paris","19":"tag-paris-news","20":"tag-republique-francaise"},"share_on_mastodon":{"url":"https:\/\/pubeurope.com\/@fr\/115075854519924361","error":""},"_links":{"self":[{"href":"https:\/\/www.europesays.com\/fr\/wp-json\/wp\/v2\/posts\/337605","targetHints":{"allow":["GET"]}}],"collection":[{"href":"https:\/\/www.europesays.com\/fr\/wp-json\/wp\/v2\/posts"}],"about":[{"href":"https:\/\/www.europesays.com\/fr\/wp-json\/wp\/v2\/types\/post"}],"author":[{"embeddable":true,"href":"https:\/\/www.europesays.com\/fr\/wp-json\/wp\/v2\/users\/2"}],"replies":[{"embeddable":true,"href":"https:\/\/www.europesays.com\/fr\/wp-json\/wp\/v2\/comments?post=337605"}],"version-history":[{"count":0,"href":"https:\/\/www.europesays.com\/fr\/wp-json\/wp\/v2\/posts\/337605\/revisions"}],"wp:featuredmedia":[{"embeddable":true,"href":"https:\/\/www.europesays.com\/fr\/wp-json\/wp\/v2\/media\/337606"}],"wp:attachment":[{"href":"https:\/\/www.europesays.com\/fr\/wp-json\/wp\/v2\/media?parent=337605"}],"wp:term":[{"taxonomy":"category","embeddable":true,"href":"https:\/\/www.europesays.com\/fr\/wp-json\/wp\/v2\/categories?post=337605"},{"taxonomy":"post_tag","embeddable":true,"href":"https:\/\/www.europesays.com\/fr\/wp-json\/wp\/v2\/tags?post=337605"}],"curies":[{"name":"wp","href":"https:\/\/api.w.org\/{rel}","templated":true}]}}