{"id":337611,"date":"2025-08-23T03:04:13","date_gmt":"2025-08-23T03:04:13","guid":{"rendered":"https:\/\/www.europesays.com\/fr\/337611\/"},"modified":"2025-08-23T03:04:13","modified_gmt":"2025-08-23T03:04:13","slug":"reunir-poutine-et-zelensky-cest-meler-lhuile-et-le-vinaigre","status":"publish","type":"post","link":"https:\/\/www.europesays.com\/fr\/337611\/","title":{"rendered":"\u00abR\u00e9unir Poutine et Zelensky, c&rsquo;est m\u00ealer l\u2019huile et le vinaigre\u00bb"},"content":{"rendered":"<p>La Russie a affirm\u00e9 vendredi qu\u2019il n\u2019y avait \u00abpas de rencontre pr\u00e9vue\u00bb entre le pr\u00e9sident russe Vladimir Poutine et son homologue ukrainien Volodymyr Zelensky, selon le chef de la diplomatie russe Sergue\u00ef Lavrov.<\/p>\n<p><img loading=\"lazy\" decoding=\"async\" src=\"https:\/\/www.europesays.com\/fr\/wp-content\/uploads\/2025\/08\/d271dd36-2323-41c8-9dd4-734336da7963.jpg\" alt=\"Le ministre des Affaires \u00e9trang\u00e8res russe Serge\u00ef Lavrov.\" title=\"Le ministre des Affaires \u00e9trang\u00e8res russe Serge\u00ef Lavrov.\"  width=\"1200\" height=\"800\"\/><\/p>\n<p>Le ministre des Affaires \u00e9trang\u00e8res russe Serge\u00ef Lavrov.<\/p>\n<p>Alexander Zemlianichenko\/AP Pool\/dpa<\/p>\n<p>\u00abIl n\u2019y pas de rencontre pr\u00e9vue (&#8230;), Poutine est pr\u00eat \u00e0 rencontrer Zelensky lorsque l\u2019ordre du jour de ce sommet sera pr\u00eat. Et cet ordre du jour n\u2019est absolument pas pr\u00eat\u00bb, a assur\u00e9 M. Lavrov dans une interview \u00e0 la cha\u00eene am\u00e9ricaine NBC diffus\u00e9e vendredi.<\/p>\n<p>Le dirigeant am\u00e9ricain Donald Trump, qui ambitionne de mettre fin le plus rapidement possible \u00e0 l\u2019assaut russe contre l\u2019Ukraine lanc\u00e9 en 2022, a annonc\u00e9 pr\u00e9parer une rencontre entre les pr\u00e9sidents russe Vladimir Poutine et ukrainien Volodymyr Zelensky, mais la participation des deux dirigeants semble loin d\u2019\u00eatre acquise.<\/p>\n<p>Selon M. Lavrov, Washington aimerait que les bellig\u00e9rants acceptent \u00abplusieurs principes\u00bb en vue du futur r\u00e8glement, notamment la non-adh\u00e9sion de l\u2019Ukraine \u00e0 l\u2019Otan et la discussion d\u2019\u00e9changes territoriaux. Mais \u00abZelensky a dit +non+ \u00e0 tout cela\u00bb, a accus\u00e9 Sergue\u00ef Lavrov.<\/p>\n<p>Le Kremlin est d\u2019accord sur le principe d\u2019une rencontre entre Vladimir Poutine et Volodymyr Zelensky mais souhaite que celle-ci intervienne dans la phase finale des pourparlers de paix entre les deux pays. Or, les positions des deux camps semblent toujours irr\u00e9conciliables.<\/p>\n<p>M. Zelensky s\u2019est de son c\u00f4t\u00e9 dit \u00e0 de nombreuses reprises ces derniers mois pr\u00eat \u00e0 rencontrer son homologue russe, malgr\u00e9 un d\u00e9cret qu\u2019il a sign\u00e9 en 2022 prohibant toute n\u00e9gociation avec M. Poutine.<\/p>\n","protected":false},"excerpt":{"rendered":"La Russie a affirm\u00e9 vendredi qu\u2019il n\u2019y avait \u00abpas de rencontre pr\u00e9vue\u00bb entre le pr\u00e9sident russe Vladimir Poutine&hellip;\n","protected":false},"author":2,"featured_media":337612,"comment_status":"","ping_status":"","sticky":false,"template":"","format":"standard","meta":{"footnotes":""},"categories":[1591],"tags":[11,1887,12,1885,1886,132],"class_list":{"0":"post-337611","1":"post","2":"type-post","3":"status-publish","4":"format-standard","5":"has-post-thumbnail","7":"category-russie","8":"tag-actualites","9":"tag-federation-de-russie","10":"tag-news","11":"tag-russia","12":"tag-russian-federation","13":"tag-russie"},"share_on_mastodon":{"url":"https:\/\/pubeurope.com\/@fr\/115075866056143705","error":""},"_links":{"self":[{"href":"https:\/\/www.europesays.com\/fr\/wp-json\/wp\/v2\/posts\/337611","targetHints":{"allow":["GET"]}}],"collection":[{"href":"https:\/\/www.europesays.com\/fr\/wp-json\/wp\/v2\/posts"}],"about":[{"href":"https:\/\/www.europesays.com\/fr\/wp-json\/wp\/v2\/types\/post"}],"author":[{"embeddable":true,"href":"https:\/\/www.europesays.com\/fr\/wp-json\/wp\/v2\/users\/2"}],"replies":[{"embeddable":true,"href":"https:\/\/www.europesays.com\/fr\/wp-json\/wp\/v2\/comments?post=337611"}],"version-history":[{"count":0,"href":"https:\/\/www.europesays.com\/fr\/wp-json\/wp\/v2\/posts\/337611\/revisions"}],"wp:featuredmedia":[{"embeddable":true,"href":"https:\/\/www.europesays.com\/fr\/wp-json\/wp\/v2\/media\/337612"}],"wp:attachment":[{"href":"https:\/\/www.europesays.com\/fr\/wp-json\/wp\/v2\/media?parent=337611"}],"wp:term":[{"taxonomy":"category","embeddable":true,"href":"https:\/\/www.europesays.com\/fr\/wp-json\/wp\/v2\/categories?post=337611"},{"taxonomy":"post_tag","embeddable":true,"href":"https:\/\/www.europesays.com\/fr\/wp-json\/wp\/v2\/tags?post=337611"}],"curies":[{"name":"wp","href":"https:\/\/api.w.org\/{rel}","templated":true}]}}