{"id":337615,"date":"2025-08-23T03:06:14","date_gmt":"2025-08-23T03:06:14","guid":{"rendered":"https:\/\/www.europesays.com\/fr\/337615\/"},"modified":"2025-08-23T03:06:14","modified_gmt":"2025-08-23T03:06:14","slug":"jeffrey-kruse-le-chef-du-renseignement-militaire-americain-limoge-apres-un-rapport-sur-les-frappes-en-iran","status":"publish","type":"post","link":"https:\/\/www.europesays.com\/fr\/337615\/","title":{"rendered":"Jeffrey Kruse, le chef du renseignement militaire am\u00e9ricain, limog\u00e9 apr\u00e8s un rapport sur les frappes en Iran"},"content":{"rendered":"<p>                          <img loading=\"lazy\" decoding=\"async\" src=\"https:\/\/www.europesays.com\/fr\/wp-content\/uploads\/2025\/08\/8fa4d06_ftp-import-images-1-vjflhmeuqfqc-5691850-01-06.jpg\" alt=\"Le chef du renseignement militaire am\u00e9ricain Jeffrey Kruse t\u00e9moigne lors d\u2019une commission sp\u00e9ciale du S\u00e9nat, \u00e0\u00a0Washington, en\u00a0mars\u00a02024.\"   width=\"664\" height=\"443\"\/>    Le chef du renseignement militaire am\u00e9ricain Jeffrey Kruse t\u00e9moigne lors d\u2019une commission sp\u00e9ciale du S\u00e9nat, \u00e0\u00a0Washington, en\u00a0mars\u00a02024.  SAUL LOEB\/AFP                          <\/p>\n<p class=\"article__paragraph  \">Jeffrey Kruse \u00ab\u00a0n\u2019assumera plus les fonctions de directeur de la DIA [Defense Intelligence Agency]\u00a0\u00bb, l\u2019agence du renseignement militaire des Etats-Unis, a d\u00e9clar\u00e9, vendredi 22\u00a0ao\u00fbt, un haut responsable militaire, sous couvert d\u2019anonymat. Il n\u2019a pas avanc\u00e9 de raison mais ce renvoi survient peu de temps apr\u00e8s la parution d\u2019un rapport qui a fortement d\u00e9plu \u00e0\u00a0Donald Trump.<\/p>\n<p>                                            Voir l\u2019enqu\u00eate vid\u00e9o |  Article r\u00e9serv\u00e9 \u00e0 nos abonn\u00e9s  <a href=\"https:\/\/www.lemonde.fr\/international\/video\/2025\/07\/12\/israel-iran-quelle-est-l-ampleur-du-coup-porte-au-programme-nucleaire-iranien_6620881_3210.html\" class=\"js-article-read-also catcher--favoris__link\" data-premium=\"1\" id=\"article-title-3430995\" rel=\"nofollow noopener\" target=\"_blank\">Isra\u00ebl-Iran\u00a0: quelle est l\u2019ampleur du coup port\u00e9 au programme nucl\u00e9aire iranien\u00a0?<\/a>    <\/p>\n<p>   Lire plus tard  <\/p>\n<p class=\"article__paragraph  \">Dans ce document, les services du lieutenant g\u00e9n\u00e9ral Jeffrey Kruse, qui occupait son poste depuis le d\u00e9but de 2024, estimaient que les frappes men\u00e9es en juin par les Etats-Unis en Iran avaient retard\u00e9 de plusieurs ann\u00e9es le programme nucl\u00e9aire de T\u00e9h\u00e9ran. Ce rapport, dont la presse s\u2019est fait l\u2019\u00e9cho, diff\u00e8re sensiblement des affirmations de Donald Trump, qui mart\u00e8le que les attaques en question ont totalement d\u00e9truit les sites vis\u00e9s.<\/p>\n<p class=\"article__paragraph  \">Un autre responsable, qui a requis l\u2019anonymat, a affirm\u00e9 que deux autres hauts responsables, la vice-amirale d\u2019escadre Nancy Lacore, cheffe de la r\u00e9serve de la Marine, et le contre-amiral Milton Sands, quittaient \u00e9galement leurs fonctions.<\/p>\n<p>                    Crainte d\u2019une politisation de l\u2019arm\u00e9e                    <\/p>\n<p class=\"article__paragraph  \">Depuis son retour au pouvoir, Donald Trump a pr\u00e9sid\u00e9 au renvoi de multiples hauts responsables du Pentagone, \u00e0 commencer par le chef d\u2019\u00e9tat-major des arm\u00e9es, Charles Brown, remerci\u00e9 en f\u00e9vrier sans explications. Le ministre de la d\u00e9fense, Pete Hegseth, un fid\u00e8le du pr\u00e9sident, d\u00e9fend le droit de ce dernier \u00e0 choisir les chefs de l\u2019arm\u00e9e comme il l\u2019entend, mais des \u00e9lus d\u00e9mocrates se sont inqui\u00e9t\u00e9s d\u2019une possible politisation de cette derni\u00e8re.<\/p>\n<p>                                       Lire aussi |  <a href=\"https:\/\/www.lemonde.fr\/international\/article\/2025\/02\/22\/donald-trump-remplace-le-chef-d-etat-major-militaire-le-plus-haut-grade-des-forces-armees-americaines_6558255_3210.html\" class=\"js-article-read-also catcher--favoris__link\" data-premium=\"\" id=\"article-title-3411459\" rel=\"nofollow noopener\" target=\"_blank\">Donald Trump remplace le chef d\u2019\u00e9tat-major, militaire le plus haut grad\u00e9 des forces arm\u00e9es am\u00e9ricaines<\/a>    <\/p>\n<p>   Lire plus tard  <\/p>\n<p class=\"article__paragraph  \">Pete Hegseth avait men\u00e9 la contre-attaque apr\u00e8s que le rapport du renseignement militaire sur les frappes en Iran eut circul\u00e9 dans la presse. Selon lui, le document \u00ab\u00a0a fuit\u00e9 parce que quelqu\u2019un veut essayer de (\u2026) faire croire que ces frappes historiques n\u2019ont pas \u00e9t\u00e9 un succ\u00e8s\u00a0\u00bb.<\/p>\n<p class=\"article__paragraph  \">Donald Trump, que son ancien chef d\u2019\u00e9tat-major, le g\u00e9n\u00e9ral Mark Milley, avait qualifi\u00e9 d\u2019\u00ab\u00a0aspirant dictateur\u00a0\u00bb, a fait de la loyaut\u00e9 le principal crit\u00e8re de recrutement de son second mandat. Il applique \u00e9galement cette logique \u00e0 l\u2019arm\u00e9e, historiquement neutre, pour laquelle il a une fascination non dissimul\u00e9e. Le pr\u00e9sident am\u00e9ricain a par exemple organis\u00e9 \u00e0 Washington une rare parade militaire le 14\u00a0juin, date qui marquait 250\u00a0ans depuis la cr\u00e9ation de l\u2019arm\u00e9e am\u00e9ricaine, et qui se trouve aussi \u00eatre celle de son anniversaire. Il a d\u00e9ploy\u00e9 la garde nationale, un corps de r\u00e9serve, \u00e0 Los Angeles puis \u00e0 Washington.<\/p>\n<p class=\"article__paragraph  \">Plusieurs hauts responsables civils ont aussi \u00e9t\u00e9 limog\u00e9s par le milliardaire de 79\u00a0ans. Donald Trump a par exemple r\u00e9cemment renvoy\u00e9 la directrice de la principale agence de statistiques sur l\u2019emploi apr\u00e8s la publication de mauvais chiffres sur le march\u00e9 du travail, <a href=\"https:\/\/www.lemonde.fr\/international\/article\/2025\/08\/12\/donald-trump-nomme-e-j-antoni-a-la-tete-du-bureau-des-statistiques-de-l-emploi-apres-le-renvoi-controverse-de-son-ex-patronne_6628367_3210.html?search-type=classic&amp;ise_click_rank=2\" rel=\"nofollow noopener\" target=\"_blank\">et il a nomm\u00e9 \u00e0 sa place E. J.\u00a0Antoni<\/a>, un \u00e9conomiste\u00a0qui lui est fid\u00e8le.<\/p>\n<p>                                       Lire le r\u00e9cit |  Article r\u00e9serv\u00e9 \u00e0 nos abonn\u00e9s  <a href=\"https:\/\/www.lemonde.fr\/histoire\/article\/2025\/07\/20\/l-accord-nucleaire-eurodif-poison-lent-de-la-relation-entre-la-france-et-l-iran_6622329_4655323.html\" class=\"js-article-read-also catcher--favoris__link\" data-premium=\"1\" id=\"article-title-3430524\" rel=\"nofollow noopener\" target=\"_blank\">Quand la France promettait de l\u2019uranium enrichi \u00e0 l\u2019Iran\u00a0: aux origines d\u2019un pacte nucl\u00e9aire maudit<\/a>    <\/p>\n<p>   Lire plus tard  <\/p>\n<p class=\"author__detail\">  Le Monde avec AFP  <\/p>\n","protected":false},"excerpt":{"rendered":"Le chef du renseignement militaire am\u00e9ricain Jeffrey Kruse t\u00e9moigne lors d\u2019une commission sp\u00e9ciale du S\u00e9nat, \u00e0\u00a0Washington, en\u00a0mars\u00a02024. SAUL&hellip;\n","protected":false},"author":2,"featured_media":337616,"comment_status":"","ping_status":"","sticky":false,"template":"","format":"standard","meta":{"footnotes":""},"categories":[1589],"tags":[11,73,1866,12,1864,1865,1863,308],"class_list":{"0":"post-337615","1":"post","2":"type-post","3":"status-publish","4":"format-standard","5":"has-post-thumbnail","7":"category-etats-unis","8":"tag-actualites","9":"tag-etats-unis","10":"tag-etats-unis-damerique","11":"tag-news","12":"tag-united-states","13":"tag-united-states-of-america","14":"tag-us","15":"tag-usa"},"share_on_mastodon":{"url":"https:\/\/pubeurope.com\/@fr\/115075873851548950","error":""},"_links":{"self":[{"href":"https:\/\/www.europesays.com\/fr\/wp-json\/wp\/v2\/posts\/337615","targetHints":{"allow":["GET"]}}],"collection":[{"href":"https:\/\/www.europesays.com\/fr\/wp-json\/wp\/v2\/posts"}],"about":[{"href":"https:\/\/www.europesays.com\/fr\/wp-json\/wp\/v2\/types\/post"}],"author":[{"embeddable":true,"href":"https:\/\/www.europesays.com\/fr\/wp-json\/wp\/v2\/users\/2"}],"replies":[{"embeddable":true,"href":"https:\/\/www.europesays.com\/fr\/wp-json\/wp\/v2\/comments?post=337615"}],"version-history":[{"count":0,"href":"https:\/\/www.europesays.com\/fr\/wp-json\/wp\/v2\/posts\/337615\/revisions"}],"wp:featuredmedia":[{"embeddable":true,"href":"https:\/\/www.europesays.com\/fr\/wp-json\/wp\/v2\/media\/337616"}],"wp:attachment":[{"href":"https:\/\/www.europesays.com\/fr\/wp-json\/wp\/v2\/media?parent=337615"}],"wp:term":[{"taxonomy":"category","embeddable":true,"href":"https:\/\/www.europesays.com\/fr\/wp-json\/wp\/v2\/categories?post=337615"},{"taxonomy":"post_tag","embeddable":true,"href":"https:\/\/www.europesays.com\/fr\/wp-json\/wp\/v2\/tags?post=337615"}],"curies":[{"name":"wp","href":"https:\/\/api.w.org\/{rel}","templated":true}]}}