{"id":337621,"date":"2025-08-23T03:09:17","date_gmt":"2025-08-23T03:09:17","guid":{"rendered":"https:\/\/www.europesays.com\/fr\/337621\/"},"modified":"2025-08-23T03:09:17","modified_gmt":"2025-08-23T03:09:17","slug":"un-bilan-jamais-vu-pour-les-feux-de-foret-en-2025-liberation","status":"publish","type":"post","link":"https:\/\/www.europesays.com\/fr\/337621\/","title":{"rendered":"un bilan jamais vu pour les feux de for\u00eat en 2025 \u2013 Lib\u00e9ration"},"content":{"rendered":"<p class=\"sc-ksZaOG ehjQrN text-element\">Une superficie plus grande que la Corse est d\u00e9j\u00e0 partie en fum\u00e9e en 2025 sur le Vieux Continent. Le bilan atteignait 1 015 731 hectares br\u00fbl\u00e9s ce jeudi 21 ao\u00fbt \u00e0 la mi-journ\u00e9e, d\u00e9passant en moins de huit mois le pr\u00e9c\u00e9dent record de 988 524 hectares qui couvrait l\u2019ensemble de l\u2019ann\u00e9e 2017.<\/p>\n<p class=\"sc-ksZaOG ehjQrN text-element\">En plus de ce tableau global, calcul\u00e9 par l\u2019AFP \u00e0 partir des estimations par pays fournies par le syst\u00e8me europ\u00e9en d\u2019information sur les feux de for\u00eat (Effis), quatre pays de l\u2019Union europ\u00e9enne ont eux aussi d\u00e9j\u00e0 battu leur record annuel depuis vingt ans de relev\u00e9s : <a href=\"https:\/\/www.liberation.fr\/environnement\/espagne-les-incendies-generent-des-emissions-de-co2-jamais-vues-20250820_VRWKZPC7LZEP7KTUXYEEWTCCHI\/\" target=\"_blank\" rel=\"noopener\" title=\"https:\/\/www.liberation.fr\/environnement\/espagne-les-incendies-generent-des-emissions-de-co2-jamais-vues-20250820_VRWKZPC7LZEP7KTUXYEEWTCCHI\/\">l\u2019Espagne<\/a>, Chypre, l\u2019Allemagne et la Slovaquie. <\/p>\n<p class=\"sc-ksZaOG ehjQrN text-element\">En proie \u00e0 de nombreux feux dans l\u2019ouest du pays, ayant fait quatre morts, l\u2019Espagne est de loin le pays de l\u2019Union europ\u00e9enne le plus touch\u00e9 par les incendies, avec plus de 400 000 hectares partis en fum\u00e9e, soit pr\u00e8s de 40% des surfaces br\u00fbl\u00e9es dans l\u2019UE cette ann\u00e9e.<\/p>\n<p class=\"sc-ksZaOG ehjQrN text-element\">Quant au Portugal, il conserve son record de 563 530 hectares br\u00fbl\u00e9s en 2017 (le maximum pour un pays de l\u2019UE), mais il n\u2019avait jamais atteint, \u00e0 la date du 21 ao\u00fbt, une telle superficie calcin\u00e9e. Les flammes ont d\u00e9j\u00e0 ravag\u00e9 plus de 274 000 ha de for\u00eat portugaise, <a href=\"https:\/\/www.liberation.fr\/international\/europe\/portugal-les-incendies-font-une-troisieme-victime-20250820_CTHV2WEH7VAUNO55XD62BYOATY\/\" target=\"_blank\" rel=\"noopener\" title=\"https:\/\/www.liberation.fr\/international\/europe\/portugal-les-incendies-font-une-troisieme-victime-20250820_CTHV2WEH7VAUNO55XD62BYOATY\/\">causant la mort de trois personnes<\/a>. En 2017, les incendies avaient caus\u00e9 119 d\u00e9c\u00e8s dans le pays.<\/p>\n<p class=\"sc-ksZaOG ehjQrN text-element\">Derri\u00e8re les deux pays ib\u00e9riques, suit la Roumanie, avec 126 000 ha br\u00fbl\u00e9s. En France, 35 600 hectares de for\u00eat ont \u00e9t\u00e9 r\u00e9duits en cendres, notamment dans l\u2019Aude, <a href=\"https:\/\/www.liberation.fr\/checknews\/incendie-dans-laude-quand-parle-t-on-de-grand-feu-de-feu-exceptionnel-ou-de-megafeu-20250807_CHSJRL2RXNGE5ETB4OYXPK32VY\/\" target=\"_blank\" rel=\"noopener\" title=\"https:\/\/www.liberation.fr\/checknews\/incendie-dans-laude-quand-parle-t-on-de-grand-feu-de-feu-exceptionnel-ou-de-megafeu-20250807_CHSJRL2RXNGE5ETB4OYXPK32VY\/\">ravag\u00e9e par un gigantesque incendie d\u00e9but ao\u00fbt<\/a>.<\/p>\n<p class=\"sc-ksZaOG ehjQrN text-element\">Hors UE, le Royaume-Uni conna\u00eet \u00e9galement d\u00e9j\u00e0 une ann\u00e9e record, apr\u00e8s des incendies au printemps lors d\u2019une vague de chaleur pr\u00e9coce, ainsi que dans le nord de l\u2019Ecosse fin juin. Dans les Balkans, la Serbie enregistre aussi sa pire ann\u00e9e depuis le d\u00e9but des relev\u00e9s. Ces estimations de l\u2019Effis, un indicateur de l\u2019observatoire europ\u00e9en Copernicus, prennent uniquement en compte les incendies ayant br\u00fbl\u00e9 au moins 30 hectares. En 2025, deux personnes sont d\u00e9c\u00e9d\u00e9es \u00e0 cause des feux \u00e0 Chypre, une en France, et sept dans la p\u00e9ninsule ib\u00e9rique, soit un bilan provisoire de dix d\u00e9c\u00e8s, selon un d\u00e9compte de l\u2019AFP.<\/p>\n<p class=\"sc-ksZaOG ehjQrN text-element\">Entre d\u00e9but janvier et le 19 ao\u00fbt, les feux de for\u00eat dans 22 des 27 pays de l\u2019UE avaient \u00e9mis 35 m\u00e9gatonnes de dioxyde de carbone (CO2), un niveau in\u00e9dit \u00e0 ce stade de l\u2019ann\u00e9e, selon l\u2019Effis, laissant pr\u00e9sager un d\u00e9passement du record annuel de 41 m\u00e9gatonnes \u00e9tabli en 2017. Cette ann\u00e9e l\u00e0, les incendies avaient tu\u00e9 plus de 200 personnes dans l\u2019UE, notamment au Portugal, en Italie, en Espagne et en France.<\/p>\n","protected":false},"excerpt":{"rendered":"Une superficie plus grande que la Corse est d\u00e9j\u00e0 partie en fum\u00e9e en 2025 sur le Vieux Continent.&hellip;\n","protected":false},"author":2,"featured_media":337622,"comment_status":"","ping_status":"","sticky":false,"template":"","format":"standard","meta":{"footnotes":""},"categories":[1586],"tags":[11,1777,674,44655,1011,27,12,5140,25,364],"class_list":{"0":"post-337621","1":"post","2":"type-post","3":"status-publish","4":"format-standard","5":"has-post-thumbnail","7":"category-europe","8":"tag-actualites","9":"tag-eu","10":"tag-europe","11":"tag-feux-forets","12":"tag-fr","13":"tag-france","14":"tag-news","15":"tag-rechauffement-climatique","16":"tag-republique-francaise","17":"tag-union-europeenne"},"share_on_mastodon":{"url":"https:\/\/pubeurope.com\/@fr\/115075885553291408","error":""},"_links":{"self":[{"href":"https:\/\/www.europesays.com\/fr\/wp-json\/wp\/v2\/posts\/337621","targetHints":{"allow":["GET"]}}],"collection":[{"href":"https:\/\/www.europesays.com\/fr\/wp-json\/wp\/v2\/posts"}],"about":[{"href":"https:\/\/www.europesays.com\/fr\/wp-json\/wp\/v2\/types\/post"}],"author":[{"embeddable":true,"href":"https:\/\/www.europesays.com\/fr\/wp-json\/wp\/v2\/users\/2"}],"replies":[{"embeddable":true,"href":"https:\/\/www.europesays.com\/fr\/wp-json\/wp\/v2\/comments?post=337621"}],"version-history":[{"count":0,"href":"https:\/\/www.europesays.com\/fr\/wp-json\/wp\/v2\/posts\/337621\/revisions"}],"wp:featuredmedia":[{"embeddable":true,"href":"https:\/\/www.europesays.com\/fr\/wp-json\/wp\/v2\/media\/337622"}],"wp:attachment":[{"href":"https:\/\/www.europesays.com\/fr\/wp-json\/wp\/v2\/media?parent=337621"}],"wp:term":[{"taxonomy":"category","embeddable":true,"href":"https:\/\/www.europesays.com\/fr\/wp-json\/wp\/v2\/categories?post=337621"},{"taxonomy":"post_tag","embeddable":true,"href":"https:\/\/www.europesays.com\/fr\/wp-json\/wp\/v2\/tags?post=337621"}],"curies":[{"name":"wp","href":"https:\/\/api.w.org\/{rel}","templated":true}]}}