{"id":337650,"date":"2025-08-23T03:27:10","date_gmt":"2025-08-23T03:27:10","guid":{"rendered":"https:\/\/www.europesays.com\/fr\/337650\/"},"modified":"2025-08-23T03:27:10","modified_gmt":"2025-08-23T03:27:10","slug":"le-jour-ou-jacques-dutronc-roulait-avec-le-sourire-a-78-km-h","status":"publish","type":"post","link":"https:\/\/www.europesays.com\/fr\/337650\/","title":{"rendered":"le jour o\u00f9 Jacques Dutronc roulait avec le sourire \u00e0 \u00ab 78 \u00bb km\/h"},"content":{"rendered":"<p>            Par<br \/>\n        <strong><br \/>\n            <a href=\"https:\/\/actu.fr\/auteur\/david-goudey\" title=\"Consulter tous les articles de David Goudey\" target=\"_blank\" rel=\"noopener\">David Goudey<\/a><br \/>\n        <\/strong><\/p>\n<p>        Publi\u00e9 le<\/p>\n<p>            22 ao\u00fbt 2025 \u00e0 18h20        <\/p>\n<p>Ce n\u2019est pas le titre de <a href=\"https:\/\/actu.fr\/?s=Jacques+Dutronc\" target=\"_blank\" rel=\"noopener\">Jacques Dutronc<\/a>, \u00e0 l\u2019\u00e9vidence, que les baby-boomers ou ses plus jeunes fans retiennent de sa <b>discographie<\/b>. Pas la chanson dont on a bien du mal \u00e0 se d\u00e9barrasser du refrain, comme un chewing-gum colle \u00e0 la semelle.<\/p>\n<p class=\" wall-content\">En 1970, lorsqu\u2019\u00c0 La Queue-les-Yvelines (\u00ab les\u2009\u00bb, alors que \u00ab\u2009lez\u2009\u00bb aurait \u00e9t\u00e9 plus exact) arrive sur les ondes, le dandy au cigare est d\u00e9j\u00e0 au sommet. L\u2019essentiel de ses<b> monuments<\/b> (<a href=\"https:\/\/www.youtube.com\/watch?v=x8ysx8z3_TQ&amp;list=RDx8ysx8z3_TQ&amp;start_radio=1\" target=\"_blank\" rel=\"noopener\">Et moi, et moi, et moi<\/a>\u2009; <a href=\"https:\/\/www.youtube.com\/watch?v=5fmE3qCTUDo&amp;list=RD5fmE3qCTUDo&amp;start_radio=1\" target=\"_blank\" rel=\"noopener\">Les Play-Boys<\/a>\u2009; <a href=\"https:\/\/www.youtube.com\/watch?v=E05SSymMvdY&amp;list=RDE05SSymMvdY&amp;start_radio=1\" target=\"_blank\" rel=\"noopener\">Les Cactus<\/a>\u2009; <a href=\"https:\/\/www.youtube.com\/watch?v=3WcCg6rm3uM&amp;list=RD3WcCg6rm3uM&amp;start_radio=1\" target=\"_blank\" rel=\"noopener\">Il est cinq heures Paris s\u2019\u00e9veille<\/a>\u2009; <a href=\"https:\/\/www.youtube.com\/watch?v=wA1x6gFWLUk&amp;list=RDwA1x6gFWLUk&amp;start_radio=1\" target=\"_blank\" rel=\"noopener\">Fais pas ci, fais pas \u00e7a<\/a>), d\u00e9voil\u00e9s entre\u00a01966 et\u00a01968, sont d\u00e9j\u00e0 derri\u00e8re lui.<\/p>\n<p class=\" wall-content\">\n<p>Une travers\u00e9e du d\u00e9partement \u00e0 coups de jeux de mots<\/p>\n<p class=\" wall-content\">Pour cette travers\u00e9e amusante et tr\u00e8s rock\u2019n\u2019roll des Yvelines, et tout en jeux de mots (\u00abTu te r\u00e9-<a href=\"https:\/\/actu.fr\/ile-de-france\/jouy-en-josas_78322\" target=\"_blank\" rel=\"noopener\">Jouy-en-Josas<\/a>\u2009\u00bb\u2009; <b>\u00ab\u2009J\u2019aime ta cuisse un peu Maulette\u2009\u00bb<\/b>\u2026), pas tous forc\u00e9ment bien sentis, Jacques Dutronc et son parolier attitr\u00e9 <a href=\"https:\/\/mediaclip.ina.fr\/fr\/i22035585-jacques-dutronc-repond-aux-questions-de-jacques-lanzmann.html\" target=\"_blank\" rel=\"noopener\">Jacques Lanzmann<\/a> font toujours la paire.<\/p>\n<p class=\" wall-content\">On vous \u00e9pargnera une liste \u00e0 la Pr\u00e9vert des communes (14 au total), cit\u00e9es ou sugg\u00e9r\u00e9es (<b>\u00abTu es mon amante, ma jolie\u2009\u00bb<\/b>), que \u00ab\u2009la vieille canaille\u2009\u00bb mitraille en moins de 2\u00a0minutes et 40 secondes chrono.<\/p>\n<p>\u00ab\u2009Yvelivelines, je t\u2019aime Yvelines\u2009\u00bb<\/p>\n<p class=\" wall-content\">Et tant pis si, au hasard de son chemin, il pense \u00eatre toujours dans le 78 lorsqu\u2019il s\u2019\u00e9gare \u00e0 L\u2019Isle-Adam et Goussainville (dans le Val-d\u2019Oise bien s\u00fbr). Peut-\u00eatre n\u2019a-t-il pas eu encore le temps de se familiariser pr\u00e9cis\u00e9ment avec les fronti\u00e8res de ce <b>nouveau d\u00e9partement<\/b>, n\u00e9 officiellement administrativement le 1er\u00a0janvier 1968 apr\u00e8s le d\u00e9membrement de la Seine-et-Oise\u2026<\/p>\n<p class=\" wall-content\">On lui pardonne en fait bien volontiers cette petite \u00ab\u2009infid\u00e9lit\u00e9\u2009\u00bb car, finalement, il le d\u00e9clare sans l\u2019ombre d\u2019un doute\u2009: \u00ab\u2009Yvelivelines, je t\u2019aime Yvelines [\u2026] <b>Tu es tellement demand\u00e9e<\/b>. Tellement fouill\u00e9e et travers\u00e9e. Que pour te prendre sur mon \u00c9p\u00f4ne (\u00e9paule). Je fais La Queue- [dans]-les-Yvelines.\u2009\u00bb<\/p>\n<p>Votre r\u00e9gion, votre actu !<\/p>\n<p>Recevez chaque jour les infos qui comptent pour vous.<\/p>\n<p>\t<a href=\"https:\/\/actu.fr\/newsletter\" class=\"ac-btn ac-btn--corner ac-btn--medium ac-btn--blue800\" target=\"_blank\" rel=\"noopener\">S&rsquo;incrire<\/a><\/p>\n<p class=\" wall-content\">Personnalisez votre actualit\u00e9 en ajoutant vos villes et m\u00e9dias en favori avec <a href=\"https:\/\/moncompte.actu.fr\" title=\"D\u00e9couvez Mon Actu\" rel=\"nofollow noopener\" data-trk=\"{&quot;cta&quot;:{&quot;action&quot;:&quot;https:\\\/\\\/moncompte.actu.fr&quot;,&quot;category&quot;:&quot;mon compte&quot;,&quot;from&quot;:&quot;article footer&quot;,&quot;name&quot;:&quot;Mon actu&quot;,&quot;type&quot;:&quot;cta&quot;}}\" target=\"_blank\">Mon Actu<\/a>.<\/p>\n","protected":false},"excerpt":{"rendered":"Par David Goudey Publi\u00e9 le 22 ao\u00fbt 2025 \u00e0 18h20 Ce n\u2019est pas le titre de Jacques Dutronc,&hellip;\n","protected":false},"author":2,"featured_media":337651,"comment_status":"","ping_status":"","sticky":false,"template":"","format":"standard","meta":{"footnotes":""},"categories":[1355],"tags":[1695,58,59,1011,27,1652,1361,873],"class_list":{"0":"post-337650","1":"post","2":"type-post","3":"status-publish","4":"format-standard","5":"has-post-thumbnail","7":"category-musique","8":"tag-chanson","9":"tag-divertissement","10":"tag-entertainment","11":"tag-fr","12":"tag-france","13":"tag-loisirs-culture","14":"tag-music","15":"tag-musique"},"share_on_mastodon":{"url":"https:\/\/pubeurope.com\/@fr\/115075956353152333","error":""},"_links":{"self":[{"href":"https:\/\/www.europesays.com\/fr\/wp-json\/wp\/v2\/posts\/337650","targetHints":{"allow":["GET"]}}],"collection":[{"href":"https:\/\/www.europesays.com\/fr\/wp-json\/wp\/v2\/posts"}],"about":[{"href":"https:\/\/www.europesays.com\/fr\/wp-json\/wp\/v2\/types\/post"}],"author":[{"embeddable":true,"href":"https:\/\/www.europesays.com\/fr\/wp-json\/wp\/v2\/users\/2"}],"replies":[{"embeddable":true,"href":"https:\/\/www.europesays.com\/fr\/wp-json\/wp\/v2\/comments?post=337650"}],"version-history":[{"count":0,"href":"https:\/\/www.europesays.com\/fr\/wp-json\/wp\/v2\/posts\/337650\/revisions"}],"wp:featuredmedia":[{"embeddable":true,"href":"https:\/\/www.europesays.com\/fr\/wp-json\/wp\/v2\/media\/337651"}],"wp:attachment":[{"href":"https:\/\/www.europesays.com\/fr\/wp-json\/wp\/v2\/media?parent=337650"}],"wp:term":[{"taxonomy":"category","embeddable":true,"href":"https:\/\/www.europesays.com\/fr\/wp-json\/wp\/v2\/categories?post=337650"},{"taxonomy":"post_tag","embeddable":true,"href":"https:\/\/www.europesays.com\/fr\/wp-json\/wp\/v2\/tags?post=337650"}],"curies":[{"name":"wp","href":"https:\/\/api.w.org\/{rel}","templated":true}]}}