{"id":337662,"date":"2025-08-23T03:33:11","date_gmt":"2025-08-23T03:33:11","guid":{"rendered":"https:\/\/www.europesays.com\/fr\/337662\/"},"modified":"2025-08-23T03:33:11","modified_gmt":"2025-08-23T03:33:11","slug":"deux-touristes-arretes-apres-avoir-essaye-descroquer-leur-hotel-de-plus-de-4-000-euros","status":"publish","type":"post","link":"https:\/\/www.europesays.com\/fr\/337662\/","title":{"rendered":"Deux touristes arr\u00eat\u00e9s apr\u00e8s avoir essay\u00e9 d\u2019escroquer leur h\u00f4tel de plus de 4.000 euros"},"content":{"rendered":"<p>Deux touristes fran\u00e7ais de 26 et 28 ans ont \u00e9t\u00e9 arr\u00eat\u00e9s en <a href=\"https:\/\/www.20minutes.fr\/dossier\/espagne\" class=\"c-link c-link--is-underlined\" rel=\"nofollow noopener\" target=\"_blank\">Espagne <\/a>apr\u00e8s avoir tent\u00e9 d\u2019arnaquer leur h\u00f4tel. Alors qu\u2019ils s\u00e9journaient \u00e0 Cambrils, dans la province de Tarragone en <a href=\"https:\/\/www.20minutes.fr\/monde\/catalogne\/\" class=\"c-link c-link--is-underlined\" rel=\"nofollow noopener\" target=\"_blank\">Catalogne<\/a>, ils ont tent\u00e9 de quitter l\u2019\u00e9tablissement sans payer, rapporte le journal local <a href=\"https:\/\/elcaso.elnacional.cat\/ca\/noticies\/fan-servir-intelligencia-artificial-estafar-hotel-cambrils-evitar-pagar-4000-euros-estada_1471877102.html\" target=\"_blank\" class=\"c-link c-link--is-underlined\" rel=\"nofollow noopener\">El Caso<\/a>.<\/p>\n<p>Non pas en partant comme des voleurs, mais en pr\u00e9sentant un re\u00e7u qui avait \u00e9t\u00e9 manipul\u00e9 par <a href=\"https:\/\/www.20minutes.fr\/dossier\/intelligence_artificielle\" class=\"c-link c-link--is-underlined\" rel=\"nofollow noopener\" target=\"_blank\">intelligence artificielle<\/a>. L\u2019objectif \u00e9tait de faire croire au personnel qu\u2019ils avaient d\u00e9j\u00e0 r\u00e9gl\u00e9 le montant total du s\u00e9jour, \u00e0 savoir 4.171,68 euros.<\/p>\n<p>Les employ\u00e9s ont imm\u00e9diatement constat\u00e9 la fraude et ont alors propos\u00e9 aux deux touristes de payer leur d\u00fb. En ne voyant aucune coop\u00e9ration de leur part, l\u2019h\u00f4tel a contact\u00e9 la police. Les deux Fran\u00e7ais sont ainsi accus\u00e9s d\u2019escroquerie et de faux en \u00e9critures.<\/p>\n","protected":false},"excerpt":{"rendered":"Deux touristes fran\u00e7ais de 26 et 28 ans ont \u00e9t\u00e9 arr\u00eat\u00e9s en Espagne apr\u00e8s avoir tent\u00e9 d\u2019arnaquer leur&hellip;\n","protected":false},"author":2,"featured_media":337663,"comment_status":"","ping_status":"","sticky":false,"template":"","format":"standard","meta":{"footnotes":""},"categories":[6],"tags":[47,35,35984,33,34,3513,123,1011,27,2519,3995,74],"class_list":{"0":"post-337662","1":"post","2":"type-post","3":"status-publish","4":"format-standard","5":"has-post-thumbnail","7":"category-economie","8":"tag-actualite","9":"tag-business","10":"tag-catalogne","11":"tag-economie","12":"tag-economy","13":"tag-escroquerie","14":"tag-espagne","15":"tag-fr","16":"tag-france","17":"tag-hotellerie","18":"tag-intelligence-artificielle-ia","19":"tag-monde"},"share_on_mastodon":{"url":"https:\/\/pubeurope.com\/@fr\/115075979948957633","error":""},"_links":{"self":[{"href":"https:\/\/www.europesays.com\/fr\/wp-json\/wp\/v2\/posts\/337662","targetHints":{"allow":["GET"]}}],"collection":[{"href":"https:\/\/www.europesays.com\/fr\/wp-json\/wp\/v2\/posts"}],"about":[{"href":"https:\/\/www.europesays.com\/fr\/wp-json\/wp\/v2\/types\/post"}],"author":[{"embeddable":true,"href":"https:\/\/www.europesays.com\/fr\/wp-json\/wp\/v2\/users\/2"}],"replies":[{"embeddable":true,"href":"https:\/\/www.europesays.com\/fr\/wp-json\/wp\/v2\/comments?post=337662"}],"version-history":[{"count":0,"href":"https:\/\/www.europesays.com\/fr\/wp-json\/wp\/v2\/posts\/337662\/revisions"}],"wp:featuredmedia":[{"embeddable":true,"href":"https:\/\/www.europesays.com\/fr\/wp-json\/wp\/v2\/media\/337663"}],"wp:attachment":[{"href":"https:\/\/www.europesays.com\/fr\/wp-json\/wp\/v2\/media?parent=337662"}],"wp:term":[{"taxonomy":"category","embeddable":true,"href":"https:\/\/www.europesays.com\/fr\/wp-json\/wp\/v2\/categories?post=337662"},{"taxonomy":"post_tag","embeddable":true,"href":"https:\/\/www.europesays.com\/fr\/wp-json\/wp\/v2\/tags?post=337662"}],"curies":[{"name":"wp","href":"https:\/\/api.w.org\/{rel}","templated":true}]}}