{"id":337689,"date":"2025-08-23T03:55:14","date_gmt":"2025-08-23T03:55:14","guid":{"rendered":"https:\/\/www.europesays.com\/fr\/337689\/"},"modified":"2025-08-23T03:55:14","modified_gmt":"2025-08-23T03:55:14","slug":"julio-enciso-a-passe-sa-visite-medicale-pour-rejoindre-strasbourg-alsasports","status":"publish","type":"post","link":"https:\/\/www.europesays.com\/fr\/337689\/","title":{"rendered":"Julio Enciso a pass\u00e9 sa visite m\u00e9dicale pour rejoindre Strasbourg \u2014 Alsa&rsquo;Sports"},"content":{"rendered":"<p><strong>Le milieu offensif paraguayen Julio Enciso a pass\u00e9 sa visite m\u00e9dicale ce vendredi \u00e0 Londres avant de rejoindre Strasbourg, selon Fabrizio Romano. <\/strong><\/p>\n<p>Voil\u00e0 un autre dossier qui se pr\u00e9cise et dont l\u2019officialisation ne devrait plus tarder. D\u2019apr\u00e8s la derni\u00e8re indiscr\u00e9tion de Fabrizio Romano, le milieu offensif Julio Enciso a boucl\u00e9 ce vendredi sa visite m\u00e9dicale \u00e0 Londres et va rejoindre le Racing Club de Strasbourg avant la fin du mercato. Il se murmure que le Paraguayen de 21 ans pourrait ensuite \u00e9voluer \u00e0 Chelsea la saison prochaine, mais il lui faudra bien entendu r\u00e9ussir sa saison en Alsace avant tout. Enciso a \u00e9t\u00e9 pr\u00eat\u00e9 en deuxi\u00e8me partie de saison derni\u00e8re \u00e0 Ipswich (13 matches, 2 buts, 3 passes d\u00e9cisives), et appartient \u00e0 Brighton depuis trois ans. <\/p>\n","protected":false},"excerpt":{"rendered":"Le milieu offensif paraguayen Julio Enciso a pass\u00e9 sa visite m\u00e9dicale ce vendredi \u00e0 Londres avant de rejoindre&hellip;\n","protected":false},"author":2,"featured_media":337690,"comment_status":"","ping_status":"","sticky":false,"template":"","format":"standard","meta":{"footnotes":""},"categories":[2820],"tags":[1111,11,1777,674,63,1011,27,775,12,4448,25,640],"class_list":{"0":"post-337689","1":"post","2":"type-post","3":"status-publish","4":"format-standard","5":"has-post-thumbnail","7":"category-strasbourg","8":"tag-actu","9":"tag-actualites","10":"tag-eu","11":"tag-europe","12":"tag-football","13":"tag-fr","14":"tag-france","15":"tag-grand-est","16":"tag-news","17":"tag-rc-strasbourg","18":"tag-republique-francaise","19":"tag-strasbourg"},"share_on_mastodon":{"url":"https:\/\/pubeurope.com\/@fr\/115076066459171145","error":""},"_links":{"self":[{"href":"https:\/\/www.europesays.com\/fr\/wp-json\/wp\/v2\/posts\/337689","targetHints":{"allow":["GET"]}}],"collection":[{"href":"https:\/\/www.europesays.com\/fr\/wp-json\/wp\/v2\/posts"}],"about":[{"href":"https:\/\/www.europesays.com\/fr\/wp-json\/wp\/v2\/types\/post"}],"author":[{"embeddable":true,"href":"https:\/\/www.europesays.com\/fr\/wp-json\/wp\/v2\/users\/2"}],"replies":[{"embeddable":true,"href":"https:\/\/www.europesays.com\/fr\/wp-json\/wp\/v2\/comments?post=337689"}],"version-history":[{"count":0,"href":"https:\/\/www.europesays.com\/fr\/wp-json\/wp\/v2\/posts\/337689\/revisions"}],"wp:featuredmedia":[{"embeddable":true,"href":"https:\/\/www.europesays.com\/fr\/wp-json\/wp\/v2\/media\/337690"}],"wp:attachment":[{"href":"https:\/\/www.europesays.com\/fr\/wp-json\/wp\/v2\/media?parent=337689"}],"wp:term":[{"taxonomy":"category","embeddable":true,"href":"https:\/\/www.europesays.com\/fr\/wp-json\/wp\/v2\/categories?post=337689"},{"taxonomy":"post_tag","embeddable":true,"href":"https:\/\/www.europesays.com\/fr\/wp-json\/wp\/v2\/tags?post=337689"}],"curies":[{"name":"wp","href":"https:\/\/api.w.org\/{rel}","templated":true}]}}