{"id":337691,"date":"2025-08-23T03:56:12","date_gmt":"2025-08-23T03:56:12","guid":{"rendered":"https:\/\/www.europesays.com\/fr\/337691\/"},"modified":"2025-08-23T03:56:12","modified_gmt":"2025-08-23T03:56:12","slug":"encore-un-immense-bordel-a-cap-3000-quelle-excuse-cette-fois-que-se-passe-t-il-avec-le-parking-du-centre-commercial-de-saint-laurent-du-var","status":"publish","type":"post","link":"https:\/\/www.europesays.com\/fr\/337691\/","title":{"rendered":"\u00ab\u00a0Encore un immense bordel \u00e0 Cap 3000. Quelle excuse cette fois?\u00a0\u00bb: que se passe-t-il avec le parking du centre commercial de Saint-Laurent-du-Var?"},"content":{"rendered":"<p>\u00ab\u00a0Depuis 17h15 impossible de sortir de Cap 3000. Il est 20h39, je suis oblig\u00e9e de manger sur place, car c\u2019est encore totalement bloqu\u00e9. C\u2019est inadmissible! Plus jamais!\u00a0\u00bb,\u00a0rage Caro. \u00ab\u00a0Encore un immense bordel \u00e0 Cap 3000. Quelle excuse encore? Plus de 45 minutes pour se garer et une fois \u00e0 l\u2019int\u00e9rieur on vous incite \u00e0 bien rester \u00e0 l\u2019int\u00e9rieur, car les parkings sont bloqu\u00e9s. Chaleur, pas un agent de s\u00e9curit\u00e9 pour guider ou fluidifier\u00a0\u00bb, abonde Julien.<\/p>\n<p>M\u00eame constat pour Emma: \u00ab\u00a0Le parking de Cap 3000 est satur\u00e9 depuis plusieurs heures. Nous sommes bloqu\u00e9s au troisi\u00e8me \u00e9tage du parking. Un r\u00e9el scandale. Une organisation d\u00e9plorable. Beaucoup de familles avec enfants ont d\u00fb retourner dans le centre commercial et aller manger \u00e0 leurs frais.\u00a0\u00bb<\/p>\n<p>Mercredi 20 ao\u00fbt, les clients de Cap 3000 avaient l\u2019impression de revivre l\u2019exp\u00e9rience malheureuse du 29 juin dernier. Ce jour-l\u00e0 les restrictions de circulation dues \u00e0 l\u2019Ironman et un accident sur l\u2019A8 avaient paralys\u00e9 le trafic et emp\u00each\u00e9 les clients de sortir du centre commercial.<\/p>\n<p><strong>Pluie, accident sur l\u2019autoroute A8 et tr\u00e8s forte fr\u00e9quentation du centre commercial<\/strong><\/p>\n<p>Alors que s\u2019est-il pass\u00e9 le 20 ao\u00fbt? Apr\u00e8s-midi pluvieuse, les clients, locaux et touristes, \u00e9taient tr\u00e8s nombreux dans le centre commercial. Sauf qu\u2019\u00e0 l\u2019heure de rentrer chez eux, ceux qui avaient stationn\u00e9 leur voiture dans les deux immenses parkings de 4.200 places se sont retrouv\u00e9s coinc\u00e9s, malgr\u00e9 les annonces micro invitant les clients \u00e0 prolonger leur visite et la lev\u00e9e des barri\u00e8res pour fluidifier les sorties.<\/p>\n<p>\u00ab\u00a0\u00c0 partir de 17h la circulation \u00e9tait tr\u00e8s dense sur l\u2019autoroute A8 dans les deux sens de circulation, signale Vinci Autoroutes. \u00c0 17h47, un accident a eu lieu entre deux v\u00e9hicules dans le sens Nice-Antibes un peu apr\u00e8s Villeneuve-Loubet. \u00c0 18h42, les automobilistes accident\u00e9s et leurs v\u00e9hicules ont \u00e9t\u00e9 \u00e9vacu\u00e9s. Il y a eu jusqu\u2019\u00e0 16 kilom\u00e8tres de bouchon entre Nice Saint-Isidore et un peu apr\u00e8s Villeneuve-Loubet. Le trafic est revenu \u00e0 la normale en d\u00e9but de soir\u00e9e.\u00a0\u00bb<\/p>\n<p>\u00ab\u00a0En voyant la situation d\u2019engorgement du trafic routier, la police municipale a contact\u00e9 le centre commercial, indique la Ville de Saint-Laurent-du-Var. Cap 3000 leur a r\u00e9pondu qu\u2019il g\u00e9rait la situation.\u00a0\u00bb<\/p>\n<p><strong>\u00ab\u00a0En cas d&rsquo;incendie et d&rsquo;\u00e9vacuation, tous les dispositifs sont pr\u00e9vus et test\u00e9s\u00a0\u00bb<\/strong><\/p>\n<p>              <img ci-src=\"https:\/\/www.nicematin.com\/transports\/protec\/DATA_ART_16118758-s0KoT9lw.jpg?vh=610fee&amp;ci_seal=1b160fd3eb\" alt=\"\"\/><br \/>\n        Immense embouteillage, mercredi 20 ao\u00fbt, dans le parking du centre commercial Cap 3000.  <strong>Photo DR.<\/strong> <\/p>\n<p>Les parkings de 4.200 places sont-ils trop grands pour le r\u00e9seau routier? Les clients et les salari\u00e9s courent-ils un risque dans ces embouteillages monstres \u00e0 l\u2019int\u00e9rieur des parkings de Cap 3000? Contact\u00e9 \u00e0 de multiples reprises, le centre commercial n\u2019a pas r\u00e9pondu \u00e0 nos sollicitations.<\/p>\n<p>De son c\u00f4t\u00e9 la pr\u00e9fecture explique qu\u2019\u00a0\u00bbau niveau de la s\u00e9curit\u00e9 incendie, Cap 3000 a un avis favorable. La derni\u00e8re visite de la sous-commission d\u00e9partementale remonte au 2 d\u00e9cembre 2024. Il s&rsquo;agit d&rsquo;un \u00e9tablissement r\u00e9guli\u00e8rement contr\u00f4l\u00e9 &#8211; peut-\u00eatre le plus contr\u00f4l\u00e9 du d\u00e9partement &#8211; car il y a pratiquement tous les mois des ouvertures de boutiques ou des changements d&rsquo;enseignes.\u00a0\u00bb<\/p>\n<p>Et la pr\u00e9fecture de poursuivre: \u00ab\u00a0En cas d&rsquo;incendie et d&rsquo;\u00e9vacuation, tous les dispositifs sont pr\u00e9vus et test\u00e9s: alarme, d\u00e9senfumage des parties communes, sprinklage (t\u00eates de d\u00e9tection qui se d\u00e9clenchent en projetant de l&rsquo;eau en cas d&rsquo;\u00e9l\u00e9vation de la temp\u00e9rature). Il y a \u00e9galement un poste de secours surveill\u00e9 par le service de s\u00e9curit\u00e9 incendie et d&rsquo;assistance \u00e0 personnes (SSIAP) et des cam\u00e9ras implant\u00e9es dans tous les locaux. En cas d&rsquo;\u00e9vacuation \u00e0 la suite d\u2019un incendie, le SSIAP a la consigne d&rsquo;encadrer le public et de le diriger aux diff\u00e9rents points de rassemblements pr\u00e9vus \u00e0 l&rsquo;ext\u00e9rieur.\u00a0\u00bb<\/p>\n<p><strong>\u00ab\u00a0Nous allons faire des am\u00e9nagements\u00a0\u00bb<\/strong><\/p>\n<p>Alors comment faire pour qu\u2019une telle situation d\u2019engorgement ne se renouvelle pas? \u00ab\u00a0Ce n\u2019est pas un secteur facile \u00e0 g\u00e9rer, avertit Ga\u00ebl Nofri, vice-pr\u00e9sident de la M\u00e9tropole d\u00e9l\u00e9gu\u00e9 aux Mobilit\u00e9s et aux Transports. Les accidents sur l\u2019A8 peuvent paralyser tout le secteur. Nous allons apporter certaines modifications pour fluidifier le trafic. En octobre, nous allons faire des am\u00e9nagements pour mettre \u00e0 double sens la bretelle Fr\u00e9d\u00e9ric-Mistral. \u00c7a permettra aux usagers de Cap 3000 d\u2019avoir un nouvel acc\u00e8s. Nous travaillons \u00e9galement \u00e0 une meilleure coordination des feux de circulation entre les avenues Fr\u00e9d\u00e9ric-Mistral et Cyrnos pour \u00e9viter la saturation.\u00a0\u00bb<\/p>\n<p>Par ailleurs, la M\u00e9tropole va installer de nouvelles cam\u00e9ras \u00ab\u00a0pour avoir une gestion plus fine du trafic. Il faut renforcer la remont\u00e9e d\u2019informations au centre multimodal des d\u00e9placements m\u00e9tropolitains\u00a0\u00bb, insiste Ga\u00ebl Nofri.<\/p>\n<p><strong>Une solution avec la ligne 4 du tramway<\/strong><\/p>\n<p>Dans ce contexte, la ligne 4 du tramway \u2013 qui devrait arriver d\u00e9but 2028 sur la route du bord de mer (M6098) &#8211; peut-elle am\u00e9liorer la situation?<\/p>\n<p>\u00ab\u00a0La meilleure solution pour le trafic c\u2019est le report modal\u00a0\u00bb, invoque le vice-pr\u00e9sident de la M\u00e9tropole d\u00e9l\u00e9gu\u00e9 aux Mobilit\u00e9s et aux Transports. \u00ab\u00a0Dans ce secteur, avec l\u2019arriv\u00e9e du tramway, on uniformisera \u00e0 deux fois deux voies pour la circulation routi\u00e8re. Donc un peu moins de place pour les voitures. Mais il y aura plusieurs dizaines de milliers de voitures en moins, car les pr\u00e9visions tablent sur 40.000 usagers par jour sur la ligne 4 du tramway, explique Ga\u00ebl Nofri. D\u2019ailleurs, le report modal a d\u00e9j\u00e0 commenc\u00e9. La ligne 12 + qui va du centre-ville de Nice \u00e0 Cap 3000 a connu une forte hausse de sa fr\u00e9quentation: +25% entre 2023 et 2025.\u00a0\u00bb<\/p>\n","protected":false},"excerpt":{"rendered":"\u00ab\u00a0Depuis 17h15 impossible de sortir de Cap 3000. Il est 20h39, je suis oblig\u00e9e de manger sur place,&hellip;\n","protected":false},"author":2,"featured_media":337692,"comment_status":"","ping_status":"","sticky":false,"template":"","format":"standard","meta":{"footnotes":""},"categories":[2819],"tags":[1111,11,1777,674,1011,27,12,2401,882,25,800],"class_list":{"0":"post-337691","1":"post","2":"type-post","3":"status-publish","4":"format-standard","5":"has-post-thumbnail","7":"category-nice","8":"tag-actu","9":"tag-actualites","10":"tag-eu","11":"tag-europe","12":"tag-fr","13":"tag-france","14":"tag-news","15":"tag-nice","16":"tag-provence-alpes-cote-dazur","17":"tag-republique-francaise","18":"tag-transports"},"share_on_mastodon":{"url":"https:\/\/pubeurope.com\/@fr\/115076070340428278","error":""},"_links":{"self":[{"href":"https:\/\/www.europesays.com\/fr\/wp-json\/wp\/v2\/posts\/337691","targetHints":{"allow":["GET"]}}],"collection":[{"href":"https:\/\/www.europesays.com\/fr\/wp-json\/wp\/v2\/posts"}],"about":[{"href":"https:\/\/www.europesays.com\/fr\/wp-json\/wp\/v2\/types\/post"}],"author":[{"embeddable":true,"href":"https:\/\/www.europesays.com\/fr\/wp-json\/wp\/v2\/users\/2"}],"replies":[{"embeddable":true,"href":"https:\/\/www.europesays.com\/fr\/wp-json\/wp\/v2\/comments?post=337691"}],"version-history":[{"count":0,"href":"https:\/\/www.europesays.com\/fr\/wp-json\/wp\/v2\/posts\/337691\/revisions"}],"wp:featuredmedia":[{"embeddable":true,"href":"https:\/\/www.europesays.com\/fr\/wp-json\/wp\/v2\/media\/337692"}],"wp:attachment":[{"href":"https:\/\/www.europesays.com\/fr\/wp-json\/wp\/v2\/media?parent=337691"}],"wp:term":[{"taxonomy":"category","embeddable":true,"href":"https:\/\/www.europesays.com\/fr\/wp-json\/wp\/v2\/categories?post=337691"},{"taxonomy":"post_tag","embeddable":true,"href":"https:\/\/www.europesays.com\/fr\/wp-json\/wp\/v2\/tags?post=337691"}],"curies":[{"name":"wp","href":"https:\/\/api.w.org\/{rel}","templated":true}]}}