{"id":337695,"date":"2025-08-23T04:01:06","date_gmt":"2025-08-23T04:01:06","guid":{"rendered":"https:\/\/www.europesays.com\/fr\/337695\/"},"modified":"2025-08-23T04:01:06","modified_gmt":"2025-08-23T04:01:06","slug":"un-homme-est-decede-apres-avoir-ete-percute-par-un-train-entre-nantes-et-saint-gilles-le-trafic-des-trains-interrompu","status":"publish","type":"post","link":"https:\/\/www.europesays.com\/fr\/337695\/","title":{"rendered":"Un homme est d\u00e9c\u00e9d\u00e9 apr\u00e8s avoir \u00e9t\u00e9 percut\u00e9 par un train entre Nantes et Saint-Gilles, le trafic des trains interrompu"},"content":{"rendered":"<p>Un homme a \u00e9t\u00e9 heurt\u00e9 par un train ce vendredi matin, \u00e0 la hauteur de la commune de Saint-Aignan-Grandlieu (Loire-Atlantique). Il est d\u00e9c\u00e9d\u00e9. Le train circulait sans passager \u00e0 bord. La circulation ferroviaire a d\u00fb \u00eatre interrompue.<\/p>\n<p>Les pompiers sont intervenus vendredi 22 ao\u00fbt vers 8h45 apr\u00e8s qu&rsquo;<strong>un homme a \u00e9t\u00e9 percut\u00e9 par un train TER au niveau de la commune de Saint-Aignan-Grandlieu<\/strong> (Loire-Atlantique), route des Ecobuts. Ce train circulait dans le sens Nantes-Saint-Gilles, sans passager. <strong>Le pi\u00e9ton, d&rsquo;\u00e2ge inconnu, est d\u00e9c\u00e9d\u00e9<\/strong>. Le conducteur du train a \u00e9t\u00e9 pris en charge par les secours sur place mais n&rsquo;a pas \u00e9t\u00e9 hospitalis\u00e9.<\/p>\n<p>L&rsquo;intervention a n\u00e9cessit\u00e9 l&rsquo;arr\u00eat de la circulation des trains ce vendredi matin. Ils ont pu rouler de nouveaux aux alentours de midi. <strong>Le trafic a \u00e9t\u00e9 interrompu entre Nantes et Sainte-Pazanne jusqu&rsquo;\u00e0 midi environ<\/strong>. 9 pompiers se sont rendus sur place, ainsi que la gendarmerie nationale.<\/p>\n","protected":false},"excerpt":{"rendered":"Un homme a \u00e9t\u00e9 heurt\u00e9 par un train ce vendredi matin, \u00e0 la hauteur de la commune de&hellip;\n","protected":false},"author":2,"featured_media":337696,"comment_status":"","ping_status":"","sticky":false,"template":"","format":"standard","meta":{"footnotes":""},"categories":[2818],"tags":[1111,11,1777,674,1011,27,766,12,2636,25],"class_list":{"0":"post-337695","1":"post","2":"type-post","3":"status-publish","4":"format-standard","5":"has-post-thumbnail","7":"category-nantes","8":"tag-actu","9":"tag-actualites","10":"tag-eu","11":"tag-europe","12":"tag-fr","13":"tag-france","14":"tag-nantes","15":"tag-news","16":"tag-pays-de-la-loire","17":"tag-republique-francaise"},"share_on_mastodon":{"url":"https:\/\/pubeurope.com\/@fr\/115076089965960746","error":""},"_links":{"self":[{"href":"https:\/\/www.europesays.com\/fr\/wp-json\/wp\/v2\/posts\/337695","targetHints":{"allow":["GET"]}}],"collection":[{"href":"https:\/\/www.europesays.com\/fr\/wp-json\/wp\/v2\/posts"}],"about":[{"href":"https:\/\/www.europesays.com\/fr\/wp-json\/wp\/v2\/types\/post"}],"author":[{"embeddable":true,"href":"https:\/\/www.europesays.com\/fr\/wp-json\/wp\/v2\/users\/2"}],"replies":[{"embeddable":true,"href":"https:\/\/www.europesays.com\/fr\/wp-json\/wp\/v2\/comments?post=337695"}],"version-history":[{"count":0,"href":"https:\/\/www.europesays.com\/fr\/wp-json\/wp\/v2\/posts\/337695\/revisions"}],"wp:featuredmedia":[{"embeddable":true,"href":"https:\/\/www.europesays.com\/fr\/wp-json\/wp\/v2\/media\/337696"}],"wp:attachment":[{"href":"https:\/\/www.europesays.com\/fr\/wp-json\/wp\/v2\/media?parent=337695"}],"wp:term":[{"taxonomy":"category","embeddable":true,"href":"https:\/\/www.europesays.com\/fr\/wp-json\/wp\/v2\/categories?post=337695"},{"taxonomy":"post_tag","embeddable":true,"href":"https:\/\/www.europesays.com\/fr\/wp-json\/wp\/v2\/tags?post=337695"}],"curies":[{"name":"wp","href":"https:\/\/api.w.org\/{rel}","templated":true}]}}