{"id":337714,"date":"2025-08-23T04:14:22","date_gmt":"2025-08-23T04:14:22","guid":{"rendered":"https:\/\/www.europesays.com\/fr\/337714\/"},"modified":"2025-08-23T04:14:22","modified_gmt":"2025-08-23T04:14:22","slug":"les-gagnants-et-les-perdants-de-la-reforme-sur-les-aides-a-la-garde-denfants","status":"publish","type":"post","link":"https:\/\/www.europesays.com\/fr\/337714\/","title":{"rendered":"les gagnants et les perdants de la r\u00e9forme sur les aides \u00e0 la garde d\u2019enfants"},"content":{"rendered":"<p>            lire plus tard<\/p>\n<p id=\"dialog__title\" class=\"dialog__title\">Pour sauvegarder cet article, connectez-vous ou cr\u00e9ez un compte franceinfo<\/p>\n<p class=\"dialog__description\">Sans paiement. Sans abonnement.<\/p>\n<p>        Fermer la fen\u00eatre d\u2019activation des notifications France Info<\/p>\n<p>            cr\u00e9er votre compte<\/p>\n<p>            se connecter<\/p>\n<p>        Fermer la fen\u00eatre de pr\u00e9sentation<\/p>\n<p>    Publi\u00e9 le 22\/08\/2025 21:10<\/p>\n<p>      Mis \u00e0 jour le 22\/08\/2025 23:11<\/p>\n<p>        Temps de lecture : 1min &#8211; vid\u00e9o : 2min<\/p>\n<p>    <img decoding=\"async\" class=\"francetv-player-wrapper__image\" alt=\"Petite enfance : les gagnants et les perdants de la r\u00e9forme sur les aides \u00e0 la garde d\u2019enfants\"  width=\"432\" height=\"243\" src=\"https:\/\/www.europesays.com\/fr\/wp-content\/uploads\/2025\/08\/video-90-68a8bec6e6c55296201479.jpg\" fetchpriority=\"high\"\/><\/p>\n<p>              Petite enfance : les gagnants et les perdants de la r\u00e9forme sur les aides \u00e0 la garde d\u2019enfants<br \/>\n                    (France 2)<\/p>\n<p>      2min<\/p>\n<p>\n  En France, pr\u00e8s de 800 000 familles b\u00e9n\u00e9ficient d\u2019une allocation, mais le gouvernement modifie les r\u00e8gles de calcul \u00e0 partir du 1er septembre. Que dit le nouveau dispositif ? Qui est concern\u00e9 ?\n<\/p>\n<p><strong>Ce texte correspond \u00e0 une partie de la retranscription du reportage ci-dessus. Cliquez sur la vid\u00e9o pour le regarder en int\u00e9gralit\u00e9.<\/strong><\/p>\n<p>Pour faire <a href=\"https:\/\/www.franceinfo.fr\/economie\/emploi\/carriere\/entreprendre\/aides\/garde-d-enfants-la-nouvelle-indemnisation-adaptee-aux-revenus-un-desavantage-pour-les-familles-monoparentales_7448911.html\" rel=\"nofollow noopener\" target=\"_blank\">garder ses deux enfants<\/a>, un p\u00e8re touchait il y a peu 350 euros d&rsquo;aide mensuelle, la moiti\u00e9 de la paie de son assistante maternelle. Instituteur, il gagne 2 600 euros nets par mois et estime ce soutien financier indispensable. \u00ab\u00a0Il \u00e9tait g\u00e9n\u00e9reux et en m\u00eame temps n\u00e9cessaire, parce que c&rsquo;est vrai que la vie \u00e0 Paris est tr\u00e8s ch\u00e8re. Et si on a des salaires \u00ab\u00a0normaux\u00a0\u00bb, on a besoin de cette aide, surtout si on se retrouve avec plusieurs enfants\u00a0\u00bb, indique Julien Troccon, p\u00e8re de deux enfants.<\/p>\n<p>Le 1er septembre, le mode de calcul de cette aide change. Il tiendra davantage compte de la situation des m\u00e9nages, notamment les plus modestes, et du nombre d&rsquo;heures de garde.<\/p>\n<p>Concr\u00e8tement, un couple qui touche 2 000 euros nets par mois devra d\u00e9bourser 436 euros par mois avant la r\u00e9forme, contre 198 euros apr\u00e8s, soit un gain de 238 euros. Pour un autre couple qui gagne davantage, 6 000 euros par mois, le reste \u00e0 charge sera de 278 euros. Il perdra au final 45 euros.<\/p>\n<p>Et les plus hauts revenus ne seront pas les seuls perdants, selon une repr\u00e9sentante des employeurs. \u00ab\u00a0Certaines familles monoparentales avec des enfants de moins de 3 ans pourront se retrouver un peu d\u00e9favoris\u00e9es par le nouveau mode de calcul\u00a0\u00bb, affirme Mich\u00e8le Kerrad, copr\u00e9sidente de la F\u00e9d\u00e9ration des particuliers employeurs de France. Une critique \u00e9cart\u00e9e par le gouvernement. Il met en avant l&rsquo;extension de l&rsquo;aide jusqu&rsquo;\u00e0 12 ans de l&rsquo;enfant, contre 6 actuellement, pour les familles monoparentales.<\/p>\n<p>Liste non exhaustive<\/p>\n","protected":false},"excerpt":{"rendered":"lire plus tard Pour sauvegarder cet article, connectez-vous ou cr\u00e9ez un compte franceinfo Sans paiement. Sans abonnement. Fermer&hellip;\n","protected":false},"author":2,"featured_media":337715,"comment_status":"","ping_status":"","sticky":false,"template":"","format":"standard","meta":{"footnotes":""},"categories":[1888],"tags":[1111,1928,11,1927,1777,674,1011,27,12,1926,626,1925,25],"class_list":{"0":"post-337714","1":"post","2":"type-post","3":"status-publish","4":"format-standard","5":"has-post-thumbnail","7":"category-paris","8":"tag-actu","9":"tag-actu-paris","10":"tag-actualites","11":"tag-actualites-paris","12":"tag-eu","13":"tag-europe","14":"tag-fr","15":"tag-france","16":"tag-news","17":"tag-news-paris","18":"tag-paris","19":"tag-paris-news","20":"tag-republique-francaise"},"share_on_mastodon":{"url":"https:\/\/pubeurope.com\/@fr\/115076141179589752","error":""},"_links":{"self":[{"href":"https:\/\/www.europesays.com\/fr\/wp-json\/wp\/v2\/posts\/337714","targetHints":{"allow":["GET"]}}],"collection":[{"href":"https:\/\/www.europesays.com\/fr\/wp-json\/wp\/v2\/posts"}],"about":[{"href":"https:\/\/www.europesays.com\/fr\/wp-json\/wp\/v2\/types\/post"}],"author":[{"embeddable":true,"href":"https:\/\/www.europesays.com\/fr\/wp-json\/wp\/v2\/users\/2"}],"replies":[{"embeddable":true,"href":"https:\/\/www.europesays.com\/fr\/wp-json\/wp\/v2\/comments?post=337714"}],"version-history":[{"count":0,"href":"https:\/\/www.europesays.com\/fr\/wp-json\/wp\/v2\/posts\/337714\/revisions"}],"wp:featuredmedia":[{"embeddable":true,"href":"https:\/\/www.europesays.com\/fr\/wp-json\/wp\/v2\/media\/337715"}],"wp:attachment":[{"href":"https:\/\/www.europesays.com\/fr\/wp-json\/wp\/v2\/media?parent=337714"}],"wp:term":[{"taxonomy":"category","embeddable":true,"href":"https:\/\/www.europesays.com\/fr\/wp-json\/wp\/v2\/categories?post=337714"},{"taxonomy":"post_tag","embeddable":true,"href":"https:\/\/www.europesays.com\/fr\/wp-json\/wp\/v2\/tags?post=337714"}],"curies":[{"name":"wp","href":"https:\/\/api.w.org\/{rel}","templated":true}]}}