{"id":337725,"date":"2025-08-23T04:20:18","date_gmt":"2025-08-23T04:20:18","guid":{"rendered":"https:\/\/www.europesays.com\/fr\/337725\/"},"modified":"2025-08-23T04:20:18","modified_gmt":"2025-08-23T04:20:18","slug":"un-salvadorien-expulse-par-erreur-puis-rapatrie-a-finalement-ete-libere-de-prison","status":"publish","type":"post","link":"https:\/\/www.europesays.com\/fr\/337725\/","title":{"rendered":"Un Salvadorien expuls\u00e9 par erreur puis rapatri\u00e9 a finalement \u00e9t\u00e9 lib\u00e9r\u00e9 de prison"},"content":{"rendered":"<p>L\u2019affaire de <a href=\"https:\/\/www.20minutes.fr\/monde\/etats-unis\/4148882-20250416-expulse-tort-trump-kilmar-abrego-garcia-bloque-prison-salvador-raconte-histoire\" target=\"_blank\" class=\"c-link c-link--is-underlined\" rel=\"nofollow noopener\">Kilmar Abrego Garcia<\/a>, immigr\u00e9 <a href=\"https:\/\/www.20minutes.fr\/dossier\/salvador\" target=\"_blank\" class=\"c-link c-link--is-underlined\" rel=\"nofollow noopener\">salvadorien<\/a> expuls\u00e9 \u00e0 tort puis rapatri\u00e9 aux <a href=\"https:\/\/www.20minutes.fr\/monde\/etats-unis\/\" target=\"_blank\" class=\"c-link c-link--is-underlined\" rel=\"nofollow noopener\">Etats-Unis<\/a>, est devenue un symbole des d\u00e9rives de la politique d\u2019expulsions massives men\u00e9e par <a href=\"https:\/\/www.20minutes.fr\/dossier\/donald_trump\" target=\"_blank\" class=\"c-link c-link--is-underlined\" rel=\"nofollow noopener\">Donald Trump<\/a>. Apr\u00e8s avoir \u00e9t\u00e9 retenu pendant plusieurs mois et poursuivi en justice, il a finalement \u00e9t\u00e9 lib\u00e9r\u00e9 vendredi.<\/p>\n<p>R\u00e9sident du Maryland et mari\u00e9 \u00e0 une Am\u00e9ricaine, Kilmar Abrego Garcia avait \u00e9t\u00e9 <a href=\"https:\/\/www.20minutes.fr\/dossier\/expulsion\" target=\"_blank\" class=\"c-link c-link--is-underlined\" rel=\"nofollow noopener\">expuls\u00e9<\/a> en mars avec plus de 250 autres hommes, soup\u00e7onn\u00e9s d\u2019appartenir \u00e0 un gang <a href=\"https:\/\/www.20minutes.fr\/monde\/venezuela\/\" target=\"_blank\" class=\"c-link c-link--is-underlined\" rel=\"nofollow noopener\">v\u00e9n\u00e9zu\u00e9lien<\/a>. Or, son arr\u00eat\u00e9 d\u2019expulsion avait \u00e9t\u00e9 annul\u00e9 d\u00e8s\u00a02019. Face \u00e0 ce que l\u2019administration a qualifi\u00e9 plus tard \u00ab\u00a0d\u2019erreur administrative\u00a0\u00bb, il avait \u00e9t\u00e9 renvoy\u00e9 aux Etats-Unis en juin, avant d\u2019\u00eatre \u00e0 nouveau poursuivi dans le Tennessee pour aide au s\u00e9jour ill\u00e9gal de migrants.<\/p>\n<\/p>\n<p>Une lib\u00e9ration sous conditions<\/p>\n<p>Le 23 juillet, un juge du Tennessee avait ordonn\u00e9 sa <a href=\"https:\/\/www.20minutes.fr\/dossier\/remise_en_liberte\" target=\"_blank\" class=\"c-link c-link--is-underlined\" rel=\"nofollow noopener\">remise en libert\u00e9<\/a> dans l\u2019attente de son proc\u00e8s, pr\u00e9vu le 27\u00a0janvier 2026. Cette d\u00e9cision a \u00e9t\u00e9 appliqu\u00e9e vendredi. \u00ab\u00a0Aujourd\u2019hui, Kilmar Abrego Garcia est libre\u00a0\u00bb, a d\u00e9clar\u00e9 son <a href=\"https:\/\/www.20minutes.fr\/dossier\/avocat\" target=\"_blank\" class=\"c-link c-link--is-underlined\" rel=\"nofollow noopener\">avocat<\/a> Sean Hecker, qui a d\u00e9nonc\u00e9 \u00ab\u00a0l\u2019attaque vindicative du gouvernement contre un homme qui a eu le courage de r\u00e9sister\u00a0\u00bb et salu\u00e9 le r\u00f4le de la justice am\u00e9ricaine, garante selon lui \u00ab\u00a0d\u2019une proc\u00e9dure r\u00e9guli\u00e8re\u00a0\u00bb.<\/p>\n<p><a href=\"https:\/\/www.20minutes.fr\/dossier\/immigration\" target=\"_blank\" class=\"c-link c-btn c-btn--primary\" rel=\"nofollow noopener\">Notre dossier sur l&rsquo;immigration<\/a><\/p>\n<p>L\u2019administration Trump continue de consid\u00e9rer Kilmar Abrego Garcia comme un membre du gang MS-13, organisation class\u00e9e \u00ab\u00a0<a href=\"https:\/\/www.20minutes.fr\/dossier\/terroriste\" target=\"_blank\" class=\"c-link c-link--is-underlined\" rel=\"nofollow noopener\">terroriste<\/a>\u00a0\u00bb par les autorit\u00e9s am\u00e9ricaines. \u00ab\u00a0Sa lib\u00e9ration est une insulte \u00e0 ses victimes\u00a0\u00bb, a r\u00e9agi la <a href=\"https:\/\/www.20minutes.fr\/dossier\/maison_blanche\" target=\"_blank\" class=\"c-link c-link--is-underlined\" rel=\"nofollow noopener\">Maison-Blanche<\/a> par la voix de sa porte-parole adjointe Abigail Jackson, qui a insist\u00e9 sur la n\u00e9cessit\u00e9 pour lui de \u00ab\u00a0r\u00e9pondre de ses crimes\u00a0\u00bb et de porter un bracelet \u00e9lectronique pour \u00ab\u00a0garantir la s\u00e9curit\u00e9 du public am\u00e9ricain\u00a0\u00bb.<\/p>\n","protected":false},"excerpt":{"rendered":"L\u2019affaire de Kilmar Abrego Garcia, immigr\u00e9 salvadorien expuls\u00e9 \u00e0 tort puis rapatri\u00e9 aux Etats-Unis, est devenue un symbole&hellip;\n","protected":false},"author":2,"featured_media":337726,"comment_status":"","ping_status":"","sticky":false,"template":"","format":"standard","meta":{"footnotes":""},"categories":[1589],"tags":[47,11,75,73,1866,5219,1061,78,74,12,3693,1864,1865,1863,308],"class_list":{"0":"post-337725","1":"post","2":"type-post","3":"status-publish","4":"format-standard","5":"has-post-thumbnail","7":"category-etats-unis","8":"tag-actualite","9":"tag-actualites","10":"tag-donald-trump","11":"tag-etats-unis","12":"tag-etats-unis-damerique","13":"tag-expulsion","14":"tag-immigration","15":"tag-maison-blanche","16":"tag-monde","17":"tag-news","18":"tag-tribunal","19":"tag-united-states","20":"tag-united-states-of-america","21":"tag-us","22":"tag-usa"},"share_on_mastodon":{"url":"https:\/\/pubeurope.com\/@fr\/115076164832048795","error":""},"_links":{"self":[{"href":"https:\/\/www.europesays.com\/fr\/wp-json\/wp\/v2\/posts\/337725","targetHints":{"allow":["GET"]}}],"collection":[{"href":"https:\/\/www.europesays.com\/fr\/wp-json\/wp\/v2\/posts"}],"about":[{"href":"https:\/\/www.europesays.com\/fr\/wp-json\/wp\/v2\/types\/post"}],"author":[{"embeddable":true,"href":"https:\/\/www.europesays.com\/fr\/wp-json\/wp\/v2\/users\/2"}],"replies":[{"embeddable":true,"href":"https:\/\/www.europesays.com\/fr\/wp-json\/wp\/v2\/comments?post=337725"}],"version-history":[{"count":0,"href":"https:\/\/www.europesays.com\/fr\/wp-json\/wp\/v2\/posts\/337725\/revisions"}],"wp:featuredmedia":[{"embeddable":true,"href":"https:\/\/www.europesays.com\/fr\/wp-json\/wp\/v2\/media\/337726"}],"wp:attachment":[{"href":"https:\/\/www.europesays.com\/fr\/wp-json\/wp\/v2\/media?parent=337725"}],"wp:term":[{"taxonomy":"category","embeddable":true,"href":"https:\/\/www.europesays.com\/fr\/wp-json\/wp\/v2\/categories?post=337725"},{"taxonomy":"post_tag","embeddable":true,"href":"https:\/\/www.europesays.com\/fr\/wp-json\/wp\/v2\/tags?post=337725"}],"curies":[{"name":"wp","href":"https:\/\/api.w.org\/{rel}","templated":true}]}}