{"id":337728,"date":"2025-08-23T04:22:12","date_gmt":"2025-08-23T04:22:12","guid":{"rendered":"https:\/\/www.europesays.com\/fr\/337728\/"},"modified":"2025-08-23T04:22:12","modified_gmt":"2025-08-23T04:22:12","slug":"ca-devient-complique-de-tenir-moralement","status":"publish","type":"post","link":"https:\/\/www.europesays.com\/fr\/337728\/","title":{"rendered":"\u00e7a devient compliqu\u00e9 de tenir moralement"},"content":{"rendered":"<p class=\"article__intro\">\u00c0 Forbach, en Moselle, les rues commer\u00e7antes ont bien du mal \u00e0 garder leurs magasins. Avec de nombreuses cellules commerciales vacantes. En d\u00e9but de semaine, Lisa, fleuriste, a annonc\u00e9 qu&rsquo;elle allait mettre la cl\u00e9 sous la porte, \u00ab\u00a0tourner la page\u00a0\u00bb. Avec son programme de relance, la municipalit\u00e9 tente de son c\u00f4t\u00e9 de redynamiser son centre-ville.<\/p>\n<p>\n      La Quotidienne Soci\u00e9t\u00e9\n    <\/p>\n<p>\n      De la vie quotidienne aux grands enjeux, recevez tous les jours les sujets qui font la soci\u00e9t\u00e9 locale, comme la justice, l\u2019\u00e9ducation, la sant\u00e9 et la famille.\n    <\/p>\n<p>    France T\u00e9l\u00e9visions utilise votre adresse e-mail afin de vous envoyer la newsletter \u00ab\u00a0La Quotidienne Soci\u00e9t\u00e9\u00a0\u00bb. Vous pouvez vous d\u00e9sinscrire \u00e0 tout moment via le lien en bas de cette newsletter. <a target=\"_blank\" href=\"https:\/\/www.francetelevisions.fr\/groupe\/confidentialite\/politique-de-confidentialite\/politique-de-confidentialite-de-france-televisions-6503\" rel=\"nofollow noopener\">Notre politique de confidentialit\u00e9<\/a><\/p>\n<p>\u00c0 Forbach en Moselle, le nombre de commerces ferm\u00e9s atteint des niveaux record. En cause notamment internet et les nouveaux modes de consommation. Le taux de vacance commerciale touche un local sur quatre. Lisa Wurth est fleuriste et g\u00e9rante de \u00ab\u00a0M\u00fbres et Saisons\u00a0\u00bb.\u00a0Apr\u00e8s neuf ans d&rsquo;activit\u00e9, elle aussi doit se r\u00e9soudre \u00e0 fermer son magasin. \u00ab\u00a0Je vais fermer d\u00e9finitivement. Les trois premi\u00e8res ann\u00e9es tout allait bien, j&rsquo;arrivais \u00e0 me r\u00e9mun\u00e9rer correctement. Aujourd&rsquo;hui, je touche moins bien qu&rsquo;un smic. Pour des horaires de fou. \u00c7a devient compliqu\u00e9 de tenir moralement, physiquement\u00a0\u00bb, dit-elle. Elle quittera ses locaux au mois d&rsquo;octobre.\u00a0<\/p>\n<p>Marie-Genevi\u00e8ve est une cliente du magasin. \u00ab\u00a0On est d\u00e9sol\u00e9. \u00c0 l\u2019heure actuelle, c&rsquo;est tr\u00e8s difficile. Quand on ne peut plus vivre de ce que l&rsquo;on fait, on est oblig\u00e9 de fermer\u00a0\u00bb. La proximit\u00e9 de Forbach avec l&rsquo;Allemagne reste aussi un handicap commercial, avec des prix parfois plus attractifs de l&rsquo;autre c\u00f4t\u00e9 de la fronti\u00e8re.\u00a0<\/p>\n<p>Ici \u00e0 Forbach, depuis plusieurs ann\u00e9es, le nombre de commerces qui ferment dans la ville s\u2019additionne, \u00ab\u00a0je pense qu\u2019Internet a tu\u00e9 le commerce. On ne peut pas faire grand-chose\u00a0\u00bb, dit Marie-Genevi\u00e8ve.\u00a0<\/p>\n<blockquote class=\"ftvi_content_quote\">\n<p class=\"ftvi_citation_quote\">La ville de Forbach n\u2019est plus attractive. L\u2019activit\u00e9 est concentr\u00e9e la semaine.<\/p>\n<p>Philippe Zurawel, g\u00e9rant d&rsquo;un bar<\/p>\n<\/blockquote>\n<p>C&rsquo;est ce que constate aussi Philippe Zurawel. Il est g\u00e9rant d&rsquo;un bar en centre-ville. \u00ab\u00a0Dans l\u2019ann\u00e9e, il y a des p\u00e9riodes un peu plus attractives que d\u2019autres. La p\u00e9riode de No\u00ebl. Mais la ville de Forbach n\u2019est plus attractive. L\u2019activit\u00e9 est concentr\u00e9e la semaine. Sur les horaires de bureau et un peu en d\u00e9but de soir\u00e9e. Le week-end, il n&rsquo;y a personne\u00a0\u00bb.<\/p>\n<p>Il y a un peu plus de vingt ans, quand Philippe a ouvert en 2002, ils \u00e9taient sept salari\u00e9s. \u00ab\u00a0Aujourd&rsquo;hui, on est deux et demi en temps plein\u00a0\u00bb, dit-il.\u00a0<\/p>\n<p>Une situation qu&rsquo;Alexandre Cassaro, le maire de la ville depuis cinq ans, ne cache pas. M\u00eame s&rsquo;il pr\u00e9f\u00e8re regarder le verre \u00e0 moiti\u00e9 plein. \u00ab\u00a0\u00c0 Forbach, ce n\u2019est pas au niveau que nous esp\u00e9rons. Mais cela dit, il y a des am\u00e9liorations depuis 2020. Il reste 39 cellules vides. Mais nous poursuivons nos efforts\u00a0\u00bb, souligne le maire, \u00e9galement pr\u00e9sident de la communaut\u00e9 d\u2019Agglom\u00e9ration Forbach-Porte de France.\u00a0<\/p>\n<p>\u00a0<\/p>\n<blockquote class=\"ftvi_content_quote\">\n<p class=\"ftvi_citation_quote\">Il faut dire aussi qu\u2019il y a quelques commerces qui ouvrent. Une librairie qui a ouvert il n&rsquo;y a pas longtemps. Une confiserie, une cave \u00e0 vin qui revient.<\/p>\n<p> Alexandre Cassaro, maire de Forbach<\/p>\n<\/blockquote>\n<p>Alexandre Cassaro a mis un programme de relance qui inclut une aide \u00e0 l&rsquo;investissement. Et une subvention des loyers sur trois ans. Avec 75% pris en charge sur les douze premiers mois d&rsquo;exploitation. Trois commerces en ont b\u00e9n\u00e9fici\u00e9 en 2024, et seulement deux depuis le d\u00e9but de cette ann\u00e9e. \u00ab\u00a0Il faut dire aussi qu\u2019il y a quelques commerces qui ouvrent. Une librairie qui a ouvert, il n&rsquo;y a pas longtemps. Une confiserie, une cave \u00e0 vin qui revient. Moi, je comprends les inqui\u00e9tudes qui peuvent \u00eatre exprim\u00e9es. Nous allons continuer avec les commer\u00e7ants de travailler pour l\u2019avenir\u00a0\u00bb, ajoute Alexandre Cassaro.<\/p>\n<\/p>\n<p>Des difficult\u00e9s \u00e9conomiques, des enseignes en redressement judiciaire, Forbach n&rsquo;est pas la seule ville de taille moyenne \u00e0 \u00eatre touch\u00e9e par cette crise. Des locaux se vident, jour apr\u00e8s jour, partout en France. Ou presque.\u00a0<\/p>\n","protected":false},"excerpt":{"rendered":"\u00c0 Forbach, en Moselle, les rues commer\u00e7antes ont bien du mal \u00e0 garder leurs magasins. Avec de nombreuses&hellip;\n","protected":false},"author":2,"featured_media":337729,"comment_status":"","ping_status":"","sticky":false,"template":"","format":"standard","meta":{"footnotes":""},"categories":[1587],"tags":[11,672,1804,1805,1803,1777,674,1801,12,1802],"class_list":{"0":"post-337728","1":"post","2":"type-post","3":"status-publish","4":"format-standard","5":"has-post-thumbnail","7":"category-allemagne","8":"tag-actualites","9":"tag-allemagne","10":"tag-bundesrepublik-deutschland","11":"tag-de","12":"tag-deutschland","13":"tag-eu","14":"tag-europe","15":"tag-germany","16":"tag-news","17":"tag-republique-federale-dallemagne"},"share_on_mastodon":{"url":"https:\/\/pubeurope.com\/@fr\/115076172615027982","error":""},"_links":{"self":[{"href":"https:\/\/www.europesays.com\/fr\/wp-json\/wp\/v2\/posts\/337728","targetHints":{"allow":["GET"]}}],"collection":[{"href":"https:\/\/www.europesays.com\/fr\/wp-json\/wp\/v2\/posts"}],"about":[{"href":"https:\/\/www.europesays.com\/fr\/wp-json\/wp\/v2\/types\/post"}],"author":[{"embeddable":true,"href":"https:\/\/www.europesays.com\/fr\/wp-json\/wp\/v2\/users\/2"}],"replies":[{"embeddable":true,"href":"https:\/\/www.europesays.com\/fr\/wp-json\/wp\/v2\/comments?post=337728"}],"version-history":[{"count":0,"href":"https:\/\/www.europesays.com\/fr\/wp-json\/wp\/v2\/posts\/337728\/revisions"}],"wp:featuredmedia":[{"embeddable":true,"href":"https:\/\/www.europesays.com\/fr\/wp-json\/wp\/v2\/media\/337729"}],"wp:attachment":[{"href":"https:\/\/www.europesays.com\/fr\/wp-json\/wp\/v2\/media?parent=337728"}],"wp:term":[{"taxonomy":"category","embeddable":true,"href":"https:\/\/www.europesays.com\/fr\/wp-json\/wp\/v2\/categories?post=337728"},{"taxonomy":"post_tag","embeddable":true,"href":"https:\/\/www.europesays.com\/fr\/wp-json\/wp\/v2\/tags?post=337728"}],"curies":[{"name":"wp","href":"https:\/\/api.w.org\/{rel}","templated":true}]}}