{"id":337742,"date":"2025-08-23T04:30:16","date_gmt":"2025-08-23T04:30:16","guid":{"rendered":"https:\/\/www.europesays.com\/fr\/337742\/"},"modified":"2025-08-23T04:30:16","modified_gmt":"2025-08-23T04:30:16","slug":"le-club-rate-sa-reprise-a-vannes-les-recrues-et-une-pepite-se-mettent-en-evidence","status":"publish","type":"post","link":"https:\/\/www.europesays.com\/fr\/337742\/","title":{"rendered":"le club rate sa reprise \u00e0 Vannes, les recrues et une p\u00e9pite se mettent en \u00e9vidence"},"content":{"rendered":"<p>Le Stade Toulousain rate sa rentr\u00e9e. Ce jeudi soir, les Rouge et Noir retrouvaient les terrains pour la premi\u00e8re fois depuis leur sacre en Top 14 fin juin. Avec une \u00e9quipe largement remani\u00e9e o\u00f9 d\u00e9butait Teddy Thomas, Paul Costes ou encore Kalvin Gourgues, le champion en titre s\u2019est inclin\u00e9 au Rouourou face \u00e0 Vannes (33-28).<\/p>\n<p>Gourgues impressionne<\/p>\n<p>Dans un stade \u00e0 guichets-ferm\u00e9s, avec 17 000 spectateurs, Vannes a mieux d\u00e9but\u00e9, ouvrant le score apr\u00e8s une mauvaise touche de Thomas Lacombre. Dans la foul\u00e9e, Kalvin Gourgues a justifi\u00e9 la confiance d\u2019Ugo Mola en inscrivant un superbe doubl\u00e9. L\u2019arri\u00e8re voudra se faire une place apr\u00e8s avoir brill\u00e9 lors de la Coupe du monde U20.<\/p>\n<blockquote class=\"twitter-tweet\">\n<p dir=\"ltr\" lang=\"fr\">\ud83d\udccb Voici la compo des Stadistes pour ce premier match amical face au <a href=\"https:\/\/twitter.com\/RugbyClubVannes?ref_src=twsrc%5Etfw\" rel=\"nofollow noopener\" target=\"_blank\">@RugbyClubVannes<\/a> \u2764\ufe0f\ud83d\udda4 <a href=\"https:\/\/t.co\/izSDGZO9XO\" rel=\"nofollow\">pic.twitter.com\/izSDGZO9XO<\/a><\/p>\n<p>\u2014 Stade Toulousain (@StadeToulousain) <a href=\"https:\/\/twitter.com\/StadeToulousain\/status\/1958541183031889993?ref_src=twsrc%5Etfw\" rel=\"nofollow noopener\" target=\"_blank\">August 21, 2025<\/a><\/p>\n<\/blockquote>\n<p>Lacombre s\u2019est rattrap\u00e9 avant la pause en marquant en force avant que Paul Costes ne creuse l\u2019\u00e9cart au tableau d\u2019affichage en seconde p\u00e9riode. On pensait alors Toulouse \u00e0 l\u2019abri mais des essais tardifs ont permis \u00e0 Vannes de revenir. A la sir\u00e8ne, le Stade a eu l\u2019occasion de sortir le ballon mais a pr\u00e9f\u00e9r\u00e9 jouer, et s\u2019est fait punir par Beziat. On notera les premiers pas r\u00e9ussis de Teddy Thomas, Georges-Henri Colombe et dans une moindre mesure Paul Mallez, tous performants. Rendez-vous jeudi prochain \u00e0 Bayonne pour un ultime match avant la reprise.<\/p>\n<p>Partagez cette info avec vos amis et vos proches en cliquant ici<br \/>Pour r\u00e9sumer<\/p>\n<p>Le Stade Toulousain s\u2019est inclin\u00e9 sur le gong face \u00e0 Vannes (33-28) ce jeudi soir \u00e0 Guingamp pour son match de reprise. De nombreux jeunes joueurs \u00e9taient align\u00e9s ainsi que les recrues rouge et noir. Gourgues s&rsquo;est illustr\u00e9 avec un doubl\u00e9.<\/p>\n<p> <img decoding=\"async\" width=\"76\" height=\"76\" loading=\"lazy\" src=\"https:\/\/www.europesays.com\/fr\/wp-content\/uploads\/2025\/04\/avatar-quinze.png\" alt=\"Arnaud D\u00e9chelotte\"\/><script async src=\"https:\/\/platform.twitter.com\/widgets.js\" charset=\"utf-8\"><\/script><\/p>\n","protected":false},"excerpt":{"rendered":"Le Stade Toulousain rate sa rentr\u00e9e. Ce jeudi soir, les Rouge et Noir retrouvaient les terrains pour la&hellip;\n","protected":false},"author":2,"featured_media":337743,"comment_status":"","ping_status":"","sticky":false,"template":"","format":"standard","meta":{"footnotes":""},"categories":[1416],"tags":[1011,27,479,1468,60],"class_list":{"0":"post-337742","1":"post","2":"type-post","3":"status-publish","4":"format-standard","5":"has-post-thumbnail","7":"category-rugby","8":"tag-fr","9":"tag-france","10":"tag-rugby","11":"tag-rugby-football","12":"tag-sports"},"share_on_mastodon":{"url":"https:\/\/pubeurope.com\/@fr\/115076204059587327","error":""},"_links":{"self":[{"href":"https:\/\/www.europesays.com\/fr\/wp-json\/wp\/v2\/posts\/337742","targetHints":{"allow":["GET"]}}],"collection":[{"href":"https:\/\/www.europesays.com\/fr\/wp-json\/wp\/v2\/posts"}],"about":[{"href":"https:\/\/www.europesays.com\/fr\/wp-json\/wp\/v2\/types\/post"}],"author":[{"embeddable":true,"href":"https:\/\/www.europesays.com\/fr\/wp-json\/wp\/v2\/users\/2"}],"replies":[{"embeddable":true,"href":"https:\/\/www.europesays.com\/fr\/wp-json\/wp\/v2\/comments?post=337742"}],"version-history":[{"count":0,"href":"https:\/\/www.europesays.com\/fr\/wp-json\/wp\/v2\/posts\/337742\/revisions"}],"wp:featuredmedia":[{"embeddable":true,"href":"https:\/\/www.europesays.com\/fr\/wp-json\/wp\/v2\/media\/337743"}],"wp:attachment":[{"href":"https:\/\/www.europesays.com\/fr\/wp-json\/wp\/v2\/media?parent=337742"}],"wp:term":[{"taxonomy":"category","embeddable":true,"href":"https:\/\/www.europesays.com\/fr\/wp-json\/wp\/v2\/categories?post=337742"},{"taxonomy":"post_tag","embeddable":true,"href":"https:\/\/www.europesays.com\/fr\/wp-json\/wp\/v2\/tags?post=337742"}],"curies":[{"name":"wp","href":"https:\/\/api.w.org\/{rel}","templated":true}]}}