{"id":337774,"date":"2025-08-23T04:55:11","date_gmt":"2025-08-23T04:55:11","guid":{"rendered":"https:\/\/www.europesays.com\/fr\/337774\/"},"modified":"2025-08-23T04:55:11","modified_gmt":"2025-08-23T04:55:11","slug":"francois-bayrou-promet-de-passer-au-crible-et-supprimer-les-avantages-indus-des-responsables-politiques-liberation","status":"publish","type":"post","link":"https:\/\/www.europesays.com\/fr\/337774\/","title":{"rendered":"Fran\u00e7ois Bayrou promet de passer au crible et supprimer les avantages indus des responsables politiques \u2013 Lib\u00e9ration"},"content":{"rendered":"<p class=\"sc-ksZaOG ehjQrN text-element\">Passer au laser les d\u00e9penses du personnel politique pour mieux faire passer <a href=\"https:\/\/www.liberation.fr\/economie\/social\/retraites-modestes-chomeurs-pauvres-qui-sont-les-principales-victimes-du-projet-de-bayrou-pour-le-budget-2026-20250717_WNHBOFO2ZBGJDHXV22KN5WHGIM\/\" target=\"_blank\" rel=\"noreferrer noopener\" title=\"https:\/\/www.liberation.fr\/economie\/social\/retraites-modestes-chomeurs-pauvres-qui-sont-les-principales-victimes-du-projet-de-bayrou-pour-le-budget-2026-20250717_WNHBOFO2ZBGJDHXV22KN5WHGIM\/\">la pilule d\u2019un budget d\u00e9cid\u00e9ment bien critiqu\u00e9<\/a>. C\u2019est la derni\u00e8re promesse de Fran\u00e7ois Bayrou depuis sa cha\u00eene YouTube, qui a annonc\u00e9 vouloir passer au crible et supprimer d\u2019\u00e9ventuels avantages indus dont b\u00e9n\u00e9ficieraient les responsables politiques. Une gageure, pour laquelle il a sollicit\u00e9 l\u2019ex-d\u00e9put\u00e9 socialiste Ren\u00e9 Dosi\u00e8re, 84 ans et <a href=\"https:\/\/www.liberation.fr\/france\/2012\/07\/11\/rene-dosiere-rendez-vous-comptes_832698\/\" target=\"_blank\" rel=\"noreferrer noopener\" title=\"https:\/\/www.liberation.fr\/france\/2012\/07\/11\/rene-dosiere-rendez-vous-comptes_832698\/\">sp\u00e9cialiste des d\u00e9penses de fonctionnement de l\u2019Etat.<\/a><\/p>\n<p class=\"sc-ksZaOG ehjQrN text-element\">La promesse suit le constat formul\u00e9 par le Premier ministre depuis <a href=\"https:\/\/www.liberation.fr\/politique\/podcast-de-bayrou-cet-ete-vous-reprendrez-bien-un-peu-de-budget-20250805_EQ6Z7VVUWFD47DRUBQWNESBEZE\/\" target=\"_blank\" rel=\"noreferrer noopener\" title=\"https:\/\/www.liberation.fr\/politique\/podcast-de-bayrou-cet-ete-vous-reprendrez-bien-un-peu-de-budget-20250805_EQ6Z7VVUWFD47DRUBQWNESBEZE\/\">ses vlogs budg\u00e9taires,<\/a> o\u00f9 il d\u00e9sire d\u00e9montrer le bien-fond\u00e9 des coupes qu\u2019il souhaite faire adopter dans le budget 2026. Apr\u00e8s un appel aux questions et aux suggestions du public, le Palois s\u2019est f\u00e9licit\u00e9 d\u2019avoir re\u00e7u de \u00abtr\u00e8s nombreux\u00bb commentaires. Parmi eux, un bon nombre a demand\u00e9 \u00e0 \u00abtoucher aux privil\u00e8ges entre guillemets des responsables politiques, des parlementaires ou des membres du gouvernement\u00bb, a relat\u00e9 Fran\u00e7ois Bayrou dans une nouvelle vid\u00e9o publi\u00e9e vendredi.<\/p>\n<p class=\"sc-ksZaOG ehjQrN text-element\">\u00abJe prends tr\u00e8s au s\u00e9rieux cette question, parce qu\u2019elle signifie qu\u2019il y a un soup\u00e7on. Les Fran\u00e7ais pour beaucoup d\u2019entre eux en sont venus \u00e0 penser que les politiques s\u2019en mettaient plein les poches [\u2026] que c\u2019\u00e9tait une gabegie d\u2019argent public\u00bb, a-t-il affirm\u00e9. \u00abIl faut \u00e9claircir tout \u00e7a. Est-ce qu\u2019il y a pour les parlementaires fran\u00e7ais ou responsables politiques des situations d\u2019avantages indus, excessifs, inacceptables ?\u00bb Le locataire de Matignon a un peu d\u00e9blay\u00e9 le terrain, rappelant que la r\u00e9mun\u00e9ration des ministres avaient \u00e9t\u00e9 <a href=\"https:\/\/www.liberation.fr\/france\/2012\/08\/22\/hollande-reussit-enfin-a-baisser-son-salaire_841183\/\" target=\"_blank\" rel=\"noreferrer noopener\" title=\"https:\/\/www.liberation.fr\/france\/2012\/08\/22\/hollande-reussit-enfin-a-baisser-son-salaire_841183\/\">r\u00e9duites de 30 % par Fran\u00e7ois Hollande<\/a>, lors de sa pr\u00e9sidence, et que contrairement \u00e0 une \u00abl\u00e9gende\u00bb ils ne per\u00e7oivent pas une retraite \u00e0 vie.<\/p>\n<p class=\"sc-ksZaOG ehjQrN text-element\">Mais si la mission de Ren\u00e9 Dosi\u00e8re identifie des avantages indus, \u00abils seront supprim\u00e9s\u00bb, a assur\u00e9 le Premier ministre, <a href=\"https:\/\/www.liberation.fr\/politique\/francois-bayrou-et-sa-liaison-aerienne-pau-orly-labsurde-lubie-dun-baron-du-vieux-monde-20250218_ITGNF5JFPZATNKAFF3WXB56SBY\/\" target=\"_blank\" rel=\"noreferrer noopener\" title=\"https:\/\/www.liberation.fr\/politique\/francois-bayrou-et-sa-liaison-aerienne-pau-orly-labsurde-lubie-dun-baron-du-vieux-monde-20250218_ITGNF5JFPZATNKAFF3WXB56SBY\/\">qui a r\u00e9tabli la liaison Paris-Pau<\/a> aux premiers jours de son arriv\u00e9e \u00e0 son poste, malgr\u00e9 une soutenabilit\u00e9 discutable sur le plan \u00e9conomique et \u00e9cologique. L\u2019ancien d\u00e9put\u00e9 sera assist\u00e9 par des repr\u00e9sentants des groupes parlementaires de l\u2019Assembl\u00e9e nationale et du S\u00e9nat.<\/p>\n<p class=\"sc-ksZaOG ehjQrN text-element\">Fran\u00e7ois Bayrou avait annonc\u00e9 \u00e0 la mi-juillet un plan budg\u00e9taire pr\u00e9voyant pour 2026 pr\u00e8s de 44 milliards d\u2019euros d\u2019\u00e9conomies. Il propose en particulier la suppression de <a href=\"https:\/\/www.liberation.fr\/economie\/social\/suppression-de-deux-jours-feries-dun-point-de-vue-economique-cest-du-bricolage-20250815_3IOBY67QRJCZHGDNUKWQKDKJFA\/\" target=\"_blank\" rel=\"noreferrer noopener\" title=\"https:\/\/www.liberation.fr\/economie\/social\/suppression-de-deux-jours-feries-dun-point-de-vue-economique-cest-du-bricolage-20250815_3IOBY67QRJCZHGDNUKWQKDKJFA\/\">deux jours f\u00e9ri\u00e9s par an<\/a> et une ann\u00e9e blanche, c\u2019est-\u00e0-dire un gel des d\u00e9penses pour l\u2019an prochain. Des propositions particuli\u00e8rement critiqu\u00e9es, qui lui valent une lev\u00e9e de boucliers dans plusieurs professions, ainsi qu\u2019un appel au blocage du pays le 10 septembre et des menaces de <a href=\"https:\/\/www.liberation.fr\/politique\/budget-francois-bayrou-face-a-la-menace-de-censure-un-enjeu-a-pile-ou-face-20250730_OBZL6HI3ARHR3BWAT24H7LWZME\/\" target=\"_blank\" rel=\"noreferrer noopener\" title=\"https:\/\/www.liberation.fr\/politique\/budget-francois-bayrou-face-a-la-menace-de-censure-un-enjeu-a-pile-ou-face-20250730_OBZL6HI3ARHR3BWAT24H7LWZME\/\">censure <\/a>d\u00e8s la rentr\u00e9e parlementaire.<\/p>\n","protected":false},"excerpt":{"rendered":"Passer au laser les d\u00e9penses du personnel politique pour mieux faire passer la pilule d\u2019un budget d\u00e9cid\u00e9ment bien&hellip;\n","protected":false},"author":2,"featured_media":337775,"comment_status":"","ping_status":"","sticky":false,"template":"","format":"standard","meta":{"footnotes":""},"categories":[4],"tags":[11,25548,1011,27,431,12,25],"class_list":{"0":"post-337774","1":"post","2":"type-post","3":"status-publish","4":"format-standard","5":"has-post-thumbnail","7":"category-france","8":"tag-actualites","9":"tag-budget-public","10":"tag-fr","11":"tag-france","12":"tag-francois-bayrou","13":"tag-news","14":"tag-republique-francaise"},"share_on_mastodon":{"url":"https:\/\/pubeurope.com\/@fr\/115076302417996666","error":""},"_links":{"self":[{"href":"https:\/\/www.europesays.com\/fr\/wp-json\/wp\/v2\/posts\/337774","targetHints":{"allow":["GET"]}}],"collection":[{"href":"https:\/\/www.europesays.com\/fr\/wp-json\/wp\/v2\/posts"}],"about":[{"href":"https:\/\/www.europesays.com\/fr\/wp-json\/wp\/v2\/types\/post"}],"author":[{"embeddable":true,"href":"https:\/\/www.europesays.com\/fr\/wp-json\/wp\/v2\/users\/2"}],"replies":[{"embeddable":true,"href":"https:\/\/www.europesays.com\/fr\/wp-json\/wp\/v2\/comments?post=337774"}],"version-history":[{"count":0,"href":"https:\/\/www.europesays.com\/fr\/wp-json\/wp\/v2\/posts\/337774\/revisions"}],"wp:featuredmedia":[{"embeddable":true,"href":"https:\/\/www.europesays.com\/fr\/wp-json\/wp\/v2\/media\/337775"}],"wp:attachment":[{"href":"https:\/\/www.europesays.com\/fr\/wp-json\/wp\/v2\/media?parent=337774"}],"wp:term":[{"taxonomy":"category","embeddable":true,"href":"https:\/\/www.europesays.com\/fr\/wp-json\/wp\/v2\/categories?post=337774"},{"taxonomy":"post_tag","embeddable":true,"href":"https:\/\/www.europesays.com\/fr\/wp-json\/wp\/v2\/tags?post=337774"}],"curies":[{"name":"wp","href":"https:\/\/api.w.org\/{rel}","templated":true}]}}