{"id":337780,"date":"2025-08-23T04:58:32","date_gmt":"2025-08-23T04:58:32","guid":{"rendered":"https:\/\/www.europesays.com\/fr\/337780\/"},"modified":"2025-08-23T04:58:32","modified_gmt":"2025-08-23T04:58:32","slug":"les-voyageurs-pas-convaincus-par-les-tickets-qr-code-de-la-stas","status":"publish","type":"post","link":"https:\/\/www.europesays.com\/fr\/337780\/","title":{"rendered":"les voyageurs pas convaincus par les tickets QR code de la Stas"},"content":{"rendered":"<p>\u00ab\u00a0Je n\u2019y comprends rien et je pr\u00e9f\u00e9rais nettement l\u2019ancien syst\u00e8me.\u00a0\u00bb<\/p>\n<p>En ce vendredi matin, cette habitante de Bellevue attend son tram \u00e0 Ch\u00e2teaucreux avec, \u00e0 la main, son ticket valable une heure et demie. Et elle bien emb\u00eat\u00e9e. De quel c\u00f4t\u00e9 le pr\u00e9senter\u00a0? Elle l\u2019ignore. \u00ab\u00a0Je prends le m\u00eame tram que vous, je vous montrerais\u00a0\u00bb, la rassure alors une autre voyageuse.<\/p>\n<p>Une fois dans le v\u00e9hicule, le premier essai de validation est le bon. Mais, ce n\u2019est pas tous les jours aussi simple.<\/p>\n<p>Depuis le 24\u00a0juin dernier, les tickets \u00e0 l\u2019unit\u00e9 et le carnet de dix voyages de la Stas se pr\u00e9sentent sous forme de tickets QR code.<\/p>\n<p>Scanner le QR code sur un valideur en l\u2019orientant face vers&#8230;                        <\/p>\n","protected":false},"excerpt":{"rendered":"\u00ab\u00a0Je n\u2019y comprends rien et je pr\u00e9f\u00e9rais nettement l\u2019ancien syst\u00e8me.\u00a0\u00bb En ce vendredi matin, cette habitante de Bellevue&hellip;\n","protected":false},"author":2,"featured_media":337781,"comment_status":"","ping_status":"","sticky":false,"template":"","format":"standard","meta":{"footnotes":""},"categories":[9653],"tags":[1111,11,2430,7539,1777,674,1011,27,3367,12,25,4001,7538,2803],"class_list":{"0":"post-337780","1":"post","2":"type-post","3":"status-publish","4":"format-standard","5":"has-post-thumbnail","7":"category-saint-etienne","8":"tag-actu","9":"tag-actualites","10":"tag-auvergne-rhone-alpes","11":"tag-edition-loire-sud","12":"tag-eu","13":"tag-europe","14":"tag-fr","15":"tag-france","16":"tag-loire","17":"tag-news","18":"tag-republique-francaise","19":"tag-saint-etienne","20":"tag-saint-etienne-ville","21":"tag-transport"},"share_on_mastodon":{"url":"https:\/\/pubeurope.com\/@fr\/115076314180097100","error":""},"_links":{"self":[{"href":"https:\/\/www.europesays.com\/fr\/wp-json\/wp\/v2\/posts\/337780","targetHints":{"allow":["GET"]}}],"collection":[{"href":"https:\/\/www.europesays.com\/fr\/wp-json\/wp\/v2\/posts"}],"about":[{"href":"https:\/\/www.europesays.com\/fr\/wp-json\/wp\/v2\/types\/post"}],"author":[{"embeddable":true,"href":"https:\/\/www.europesays.com\/fr\/wp-json\/wp\/v2\/users\/2"}],"replies":[{"embeddable":true,"href":"https:\/\/www.europesays.com\/fr\/wp-json\/wp\/v2\/comments?post=337780"}],"version-history":[{"count":0,"href":"https:\/\/www.europesays.com\/fr\/wp-json\/wp\/v2\/posts\/337780\/revisions"}],"wp:featuredmedia":[{"embeddable":true,"href":"https:\/\/www.europesays.com\/fr\/wp-json\/wp\/v2\/media\/337781"}],"wp:attachment":[{"href":"https:\/\/www.europesays.com\/fr\/wp-json\/wp\/v2\/media?parent=337780"}],"wp:term":[{"taxonomy":"category","embeddable":true,"href":"https:\/\/www.europesays.com\/fr\/wp-json\/wp\/v2\/categories?post=337780"},{"taxonomy":"post_tag","embeddable":true,"href":"https:\/\/www.europesays.com\/fr\/wp-json\/wp\/v2\/tags?post=337780"}],"curies":[{"name":"wp","href":"https:\/\/api.w.org\/{rel}","templated":true}]}}