{"id":337786,"date":"2025-08-23T05:02:16","date_gmt":"2025-08-23T05:02:16","guid":{"rendered":"https:\/\/www.europesays.com\/fr\/337786\/"},"modified":"2025-08-23T05:02:16","modified_gmt":"2025-08-23T05:02:16","slug":"la-seyne-sur-mer-le-duo-stravaganza-en-concert","status":"publish","type":"post","link":"https:\/\/www.europesays.com\/fr\/337786\/","title":{"rendered":"La Seyne sur mer : Le Duo Stravaganza en concert"},"content":{"rendered":"<p>        <a href=\"https:\/\/www.tv83.info\/wp-content\/uploads\/2025\/08\/Harpe-Flute-5-Octobre-2025_page-0001.jpg\" data-caption=\"\" rel=\"nofollow noopener\" target=\"_blank\"><img loading=\"lazy\" decoding=\"async\" width=\"696\" height=\"984\" class=\"entry-thumb td-modal-image\" src=\"https:\/\/www.europesays.com\/fr\/wp-content\/uploads\/2025\/08\/Harpe-Flute-5-Octobre-2025_page-0001-696x984.jpg\"   alt=\"\" title=\"Harpe Flu\u0302te 5 Octobre 2025_page-0001\"\/><\/a><\/p>\n<p>Concert \u00e9v\u00e9nement \u2013 Duo Stravaganza : Fl\u00fbte traversi\u00e8re &amp; Harpe<br \/><strong>Dimanche 5 octobre 2025<\/strong> \u00e0 17h \u2013 Salle Louis Baudoin, La Seyne-sur-Mer<\/p>\n<p>L\u2019Association culturelle PLACE AUX ARTISTES est heureuse de vous convier \u00e0 un moment musical d\u2019exception avec le Duo Stravaganza, compos\u00e9 de Nathalie Sainte-Croix \u00e0 la fl\u00fbte traversi\u00e8re et Gloria Birardi \u00e0 la harpe.<\/p>\n<p>Un duo complice et lumineux<br \/>\u00c0 la sc\u00e8ne comme \u00e0 la ville, ces deux musiciennes passionn\u00e9es partagent une connivence joyeuse et communicative. Leur duo, color\u00e9 et p\u00e9tillant, puise dans un r\u00e9pertoire riche et vari\u00e9, traversant les \u00e9poques et les continents avec \u00e9l\u00e9gance et fra\u00eecheur.<\/p>\n<p>Un voyage musical sensible et inspirant<br \/>De l\u2019Irlande \u00e0 l\u2019Espagne, du Br\u00e9sil \u00e0 l\u2019Italie, en passant par les musiques anciennes et contemporaines, le Duo Stravaganza vous emm\u00e8ne dans un tour du monde sonore et po\u00e9tique.<\/p>\n<p>Pr\u00e9sentation des \u0153uvres en direct<br \/>Chacun des morceaux interpr\u00e9t\u00e9s sera pr\u00e9sent\u00e9 par Chantal Voisin, pr\u00e9sidente de l\u2019association, pour vous permettre d\u2019en appr\u00e9cier pleinement les subtilit\u00e9s, le contexte, et les \u00e9motions qu\u2019ils portent.<\/p>\n<p><strong>Infos pratiques :<\/strong><br \/>Date : Dimanche 5 octobre 2025<br \/>Heure : 17h<br \/>Lieu : Salle Louis Baudoin (attenante au Coll\u00e8ge L\u2019Herminier)<br \/>Adresse : Avenue No\u00ebl Verlaque \u2013 La Seyne-sur-Mer<\/p>\n<p><strong>Tarifs :<\/strong><br \/>\u2013 Plein tarif : 20 \u20ac<br \/>\u2013 Adh\u00e9rents de l\u2019association : 15 \u20ac<br \/>\u2013 Enfants &amp; adolescents : 5 \u20ac<\/p>\n<p>Venez nombreux vivre cette parenth\u00e8se musicale tout en finesse, \u00e0 partager en famille, entre amis, ou en solo \u2013 pour le plaisir des oreilles et du c\u0153ur.<\/p>\n<p>Chantal Voisin<br \/>Pr\u00e9sidente de l\u2019association PLACE AUX ARTISTES<\/p>\n<p><a href=\"https:\/\/www.restosducoeur.org\/associations-departementales\/les-restos-du-coeur-du-var\/\" rel=\"nofollow noopener\" target=\"_blank\"><img decoding=\"async\" style=\"height:70px;width:140px\" src=\"https:\/\/www.europesays.com\/fr\/wp-content\/uploads\/2025\/04\/restos-du-coeur.jpg\"\/><\/a>        <\/p>\n","protected":false},"excerpt":{"rendered":"Concert \u00e9v\u00e9nement \u2013 Duo Stravaganza : Fl\u00fbte traversi\u00e8re &amp; HarpeDimanche 5 octobre 2025 \u00e0 17h \u2013 Salle Louis&hellip;\n","protected":false},"author":2,"featured_media":337787,"comment_status":"","ping_status":"","sticky":false,"template":"","format":"standard","meta":{"footnotes":""},"categories":[9619],"tags":[1111,11,1777,674,1011,27,12,882,25,2310],"class_list":{"0":"post-337786","1":"post","2":"type-post","3":"status-publish","4":"format-standard","5":"has-post-thumbnail","7":"category-toulon","8":"tag-actu","9":"tag-actualites","10":"tag-eu","11":"tag-europe","12":"tag-fr","13":"tag-france","14":"tag-news","15":"tag-provence-alpes-cote-dazur","16":"tag-republique-francaise","17":"tag-toulon"},"share_on_mastodon":{"url":"https:\/\/pubeurope.com\/@fr\/115076330069612842","error":""},"_links":{"self":[{"href":"https:\/\/www.europesays.com\/fr\/wp-json\/wp\/v2\/posts\/337786","targetHints":{"allow":["GET"]}}],"collection":[{"href":"https:\/\/www.europesays.com\/fr\/wp-json\/wp\/v2\/posts"}],"about":[{"href":"https:\/\/www.europesays.com\/fr\/wp-json\/wp\/v2\/types\/post"}],"author":[{"embeddable":true,"href":"https:\/\/www.europesays.com\/fr\/wp-json\/wp\/v2\/users\/2"}],"replies":[{"embeddable":true,"href":"https:\/\/www.europesays.com\/fr\/wp-json\/wp\/v2\/comments?post=337786"}],"version-history":[{"count":0,"href":"https:\/\/www.europesays.com\/fr\/wp-json\/wp\/v2\/posts\/337786\/revisions"}],"wp:featuredmedia":[{"embeddable":true,"href":"https:\/\/www.europesays.com\/fr\/wp-json\/wp\/v2\/media\/337787"}],"wp:attachment":[{"href":"https:\/\/www.europesays.com\/fr\/wp-json\/wp\/v2\/media?parent=337786"}],"wp:term":[{"taxonomy":"category","embeddable":true,"href":"https:\/\/www.europesays.com\/fr\/wp-json\/wp\/v2\/categories?post=337786"},{"taxonomy":"post_tag","embeddable":true,"href":"https:\/\/www.europesays.com\/fr\/wp-json\/wp\/v2\/tags?post=337786"}],"curies":[{"name":"wp","href":"https:\/\/api.w.org\/{rel}","templated":true}]}}