{"id":337788,"date":"2025-08-23T05:03:17","date_gmt":"2025-08-23T05:03:17","guid":{"rendered":"https:\/\/www.europesays.com\/fr\/337788\/"},"modified":"2025-08-23T05:03:17","modified_gmt":"2025-08-23T05:03:17","slug":"hygiene-un-restaurant-toulonnais-controle","status":"publish","type":"post","link":"https:\/\/www.europesays.com\/fr\/337788\/","title":{"rendered":"Hygi\u00e8ne : un restaurant toulonnais contr\u00f4l\u00e9"},"content":{"rendered":"<p><img loading=\"lazy\" decoding=\"async\" src=\"https:\/\/www.europesays.com\/fr\/wp-content\/uploads\/2025\/08\/Hygiene-un-restaurant-toulonnais-controle-2125847.webp.webp\" width=\"1200\" height=\"675\" alt=\"placeholder video\"\/><\/p>\n<p>En p\u00e9riode de saison estivale, l\u00e0 o\u00f9 la fr\u00e9quentation des \u00e9tablissements de bouche connait un pic dans le d\u00e9partement du Var, les forces de l&rsquo;ordre multiplient les contr\u00f4les d&rsquo;hygi\u00e8ne. Au cours de l&rsquo;\u00e9t\u00e9, la pr\u00e9fecture du Var a annonc\u00e9 la fermeture administrative de plusieurs \u00e9tablissements ouest varois qui ne respectaient pas les r\u00e8gles. A Toulon, au Mont Faron, les policiers de l&rsquo;Unit\u00e9 d&rsquo;appui op\u00e9rationnelle ont d\u00e9cid\u00e9 de r\u00e9aliser un contr\u00f4le sanitaire dans un restaurant qui n&rsquo;\u00e9tait d\u00e9j\u00e0 pas en r\u00e8gle l&rsquo;ann\u00e9e derni\u00e8re.<\/p>\n<p>Hier \u00e0 19h40 | Dur\u00e9e : 1:32<\/p>\n","protected":false},"excerpt":{"rendered":"En p\u00e9riode de saison estivale, l\u00e0 o\u00f9 la fr\u00e9quentation des \u00e9tablissements de bouche connait un pic dans le&hellip;\n","protected":false},"author":2,"featured_media":337789,"comment_status":"","ping_status":"","sticky":false,"template":"","format":"standard","meta":{"footnotes":""},"categories":[9619],"tags":[1111,11,1777,674,1011,27,12,882,25,2310],"class_list":{"0":"post-337788","1":"post","2":"type-post","3":"status-publish","4":"format-standard","5":"has-post-thumbnail","7":"category-toulon","8":"tag-actu","9":"tag-actualites","10":"tag-eu","11":"tag-europe","12":"tag-fr","13":"tag-france","14":"tag-news","15":"tag-provence-alpes-cote-dazur","16":"tag-republique-francaise","17":"tag-toulon"},"share_on_mastodon":{"url":"https:\/\/pubeurope.com\/@fr\/115076333835697379","error":""},"_links":{"self":[{"href":"https:\/\/www.europesays.com\/fr\/wp-json\/wp\/v2\/posts\/337788","targetHints":{"allow":["GET"]}}],"collection":[{"href":"https:\/\/www.europesays.com\/fr\/wp-json\/wp\/v2\/posts"}],"about":[{"href":"https:\/\/www.europesays.com\/fr\/wp-json\/wp\/v2\/types\/post"}],"author":[{"embeddable":true,"href":"https:\/\/www.europesays.com\/fr\/wp-json\/wp\/v2\/users\/2"}],"replies":[{"embeddable":true,"href":"https:\/\/www.europesays.com\/fr\/wp-json\/wp\/v2\/comments?post=337788"}],"version-history":[{"count":0,"href":"https:\/\/www.europesays.com\/fr\/wp-json\/wp\/v2\/posts\/337788\/revisions"}],"wp:featuredmedia":[{"embeddable":true,"href":"https:\/\/www.europesays.com\/fr\/wp-json\/wp\/v2\/media\/337789"}],"wp:attachment":[{"href":"https:\/\/www.europesays.com\/fr\/wp-json\/wp\/v2\/media?parent=337788"}],"wp:term":[{"taxonomy":"category","embeddable":true,"href":"https:\/\/www.europesays.com\/fr\/wp-json\/wp\/v2\/categories?post=337788"},{"taxonomy":"post_tag","embeddable":true,"href":"https:\/\/www.europesays.com\/fr\/wp-json\/wp\/v2\/tags?post=337788"}],"curies":[{"name":"wp","href":"https:\/\/api.w.org\/{rel}","templated":true}]}}