{"id":337795,"date":"2025-08-23T05:07:18","date_gmt":"2025-08-23T05:07:18","guid":{"rendered":"https:\/\/www.europesays.com\/fr\/337795\/"},"modified":"2025-08-23T05:07:18","modified_gmt":"2025-08-23T05:07:18","slug":"ivre-a-rouen-il-tente-dechapper-aux-policiers-et-finit-sa-course-dans-une-voiture","status":"publish","type":"post","link":"https:\/\/www.europesays.com\/fr\/337795\/","title":{"rendered":"Ivre \u00e0 Rouen, il tente d\u2019\u00e9chapper aux policiers\u2026 et finit sa course dans une voiture"},"content":{"rendered":"<p class=\"p1\">Une <a href=\"https:\/\/actu.fr\/normandie\/rouen_76540\/ivre-il-pense-echapper-aux-policiers-a-rouen-mais-termine-sa-course-dans-une-voiture_63060684.html\" rel=\"nofollow noopener\" target=\"_blank\">course-poursuite<\/a> qui n\u2019a pas manqu\u00e9 de retenir l\u2019attention des riverains et qui s\u2019est finalement termin\u00e9e aussi vite qu\u2019elle avait commenc\u00e9.<\/p>\n<p><b>Une cavale \u00e0 haut risque<\/b><\/p>\n<p class=\"p1\">Il est pr\u00e8s de minuit lorsque les policiers de Rouen s\u2019appr\u00eatent \u00e0 terminer leur service. C\u2019est alors qu\u2019une voiture d\u00e9boule \u00e0 toute allure. Les forces de l\u2019ordre tentent d\u2019arr\u00eater le v\u00e9hicule, mais son conducteur de 23 ans d\u00e9cide d\u2019acc\u00e9l\u00e9rer. L\u2019homme grille un feu rouge, circule sur une voie de bus et emprunte un sens interdit. Les policiers enclenchent alors le gyrophare et la sir\u00e8ne pour le prendre en chasse.<\/p>\n<p><b>Fuite \u00e0 pied et interpellation<\/b><\/p>\n<p class=\"p1\">La course-poursuite se poursuit dans les rues du centre-ville avant que le chauffard percute une voiture en stationnement et tente de fuir \u00e0 pied. Apr\u00e8s 100 m\u00e8tres, il est interpell\u00e9 et son alcootest r\u00e9v\u00e8le un taux de 0,74 mg\/L d\u2019air expir\u00e9, soit pr\u00e8s de 1,5 g dans le sang. Deux passagers \u00e9taient \u00e9galement pr\u00e9sents\u2009: l\u2019un, fortement alcoolis\u00e9, a \u00e9t\u00e9 interpell\u00e9\u2009; l\u2019autre a \u00e9t\u00e9 laiss\u00e9 libre. Le conducteur, lui, a fini en garde \u00e0 vue et son v\u00e9hicule \u00e0 la fourri\u00e8re.<\/p>\n<p>Partagez cette info avec vos amis et vos proches en cliquant ici<br \/>Ivre \u00e0 Rouen, il tente d\u2019\u00e9chapper aux policiers\u2026 et finit sa course dans une voiture<\/p>\n<p>Dans la nuit du 20 ao\u00fbt dernier, un jeune conducteur a refus\u00e9 d\u2019obtemp\u00e9rer lors d\u2019un contr\u00f4le \u00e0 Rouen. Alcoolis\u00e9, il a pris tous les risques avant de finir sa fuite contre une voiture stationn\u00e9e.<\/p>\n<p> <img decoding=\"async\" width=\"76\" height=\"76\" loading=\"lazy\" src=\"https:\/\/www.europesays.com\/fr\/wp-content\/uploads\/2025\/04\/avatar-autonews.png\" alt=\"Mathis Poirot\"\/><\/p>\n","protected":false},"excerpt":{"rendered":"Une course-poursuite qui n\u2019a pas manqu\u00e9 de retenir l\u2019attention des riverains et qui s\u2019est finalement termin\u00e9e aussi vite&hellip;\n","protected":false},"author":2,"featured_media":337796,"comment_status":"","ping_status":"","sticky":false,"template":"","format":"standard","meta":{"footnotes":""},"categories":[9587],"tags":[1111,11,1777,674,1011,27,12,5161,25,9590],"class_list":{"0":"post-337795","1":"post","2":"type-post","3":"status-publish","4":"format-standard","5":"has-post-thumbnail","7":"category-rouen","8":"tag-actu","9":"tag-actualites","10":"tag-eu","11":"tag-europe","12":"tag-fr","13":"tag-france","14":"tag-news","15":"tag-normandie","16":"tag-republique-francaise","17":"tag-rouen"},"share_on_mastodon":{"url":"https:\/\/pubeurope.com\/@fr\/115076349785634817","error":""},"_links":{"self":[{"href":"https:\/\/www.europesays.com\/fr\/wp-json\/wp\/v2\/posts\/337795","targetHints":{"allow":["GET"]}}],"collection":[{"href":"https:\/\/www.europesays.com\/fr\/wp-json\/wp\/v2\/posts"}],"about":[{"href":"https:\/\/www.europesays.com\/fr\/wp-json\/wp\/v2\/types\/post"}],"author":[{"embeddable":true,"href":"https:\/\/www.europesays.com\/fr\/wp-json\/wp\/v2\/users\/2"}],"replies":[{"embeddable":true,"href":"https:\/\/www.europesays.com\/fr\/wp-json\/wp\/v2\/comments?post=337795"}],"version-history":[{"count":0,"href":"https:\/\/www.europesays.com\/fr\/wp-json\/wp\/v2\/posts\/337795\/revisions"}],"wp:featuredmedia":[{"embeddable":true,"href":"https:\/\/www.europesays.com\/fr\/wp-json\/wp\/v2\/media\/337796"}],"wp:attachment":[{"href":"https:\/\/www.europesays.com\/fr\/wp-json\/wp\/v2\/media?parent=337795"}],"wp:term":[{"taxonomy":"category","embeddable":true,"href":"https:\/\/www.europesays.com\/fr\/wp-json\/wp\/v2\/categories?post=337795"},{"taxonomy":"post_tag","embeddable":true,"href":"https:\/\/www.europesays.com\/fr\/wp-json\/wp\/v2\/tags?post=337795"}],"curies":[{"name":"wp","href":"https:\/\/api.w.org\/{rel}","templated":true}]}}