{"id":337807,"date":"2025-08-23T05:20:20","date_gmt":"2025-08-23T05:20:20","guid":{"rendered":"https:\/\/www.europesays.com\/fr\/337807\/"},"modified":"2025-08-23T05:20:20","modified_gmt":"2025-08-23T05:20:20","slug":"nice-une-manifestation-prevue-devant-ce-magasin-de-luxe-voici-pourquoi","status":"publish","type":"post","link":"https:\/\/www.europesays.com\/fr\/337807\/","title":{"rendered":"Nice. Une manifestation pr\u00e9vue devant ce magasin de luxe, voici pourquoi"},"content":{"rendered":"<p>            Par<br \/>\n        <strong><br \/>\n            <a href=\"https:\/\/actu.fr\/auteur\/redaction-nice\" title=\"Consulter tous les articles de R\u00e9daction Nice\" target=\"_blank\" rel=\"noopener\">R\u00e9daction Nice<\/a><br \/>\n        <\/strong><\/p>\n<p>        Publi\u00e9 le<\/p>\n<p>            23 ao\u00fbt 2025 \u00e0 7h14        <\/p>\n<p>Leur volont\u00e9\u2009: que Cartier s\u2019engage \u00e0 <strong>ne plus utiliser d\u2019animaux sauvages captifs<\/strong> et dress\u00e9s pour ses publicit\u00e9s. Samedi 23\u00a0ao\u00fbt 2025, \u00e0 17h30, l\u2019association de d\u00e9fense des animaux PAZ organise un rassemblement devant<strong> la boutique Cartier<\/strong> situ\u00e9e avenue de Verdun, \u00e0 <a href=\"https:\/\/actu.fr\/nice\/\" target=\"_blank\" rel=\"noopener\">Nice<\/a> (<a href=\"https:\/\/actu.fr\/provence-alpes-cote-d-azur\/alpes-maritimes_06\" target=\"_blank\" rel=\"noopener\">Alpes-Maritimes<\/a>).<\/p>\n<p>Des panth\u00e8res dress\u00e9es en captivit\u00e9<\/p>\n<p class=\" wall-content\">Les militants se tiendront devant le magasin avec banderoles et tracts. Ils d\u00e9noncent <strong>la pr\u00e9sence de panth\u00e8res dans plusieurs publicit\u00e9s<\/strong> de la marque de luxe. L\u2019animal, embl\u00e8me de Cartier, est pr\u00e9sent depuis au moins 2009 dans diff\u00e9rentes campagnes. Comme en 2014 avec des b\u00e9b\u00e9s animaux ou en novembre\u00a02024 avec l\u2019apparition du f\u00e9lin dans la publicit\u00e9 de No\u00ebl.<\/p>\n<p class=\" wall-content\">\n<p class=\" wall-content\">Dans cette derni\u00e8re vid\u00e9o, PAZ a demand\u00e9 confirmation aupr\u00e8s de la marque qu\u2019il s\u2019agit bien d\u2019un<strong> animal cr\u00e9\u00e9 gr\u00e2ce \u00e0 un mod\u00e8le 3D<\/strong>. Ils n\u2019ont pas obtenu de r\u00e9ponse.<\/p>\n<p class=\" wall-content\">\u00ab\u2009Pour vendre un produit, la multinationale Cartier se permet d\u2019<strong>alimenter l\u2019industrie de la captivit\u00e9 animale<\/strong>. Les fauves exploit\u00e9s sont priv\u00e9s de libert\u00e9 toute leur vie et subissent la violence du dressage\u2009\u00bb, a d\u00e9clar\u00e9 dans un communiqu\u00e9 la co-fondatrice de PAZ, Amandine Sanvisens.<\/p>\n<p>Des alternatives possibles<\/p>\n<p class=\" wall-content\">L\u2019association pr\u00e9cise continuer son combat suite \u00e0 l\u2019adoption de la loi <a href=\"https:\/\/actu.fr\/societe\/loi-contre-la-maltraitance-animale-voici-ce-qui-sera-desormais-interdit_46531542.html\" target=\"_blank\" rel=\"noopener\">contre la maltraitance animale<\/a> fin 2021. Elle demande que l\u2019industrie de la publicit\u00e9 <strong>ne fasse plus appel \u00e0 des dresseurs<\/strong> d\u2019animaux sauvages.<\/p>\n<p class=\" wall-content\">Dans son communiqu\u00e9, l\u2019association indique que <strong>des alternatives sont possibles<\/strong> avec l\u2019utilisation d\u2019animations, de montages et d\u2019images d\u00e9j\u00e0 existantes.<\/p>\n<p class=\" wall-content\">En militant pour l\u2019interdiction de l\u2019<strong>exploitation d\u2019animaux sauvages<\/strong> au cin\u00e9ma, dans les publicit\u00e9s et vid\u00e9os rendues publiques, PAZ a \u00e9crit \u00e0 de nombreuses marques, notamment \u00e0 Yves Saint Laurent. Marque contre laquelle une <a href=\"https:\/\/zoopolis.fr\/petitions\/ysl-stop-aux-pubs-avec-des-animaux-sauvages-captifs\/\" target=\"_blank\" rel=\"noopener\">p\u00e9tition<\/a> est disponible en ligne.<\/p>\n<p class=\" wall-content\">Personnalisez votre actualit\u00e9 en ajoutant vos villes et m\u00e9dias en favori avec <a href=\"https:\/\/moncompte.actu.fr\" title=\"D\u00e9couvez Mon Actu\" rel=\"nofollow noopener\" data-trk=\"{&quot;cta&quot;:{&quot;action&quot;:&quot;https:\\\/\\\/moncompte.actu.fr&quot;,&quot;category&quot;:&quot;mon compte&quot;,&quot;from&quot;:&quot;article footer&quot;,&quot;name&quot;:&quot;Mon actu&quot;,&quot;type&quot;:&quot;cta&quot;}}\" target=\"_blank\">Mon Actu<\/a>.<\/p>\n","protected":false},"excerpt":{"rendered":"Par R\u00e9daction Nice Publi\u00e9 le 23 ao\u00fbt 2025 \u00e0 7h14 Leur volont\u00e9\u2009: que Cartier s\u2019engage \u00e0 ne plus&hellip;\n","protected":false},"author":2,"featured_media":337808,"comment_status":"","ping_status":"","sticky":false,"template":"","format":"standard","meta":{"footnotes":""},"categories":[2819],"tags":[1111,11,1130,1777,674,1011,27,6795,1272,12,2401,52,882,25],"class_list":{"0":"post-337807","1":"post","2":"type-post","3":"status-publish","4":"format-standard","5":"has-post-thumbnail","7":"category-nice","8":"tag-actu","9":"tag-actualites","10":"tag-biodiversite","11":"tag-eu","12":"tag-europe","13":"tag-fr","14":"tag-france","15":"tag-maltraitance-animale","16":"tag-manifestations","17":"tag-news","18":"tag-nice","19":"tag-planete","20":"tag-provence-alpes-cote-dazur","21":"tag-republique-francaise"},"share_on_mastodon":{"url":"","error":""},"_links":{"self":[{"href":"https:\/\/www.europesays.com\/fr\/wp-json\/wp\/v2\/posts\/337807","targetHints":{"allow":["GET"]}}],"collection":[{"href":"https:\/\/www.europesays.com\/fr\/wp-json\/wp\/v2\/posts"}],"about":[{"href":"https:\/\/www.europesays.com\/fr\/wp-json\/wp\/v2\/types\/post"}],"author":[{"embeddable":true,"href":"https:\/\/www.europesays.com\/fr\/wp-json\/wp\/v2\/users\/2"}],"replies":[{"embeddable":true,"href":"https:\/\/www.europesays.com\/fr\/wp-json\/wp\/v2\/comments?post=337807"}],"version-history":[{"count":0,"href":"https:\/\/www.europesays.com\/fr\/wp-json\/wp\/v2\/posts\/337807\/revisions"}],"wp:featuredmedia":[{"embeddable":true,"href":"https:\/\/www.europesays.com\/fr\/wp-json\/wp\/v2\/media\/337808"}],"wp:attachment":[{"href":"https:\/\/www.europesays.com\/fr\/wp-json\/wp\/v2\/media?parent=337807"}],"wp:term":[{"taxonomy":"category","embeddable":true,"href":"https:\/\/www.europesays.com\/fr\/wp-json\/wp\/v2\/categories?post=337807"},{"taxonomy":"post_tag","embeddable":true,"href":"https:\/\/www.europesays.com\/fr\/wp-json\/wp\/v2\/tags?post=337807"}],"curies":[{"name":"wp","href":"https:\/\/api.w.org\/{rel}","templated":true}]}}