{"id":337811,"date":"2025-08-23T05:30:50","date_gmt":"2025-08-23T05:30:50","guid":{"rendered":"https:\/\/www.europesays.com\/fr\/337811\/"},"modified":"2025-08-23T05:30:50","modified_gmt":"2025-08-23T05:30:50","slug":"mercato-fc-nantes-larrivee-darmel-bella-kotchap-est-imminente-sport","status":"publish","type":"post","link":"https:\/\/www.europesays.com\/fr\/337811\/","title":{"rendered":"Mercato FC Nantes. L\u2019arriv\u00e9e d\u2019Armel Bella-Kotchap est imminente . Sport"},"content":{"rendered":"<p>Le FC Nantes est tout pr\u00e8s de signer un nouveau d\u00e9fenseur central. Les dirigeants nantais seraient tomb\u00e9s d\u2019accord avec ceux de Southampton (Deuxi\u00e8me division anglaise) pour le transfert d\u2019<a href=\"https:\/\/nantes.maville.com\/sport\/detail_-mercato-fc-nantes.-le-defenseur-de-southampton-armel-bella-kotchap-sur-les-tablettes-des-canaris-_52716-6933107_actu.Htm\" target=\"_self\" rel=\"noopener\">Armel Bella-Kotchap<\/a>. Celui-ci prendrait la forme d\u2019un pr\u00eat avec option d\u2019achat, estim\u00e9e \u00e0 9 millions d\u2019euros selon L\u2019\u00c9quipe.<\/p>\n<p>Le joueur et son entourage seraient \u00e9galement tomb\u00e9s d\u2019accord avec les Canaris. Son arriv\u00e9e est donc en tr\u00e8s bonne voie. Il renforcerait un secteur de jeu o\u00f9 le FCN est d\u00e9sormais d\u00e9muni de Nathan Z\u00e9z\u00e9, Nicolas Pallois et Jean-Charles Castelletto, partis cet \u00e9t\u00e9, et viendrait pallier l\u2019arriv\u00e9e non satisfaisante d\u2019<a href=\"https:\/\/nantes.maville.com\/sport\/detail_-info-ouest-france.-fc-nantes-une-recrue-pourrait-deja-quitter-le-club-_8-6922509_actu.Htm\" target=\"_self\" rel=\"noopener\">Uros Radakovic<\/a> \u00e0 ce poste.<\/p>\n<p>Deux derni\u00e8res saisons tronqu\u00e9es<\/p>\n<p>International allemand (2 s\u00e9lections), le joueur de 23 ans, qui poss\u00e8de \u00e9galement la nationalit\u00e9 camerounaise, n\u2019avait jou\u00e9 que cinq matches \u00e0 Southampton la saison pass\u00e9e, saison \u00e0 l\u2019issue de laquelle le club \u00e9tait descendu de Premier League. Il avait \u00e9galement loup\u00e9 une bonne partie de la saison 2023-2024 \u00e0 cause d\u2019une blessure alors qu\u2019il \u00e9tait en pr\u00eat au PSV Eindhoven (Pays-Bas).<\/p>\n<p>\u00a0<\/p>\n","protected":false},"excerpt":{"rendered":"Le FC Nantes est tout pr\u00e8s de signer un nouveau d\u00e9fenseur central. Les dirigeants nantais seraient tomb\u00e9s d\u2019accord&hellip;\n","protected":false},"author":2,"featured_media":337812,"comment_status":"","ping_status":"","sticky":false,"template":"","format":"standard","meta":{"footnotes":""},"categories":[2818],"tags":[1111,11,1438,3809,1465,1777,674,63,1011,27,1792,1922,766,12,2636,25,479,517,1470],"class_list":{"0":"post-337811","1":"post","2":"type-post","3":"status-publish","4":"format-standard","5":"has-post-thumbnail","7":"category-nantes","8":"tag-actu","9":"tag-actualites","10":"tag-angers","11":"tag-ball","12":"tag-basket","13":"tag-eu","14":"tag-europe","15":"tag-football","16":"tag-fr","17":"tag-france","18":"tag-handball","19":"tag-info","20":"tag-nantes","21":"tag-news","22":"tag-pays-de-la-loire","23":"tag-republique-francaise","24":"tag-rugby","25":"tag-sport","26":"tag-volley"},"share_on_mastodon":{"url":"https:\/\/pubeurope.com\/@fr\/115076443882744297","error":""},"_links":{"self":[{"href":"https:\/\/www.europesays.com\/fr\/wp-json\/wp\/v2\/posts\/337811","targetHints":{"allow":["GET"]}}],"collection":[{"href":"https:\/\/www.europesays.com\/fr\/wp-json\/wp\/v2\/posts"}],"about":[{"href":"https:\/\/www.europesays.com\/fr\/wp-json\/wp\/v2\/types\/post"}],"author":[{"embeddable":true,"href":"https:\/\/www.europesays.com\/fr\/wp-json\/wp\/v2\/users\/2"}],"replies":[{"embeddable":true,"href":"https:\/\/www.europesays.com\/fr\/wp-json\/wp\/v2\/comments?post=337811"}],"version-history":[{"count":0,"href":"https:\/\/www.europesays.com\/fr\/wp-json\/wp\/v2\/posts\/337811\/revisions"}],"wp:featuredmedia":[{"embeddable":true,"href":"https:\/\/www.europesays.com\/fr\/wp-json\/wp\/v2\/media\/337812"}],"wp:attachment":[{"href":"https:\/\/www.europesays.com\/fr\/wp-json\/wp\/v2\/media?parent=337811"}],"wp:term":[{"taxonomy":"category","embeddable":true,"href":"https:\/\/www.europesays.com\/fr\/wp-json\/wp\/v2\/categories?post=337811"},{"taxonomy":"post_tag","embeddable":true,"href":"https:\/\/www.europesays.com\/fr\/wp-json\/wp\/v2\/tags?post=337811"}],"curies":[{"name":"wp","href":"https:\/\/api.w.org\/{rel}","templated":true}]}}