{"id":337813,"date":"2025-08-23T05:32:11","date_gmt":"2025-08-23T05:32:11","guid":{"rendered":"https:\/\/www.europesays.com\/fr\/337813\/"},"modified":"2025-08-23T05:32:11","modified_gmt":"2025-08-23T05:32:11","slug":"les-previsions-meteo-du-samedi-23-aout-a-bordeaux","status":"publish","type":"post","link":"https:\/\/www.europesays.com\/fr\/337813\/","title":{"rendered":"Les pr\u00e9visions m\u00e9t\u00e9o du samedi 23 ao\u00fbt \u00e0 Bordeaux"},"content":{"rendered":"<p>Aujourd\u2019hui, \u00e0 Bordeaux, pr\u00e9pare-toi \u00e0 profiter d\u2019une tr\u00e8s belle journ\u00e9e ! Le ciel restera largement ensoleill\u00e9 du matin jusqu\u2019\u00e0 la nuit, sans aucune menace de pluie.<\/p>\n<p style=\"font-size:16px\">D\u00e8s le <strong>matin<\/strong>, le thermom\u00e8tre affichera <strong>15 \u00b0C<\/strong>, avec une sensation identique. Le vent restera tr\u00e8s calme, et le ciel sera clair et lumineux, sans nuages ni pr\u00e9cipitations, id\u00e9al pour commencer ta journ\u00e9e en douceur.<\/p>\n<p style=\"font-size:16px\">En <strong>apr\u00e8s-midi<\/strong>, place \u00e0 la chaleur : <strong>27 \u00b0C<\/strong>, mais un ressenti qui <strong>grimpera jusqu\u2019\u00e0 31 \u00b0C<\/strong> sous l\u2019influence directe du soleil. L\u2019indice UV sera fort, \u00e0 7 : cr\u00e8me solaire et chapeau recommand\u00e9s !<\/p>\n<p><img fetchpriority=\"high\" decoding=\"async\" width=\"1024\" height=\"621\" src=\"https:\/\/www.europesays.com\/fr\/wp-content\/uploads\/2025\/08\/1755927131_981_soleil.jpg\" alt=\"\" class=\"wp-image-82558\" style=\"width:600px;height:auto\"  \/>Un temps estival illuminera les rues de Bordeaux aujourd\u2019hui. <\/p>\n<p style=\"font-size:16px\">En <strong>soir\u00e9e<\/strong>, l\u2019ambiance restera estivale : <strong>25 \u00b0C, ressenti 23 \u00b0C<\/strong>, toujours sous un ciel limpide. Le vent continuera de souffler l\u00e9g\u00e8rement du nord-est, sans jamais perturber l\u2019impression de beau temps.<\/p>\n<p style=\"font-size:16px\">Enfin, la nuit sera douce avec <strong>18 \u00b0C <\/strong>attendus. Le ressenti descendra \u00e0 17 \u00b0C, sous un ciel clair agr\u00e9ment\u00e9 de quelques voiles \u00e9lev\u00e9s. Pas de pluie, pas de surprise : une journ\u00e9e id\u00e9ale, du lever au coucher du soleil.<\/p>\n<p style=\"font-size:16px\">\u00c0 lire aussi : <a href=\"https:\/\/www.bougerabordeaux.com\/actu\/bordeaux-lesplanade-charles-de-gaulle-du-quartier-meriadeck-se-metamorphose\/\" target=\"_blank\" rel=\"noreferrer noopener nofollow\">Bordeaux : l\u2019esplanade Charles de Gaulle du quartier M\u00e9riadeck se m\u00e9tamorphose<\/a><\/p>\n","protected":false},"excerpt":{"rendered":"Aujourd\u2019hui, \u00e0 Bordeaux, pr\u00e9pare-toi \u00e0 profiter d\u2019une tr\u00e8s belle journ\u00e9e ! Le ciel restera largement ensoleill\u00e9 du matin&hellip;\n","protected":false},"author":2,"featured_media":337814,"comment_status":"","ping_status":"","sticky":false,"template":"","format":"standard","meta":{"footnotes":""},"categories":[2817],"tags":[1111,11,1997,1777,674,1011,27,12,2219,25],"class_list":{"0":"post-337813","1":"post","2":"type-post","3":"status-publish","4":"format-standard","5":"has-post-thumbnail","7":"category-bordeaux","8":"tag-actu","9":"tag-actualites","10":"tag-bordeaux","11":"tag-eu","12":"tag-europe","13":"tag-fr","14":"tag-france","15":"tag-news","16":"tag-nouvelle-aquitaine","17":"tag-republique-francaise"},"share_on_mastodon":{"url":"https:\/\/pubeurope.com\/@fr\/115076448506830842","error":""},"_links":{"self":[{"href":"https:\/\/www.europesays.com\/fr\/wp-json\/wp\/v2\/posts\/337813","targetHints":{"allow":["GET"]}}],"collection":[{"href":"https:\/\/www.europesays.com\/fr\/wp-json\/wp\/v2\/posts"}],"about":[{"href":"https:\/\/www.europesays.com\/fr\/wp-json\/wp\/v2\/types\/post"}],"author":[{"embeddable":true,"href":"https:\/\/www.europesays.com\/fr\/wp-json\/wp\/v2\/users\/2"}],"replies":[{"embeddable":true,"href":"https:\/\/www.europesays.com\/fr\/wp-json\/wp\/v2\/comments?post=337813"}],"version-history":[{"count":0,"href":"https:\/\/www.europesays.com\/fr\/wp-json\/wp\/v2\/posts\/337813\/revisions"}],"wp:featuredmedia":[{"embeddable":true,"href":"https:\/\/www.europesays.com\/fr\/wp-json\/wp\/v2\/media\/337814"}],"wp:attachment":[{"href":"https:\/\/www.europesays.com\/fr\/wp-json\/wp\/v2\/media?parent=337813"}],"wp:term":[{"taxonomy":"category","embeddable":true,"href":"https:\/\/www.europesays.com\/fr\/wp-json\/wp\/v2\/categories?post=337813"},{"taxonomy":"post_tag","embeddable":true,"href":"https:\/\/www.europesays.com\/fr\/wp-json\/wp\/v2\/tags?post=337813"}],"curies":[{"name":"wp","href":"https:\/\/api.w.org\/{rel}","templated":true}]}}