{"id":337815,"date":"2025-08-23T05:33:12","date_gmt":"2025-08-23T05:33:12","guid":{"rendered":"https:\/\/www.europesays.com\/fr\/337815\/"},"modified":"2025-08-23T05:33:12","modified_gmt":"2025-08-23T05:33:12","slug":"apres-un-accident-ce-vendredi-sur-la10-dans-le-sens-paris-bordeaux-un-homme-de-61-ans-decede-des-suites-dun-malaise","status":"publish","type":"post","link":"https:\/\/www.europesays.com\/fr\/337815\/","title":{"rendered":"Apr\u00e8s un accident ce vendredi sur l&rsquo;A10, dans le sens Paris-Bordeaux, un homme de 61 ans d\u00e9c\u00e8de des suites d&rsquo;un malaise"},"content":{"rendered":"<p> <img decoding=\"async\" src=\"https:\/\/www.europesays.com\/fr\/wp-content\/uploads\/2025\/08\/1755927192_402_1200x680\" alt=\"illustration agrandir l'image\" style=\"--_image-preview:url('data:image\/jpeg;base64,\/9j\/2wBDACgcHiMeGSgjISMtKygwPGRBPDc3PHtYXUlkkYCZlo+AjIqgtObDoKrarYqMyP\/L2u71\/\/\/\/m8H\/\/\/\/6\/+b9\/\/j\/2wBDASstLTw1PHZBQXb4pYyl+Pj4+Pj4+Pj4+Pj4+Pj4+Pj4+Pj4+Pj4+Pj4+Pj4+Pj4+Pj4+Pj4+Pj4+Pj4+Pj4+Pj\/wAARCAAXACoDASIAAhEBAxEB\/8QAFwABAQEBAAAAAAAAAAAAAAAAAAECA\/\/EABYQAQEBAAAAAAAAAAAAAAAAAAABEf\/EABcBAQEBAQAAAAAAAAAAAAAAAAEAAgT\/xAAWEQEBAQAAAAAAAAAAAAAAAAAAARH\/2gAMAwEAAhEDEQA\/AOUaYlXWHW1WaJQsSstVFosJVlBNKAElQAH\/2Q==');\" loading=\"eager\" fetchpriority=\"high\" aria-hidden=\"true\" class=\"svelte-1pnmlwx rounded\" onload=\"this.__e=event\" onerror=\"this.__e=event\"\/> Le passager de la voiture, qui a fait un malaise apr\u00e8s l&rsquo;accident, n&rsquo;a pas pu \u00eatre ranim\u00e9 par les secours. \u00a9 Radio France &#8211; Bastien Munch     <\/p>\n<p class=\"g-ici-body-regular-3 info svelte-1c4u67c\">Publi\u00e9 le samedi 23 ao\u00fbt 2025 \u00e0 7:14 <\/p>\n<ul class=\"SocialNetworks svelte-bt5901\">\n<li class=\"svelte-bt5901\"><\/li>\n<li class=\"svelte-bt5901\"><\/li>\n<li class=\"svelte-bt5901\"><\/li>\n<li class=\"svelte-bt5901\"><\/li>\n<li class=\"svelte-bt5901\"><\/li>\n<\/ul>\n<p class=\"standfirst g-ici-body-bold-1 svelte-983d72\">Ce vendredi, un accident de la route entre un poids lourd et une voiture s&rsquo;est produit sur l&rsquo;A10 dans le sens Paris-Bordeaux, au niveau de Saint-Andr\u00e9-de-Cubzac. Un homme de 61 ans a fait un malaise, sans pouvoir \u00eatre ranim\u00e9.<\/p>\n<p>Ce vendredi en fin d&rsquo;apr\u00e8s-midi, les secours ont \u00e9t\u00e9 appel\u00e9s un peu apr\u00e8s 17h, sur l&rsquo;A10 <strong>dans le sens Paris-Bordeaux<\/strong>. Un\u00a0poids lourd est entr\u00e9 en <strong>collision avec une voiture<\/strong> au niveau de Saint-Andr\u00e9-de-Cubzac.<\/p>\n<p>Si les d\u00e9g\u00e2ts n&rsquo;\u00e9taient <strong>d&rsquo;abord que mat\u00e9riels,<\/strong> le passager de la voiture \u00e2g\u00e9 de 61 ans <strong>a ensuite fait un malaise<\/strong>, plusieurs minutes apr\u00e8s l&rsquo;accident. Il est <strong>d\u00e9c\u00e9d\u00e9 sur les lieux<\/strong>, les pompiers n&rsquo;ayant pas pu le ranimer.<\/p>\n<ul class=\"SocialNetworks svelte-bt5901\">\n<li class=\"svelte-bt5901\"><\/li>\n<li class=\"svelte-bt5901\"><\/li>\n<li class=\"svelte-bt5901\"><\/li>\n<li class=\"svelte-bt5901\"><\/li>\n<li class=\"svelte-bt5901\"><\/li>\n<\/ul>\n","protected":false},"excerpt":{"rendered":"Le passager de la voiture, qui a fait un malaise apr\u00e8s l&rsquo;accident, n&rsquo;a pas pu \u00eatre ranim\u00e9 par&hellip;\n","protected":false},"author":2,"featured_media":337816,"comment_status":"","ping_status":"","sticky":false,"template":"","format":"standard","meta":{"footnotes":""},"categories":[2817],"tags":[1111,11,1997,1777,674,1011,27,12,2219,25],"class_list":{"0":"post-337815","1":"post","2":"type-post","3":"status-publish","4":"format-standard","5":"has-post-thumbnail","7":"category-bordeaux","8":"tag-actu","9":"tag-actualites","10":"tag-bordeaux","11":"tag-eu","12":"tag-europe","13":"tag-fr","14":"tag-france","15":"tag-news","16":"tag-nouvelle-aquitaine","17":"tag-republique-francaise"},"share_on_mastodon":{"url":"https:\/\/pubeurope.com\/@fr\/115076452042750660","error":""},"_links":{"self":[{"href":"https:\/\/www.europesays.com\/fr\/wp-json\/wp\/v2\/posts\/337815","targetHints":{"allow":["GET"]}}],"collection":[{"href":"https:\/\/www.europesays.com\/fr\/wp-json\/wp\/v2\/posts"}],"about":[{"href":"https:\/\/www.europesays.com\/fr\/wp-json\/wp\/v2\/types\/post"}],"author":[{"embeddable":true,"href":"https:\/\/www.europesays.com\/fr\/wp-json\/wp\/v2\/users\/2"}],"replies":[{"embeddable":true,"href":"https:\/\/www.europesays.com\/fr\/wp-json\/wp\/v2\/comments?post=337815"}],"version-history":[{"count":0,"href":"https:\/\/www.europesays.com\/fr\/wp-json\/wp\/v2\/posts\/337815\/revisions"}],"wp:featuredmedia":[{"embeddable":true,"href":"https:\/\/www.europesays.com\/fr\/wp-json\/wp\/v2\/media\/337816"}],"wp:attachment":[{"href":"https:\/\/www.europesays.com\/fr\/wp-json\/wp\/v2\/media?parent=337815"}],"wp:term":[{"taxonomy":"category","embeddable":true,"href":"https:\/\/www.europesays.com\/fr\/wp-json\/wp\/v2\/categories?post=337815"},{"taxonomy":"post_tag","embeddable":true,"href":"https:\/\/www.europesays.com\/fr\/wp-json\/wp\/v2\/tags?post=337815"}],"curies":[{"name":"wp","href":"https:\/\/api.w.org\/{rel}","templated":true}]}}