{"id":337817,"date":"2025-08-23T05:34:20","date_gmt":"2025-08-23T05:34:20","guid":{"rendered":"https:\/\/www.europesays.com\/fr\/337817\/"},"modified":"2025-08-23T05:34:20","modified_gmt":"2025-08-23T05:34:20","slug":"a-toulouse-lexpo-immersive-autour-de-claude-monet-suscite-de-vives-critiques","status":"publish","type":"post","link":"https:\/\/www.europesays.com\/fr\/337817\/","title":{"rendered":"\u00e0 Toulouse, l&rsquo;expo immersive autour de Claude Monet suscite de vives critiques"},"content":{"rendered":"<p>            Par<br \/>\n        <strong><br \/>\n            <a href=\"https:\/\/actu.fr\/auteur\/gabriel-kenedi\" title=\"Consulter tous les articles de Gabriel Kenedi\" target=\"_blank\" rel=\"noopener\">Gabriel Kenedi<\/a><br \/>\n        <\/strong><\/p>\n<p>        Publi\u00e9 le<\/p>\n<p>            23 ao\u00fbt 2025 \u00e0 7h20        <\/p>\n<p>\u00ab\u00a0Arnaque\u00a0\u00bb, \u00ab\u00a0d\u00e9ception\u00a0\u00bb, \u00ab\u00a0passez votre chemin\u00a0\u00bb\u2026 Ouverte depuis le 3 juillet, l\u2019exposition<strong> \u00ab\u00a0Monet : The Immersive Experience\u00a0\u00bb<\/strong>, qui se d\u00e9roule dans les <strong>Espaces EDF Bazacle<\/strong> \u00e0 Toulouse, suscite des avis particuli\u00e8rement tranch\u00e9s aupr\u00e8s des Toulousains. Produite par <strong>Exhibition Hub<\/strong>, une structure qui organise des expositions immersives partout dans le monde, cette expo consacr\u00e9e au grand peintre impressionniste<strong> Claude Monet<\/strong> (1840-1926) \u00e9tait forc\u00e9ment tr\u00e8s attendue. D\u2019autant que l\u2019entreprise n\u2019en est pas \u00e0 son premier coup d\u2019essai dans la Ville rose. Elle avait d\u00e9j\u00e0 produit les expos <strong>Van Gogh<\/strong> et<strong> The Art Of The Brick<\/strong>, qui avaient attir\u00e9 plus de 100 000 visiteurs (et m\u00eame 150 000 pour Van Gogh), sans susciter le m\u00eame flot de commentaires n\u00e9gatifs. Et plus r\u00e9cemment, elle avait pr\u00e9sent\u00e9 l\u2019exposition consacr\u00e9e \u00e0<strong> M.C. Escher<\/strong>, toujours au Bazacle.\u00a0 Alors, que reprochent les visiteurs d\u00e9\u00e7us par cette expo ? Et que r\u00e9pond l\u2019organisateur ? \u00c9l\u00e9ments de r\u00e9ponse.\u00a0<\/p>\n<p>\u00ab\u00a0C\u2019est la monnaie exp\u00e9rience !\u00a0\u00bb<br \/>\n    <img   decoding=\"async\" loading=\"lazy\" src=\"https:\/\/www.europesays.com\/fr\/wp-content\/uploads\/2025\/07\/expo-monet-toulouse-edf-bazacle2-960x640.jpg\" alt=\"Une pi\u00e8ce avec des reproductions de tableaux (sans l\u00e9gendes) de Claude Monet est \u00e0 d\u00e9couvrir au d\u00e9but de l'exposition. \" width=\"960\" height=\"640\"\/><br \/>\n    Une pi\u00e8ce avec des reproductions de tableaux (sans l\u00e9gendes) de Claude Monet est \u00e0 d\u00e9couvrir au d\u00e9but de l\u2019exposition. (\u00a9Gabriel Kenedi \/ actu Toulouse)<\/p>\n<p class=\" wall-content\">Alors que plusieurs lecteurs ont alert\u00e9 Actu Toulouse pour leur faire part de leur d\u00e9ception apr\u00e8s avoir fait un tour \u00e0 <strong>l\u2019expo Monet<\/strong>, les <strong>avis n\u00e9gatifs<\/strong> sont \u00e9galement l\u00e9gion sur Internet.\u00a0<\/p>\n<p class=\" wall-content\">\u00ab\u00a0Si vous voulez g\u00e2cher l\u2019\u0153uvre de l\u2019artiste et votre argent, n\u2019h\u00e9sitez pas \u00e0 aller voir cette exposition. Projection b\u00e2cl\u00e9e, <strong>salle inadapt\u00e9e<\/strong>, images de synth\u00e8se bas de gamme, tout y est, pour la modique somme de 20\u20ac ! Et en bonus, on vous propose la VR pour 3\u20ac de plus!<br \/>Pour r\u00e9sumer, c\u2019est la <strong>monnaie exp\u00e9rience<\/strong>\u00ab\u00a0, s\u2019indigne par exemple \u00c9milie.\u00a0<\/p>\n<p class=\" wall-content\">\u00ab\u00a0Je n\u2019ai pas l\u2019habitude de mettre des avis n\u00e9gatifs, mais je dois dire que <strong>j\u2019ai \u00e9t\u00e9 tr\u00e8s d\u00e9\u00e7u<\/strong>. Je m\u2019attendais \u00e0 quelque chose du m\u00eame niveau que l\u2019expo Van Gogh et \u00e0 part des images qui d\u00e9filent\u2026 Bof bof. J\u2019aurais d\u00fb regarder les avis avant de payer pratiquement 20 euros\u00a0\u00bb, s\u2019exclame quant \u00e0 lui V.V.\u00a0<\/p>\n<p>\u00ab\u00a0Une arnaque, une mascarade !\u00a0\u00bb<\/p>\n<p class=\" wall-content\">\u00ab\u00a0Une arnaque, une mascarade,<strong> un attrape-couillon<\/strong>, les mots me manquent !\u00a0\u00bb, abonde Sophie. Qui pr\u00e9cise : \u00ab\u00a0On commence par une petite salle remplie de reproductions (on ne s\u2019attend pas \u00e0 voir les originaux bien s\u00fbr) mais ce foutraque de tableaux, sans date, sans explication, sans trame logique ne sert \u00e0 rien. On rentre ensuite dans <strong>la salle \u00ab immersive \u00bb<\/strong> : 4 transats et un film de mauvaise qualit\u00e9 o\u00f9 d\u00e9filent les \u00ab \u0153uvres \u00bb de Monet \u2026. Qui esp\u00e9rons-le, doit bien rire de cette farce ridicule. Quelques poteaux pour boucher la vue et le tour est jou\u00e9. Voil\u00e0. L\u2019expo est termin\u00e9e. Ah si, vous pouvez vous prendre en photo derri\u00e8re un mur en carton recouvert de fleurs en plastique pour immortaliser cette arnaque<br \/>Vous savez tout. Passez votre chemin\u00a0\u00bb, conseille-t-elle.\u00a0<\/p>\n<p>Votre r\u00e9gion, votre actu !<\/p>\n<p>Recevez chaque jour les infos qui comptent pour vous.<\/p>\n<p>\t<a href=\"https:\/\/actu.fr\/newsletter\" class=\"ac-btn ac-btn--corner ac-btn--medium ac-btn--blue800\" target=\"_blank\" rel=\"noopener\">S&rsquo;incrire<\/a><br \/>\nLa clim\u2019 point\u00e9e du doigt\u00a0<br \/>\n    <img   decoding=\"async\" loading=\"lazy\" src=\"https:\/\/www.europesays.com\/fr\/wp-content\/uploads\/2025\/07\/expo-monet-toulouse-edf-bazacle6-960x640.jpg\" alt=\"Une salle \u00e0 360\u00b0C projette en continu de nombreuses images. \" width=\"960\" height=\"640\"\/><br \/>\n    Une salle \u00e0 360\u00b0C projette en continu de nombreuses images. (\u00a9G.K\/ Actu Toulouse)<\/p>\n<p class=\" wall-content\">Au-del\u00e0 de l\u2019exp\u00e9rience, les probl\u00e8mes r\u00e9currents <strong>li\u00e9s \u00e0 la climatisation<\/strong> sont \u00e9galement point\u00e9s du doigt. D\u2019autant qu\u2019une importante panne est survenue pendant l\u2019\u00e9pisode caniculaire\u2026\u00a0\u00a0<\/p>\n<p class=\" wall-content\">\u00ab\u00a0Impression d\u2019avoir vu un docu au r\u00e9troprojecteur <strong>dans une chaleur \u00e9norme<\/strong>, 2 petits ventilateurs pour toute la salle. Je suis partie avant la fin\u00a0\u00bb, pointe Maria. \u00ab\u00a0Visite ce jour, NUL NUL et NUL, de plus climatisation en panne donc impossible de profiter pleinement de l\u2019exp\u00e9rience. Tellement d\u00e9cevant pour une petite famille . Perte de temps et d\u2019argent\u00a0\u00bb, souligne un autre internaute.\u00a0<\/p>\n<p class=\" wall-content\">On pourrait continuer encore longtemps tant les avis sont particuli\u00e8rement n\u00e9gatifs. Sur Google, alors que <strong>132 personnes<\/strong> ont pris soin de laisser des commentaires, la note moyenne est particuli\u00e8rement basse : 1,4 \/5.\u00a0<\/p>\n<p>\u00ab\u00a0Nous avons imm\u00e9diatement r\u00e9agi\u00a0\u00bb, se d\u00e9fend l\u2019organisateur\u00a0<\/p>\n<p class=\" wall-content\">Sollicit\u00e9s par Actu Toulouse, les organisateurs confirment avoir rencontr\u00e9 des probl\u00e8mes avec la climatisation des Espaces EDF Bazacle.\u00a0<\/p>\n<p class=\" wall-content\">\u00ab\u00a0Il y a eu un souci avec la climatisation au Bazacle qui s\u2019est mise en \u2018protection\u2019 \u00e0 cause de la chaleur excessive enregistr\u00e9e dans les derniers jours. Nous avons imm\u00e9diatement r\u00e9agi et une climatisation auxiliaire a \u00e9t\u00e9 command\u00e9e et sera en \u00e9tat de marche en ces jours\u00a0\u00bb, explique <strong>Fabio di Goia<\/strong>, le commissaire de l\u2019exposition.\u00a0<\/p>\n<p class=\" wall-content\">Il ajoute :\u00a0<\/p>\n<p class=\" wall-content\">\u00ab\u00a0L\u2019exposition immersive et de r\u00e9alit\u00e9 virtuelle sur Monet est r\u00e9alis\u00e9e sur le m\u00eame mod\u00e8le\u00a0 qualitatif et de structure de Van Gogh de 2022 qui avait connu un grand succ\u00e8s comme on le sait.\u00a0 Il est \u00e9vident que dans <strong>une situation de visite inconfortable<\/strong> il est difficile d\u2019appr\u00e9cier la qualit\u00e9 des contenus, leur finesse, la VR etc. Le prix du billet aussi devient une cible.\u00a0En 2022 dans la m\u00eame p\u00e9riode nous avions d\u00e9j\u00e0 exp\u00e9riment\u00e9 une grande chaleur (avec quelques degr\u00e9s en moins de cette ann\u00e9e) et la climatisation avait aussi lev\u00e9 les bras \u00e0 cette occasion. Le probl\u00e8me semblait r\u00e9solu mais c\u2019est une vieille installation\u00a0\u00bb.\u00a0<\/p>\n<blockquote class=\"ac-article-quote wall-content\">\n<p>\u00ab\u00a0Dans la p\u00e9riode de ce fameux pic de chaleur en 2022 Exhibition Hub avait re\u00e7u les m\u00eames critiques, aussi bien au sujet du prix d&rsquo;entr\u00e9e\u00a0\u00bb.\u00a0<\/p>\n<p>    <strong>Fabio di Gioia<\/strong><br \/>\n        Commissaire de l&rsquo;exposition \u00ab\u00a0Monet\u00a0\u00bb    <\/p><\/blockquote>\n<p>\u00ab\u00a0Monet reste une tr\u00e8s belle exposition\u00a0\u00bb<\/p>\n<p class=\" wall-content\">Au sujet des critiques formul\u00e9es par de nombreux visiteurs sur le contenu de l\u2019exposition immersive, les organisateurs bottent en touche.\u00a0<\/p>\n<p class=\" wall-content\">\u00ab\u00a0Monet reste <strong>une tr\u00e8s belle exposition<\/strong> qui m\u00e9rite attention et d\u2019ailleurs les autorit\u00e9s ainsi que la presse qui nous ont rejointes lors de la pr\u00e9sentation, touch\u00e9s par la beaut\u00e9 des d\u00e9cors et par la qualit\u00e9 des r\u00e9alisations num\u00e9riques, se sont exprim\u00e9s avec de mani\u00e8re tr\u00e8s positive.\u00a0Nous tenons toujours \u00e0 pr\u00e9senter de tr\u00e8s belles expositions \u00e0 Toulouse. J\u2019aime rappeler non seulement Van Gogh mais aussi The Art of the Brick (l\u2019Expo LEGO de Sawaya), sans oublier Escher en premi\u00e8re nationale, qui a vite gagn\u00e9 l\u2019enthousiasme du public Toulousain\u00a0\u00bb.\u00a0<\/p>\n<p class=\" wall-content\">Et au commissaire de l\u2019exposition d\u2019ajouter, \u00e0 destination des visiteurs qui sont venus pendant la panne de climatisation : \u00ab\u00a0Concernant la situation exceptionnelle,<strong> notre \u00e9quipe s\u2019engage \u00e0 r\u00e9pondre \u00e0 ceux qui nous \u00e9crivent<\/strong>, offrant des solutions avantageuses aux personnes qui accidentellement n\u2019ont pas eu droit \u00e0 l\u2019exp\u00e9rience dans les meilleures conditions\u00a0\u00bb. Dont acte !\u00a0<\/p>\n<p class=\" wall-content\">Personnalisez votre actualit\u00e9 en ajoutant vos villes et m\u00e9dias en favori avec <a href=\"https:\/\/moncompte.actu.fr\" title=\"D\u00e9couvez Mon Actu\" rel=\"nofollow noopener\" data-trk=\"{&quot;cta&quot;:{&quot;action&quot;:&quot;https:\\\/\\\/moncompte.actu.fr&quot;,&quot;category&quot;:&quot;mon compte&quot;,&quot;from&quot;:&quot;article footer&quot;,&quot;name&quot;:&quot;Mon actu&quot;,&quot;type&quot;:&quot;cta&quot;}}\" target=\"_blank\">Mon Actu<\/a>.<\/p>\n","protected":false},"excerpt":{"rendered":"Par Gabriel Kenedi Publi\u00e9 le 23 ao\u00fbt 2025 \u00e0 7h20 \u00ab\u00a0Arnaque\u00a0\u00bb, \u00ab\u00a0d\u00e9ception\u00a0\u00bb, \u00ab\u00a0passez votre chemin\u00a0\u00bb\u2026 Ouverte depuis le&hellip;\n","protected":false},"author":2,"featured_media":337818,"comment_status":"","ping_status":"","sticky":false,"template":"","format":"standard","meta":{"footnotes":""},"categories":[2816],"tags":[1111,11,1777,674,1011,27,1652,12,2680,25,1341,2312],"class_list":{"0":"post-337817","1":"post","2":"type-post","3":"status-publish","4":"format-standard","5":"has-post-thumbnail","7":"category-toulouse","8":"tag-actu","9":"tag-actualites","10":"tag-eu","11":"tag-europe","12":"tag-fr","13":"tag-france","14":"tag-loisirs-culture","15":"tag-news","16":"tag-occitanie","17":"tag-republique-francaise","18":"tag-sortir-a-toulouse","19":"tag-toulouse"},"share_on_mastodon":{"url":"https:\/\/pubeurope.com\/@fr\/115076457346174378","error":""},"_links":{"self":[{"href":"https:\/\/www.europesays.com\/fr\/wp-json\/wp\/v2\/posts\/337817","targetHints":{"allow":["GET"]}}],"collection":[{"href":"https:\/\/www.europesays.com\/fr\/wp-json\/wp\/v2\/posts"}],"about":[{"href":"https:\/\/www.europesays.com\/fr\/wp-json\/wp\/v2\/types\/post"}],"author":[{"embeddable":true,"href":"https:\/\/www.europesays.com\/fr\/wp-json\/wp\/v2\/users\/2"}],"replies":[{"embeddable":true,"href":"https:\/\/www.europesays.com\/fr\/wp-json\/wp\/v2\/comments?post=337817"}],"version-history":[{"count":0,"href":"https:\/\/www.europesays.com\/fr\/wp-json\/wp\/v2\/posts\/337817\/revisions"}],"wp:featuredmedia":[{"embeddable":true,"href":"https:\/\/www.europesays.com\/fr\/wp-json\/wp\/v2\/media\/337818"}],"wp:attachment":[{"href":"https:\/\/www.europesays.com\/fr\/wp-json\/wp\/v2\/media?parent=337817"}],"wp:term":[{"taxonomy":"category","embeddable":true,"href":"https:\/\/www.europesays.com\/fr\/wp-json\/wp\/v2\/categories?post=337817"},{"taxonomy":"post_tag","embeddable":true,"href":"https:\/\/www.europesays.com\/fr\/wp-json\/wp\/v2\/tags?post=337817"}],"curies":[{"name":"wp","href":"https:\/\/api.w.org\/{rel}","templated":true}]}}