{"id":337821,"date":"2025-08-23T05:37:28","date_gmt":"2025-08-23T05:37:28","guid":{"rendered":"https:\/\/www.europesays.com\/fr\/337821\/"},"modified":"2025-08-23T05:37:28","modified_gmt":"2025-08-23T05:37:28","slug":"braderie-de-lille-2025-circulation-et-mise-en-fourriere-a-lille-a-partir-du-vendredi-05-septembre-2025","status":"publish","type":"post","link":"https:\/\/www.europesays.com\/fr\/337821\/","title":{"rendered":"Braderie de Lille 2025 : circulation et mise en fourri\u00e8re \u00e0 Lille \u00e0 partir du vendredi 05 septembre 2025"},"content":{"rendered":"<p style=\"text-align: justify;\">La <strong>Braderie de Lille<\/strong> aura lieu <strong>samedi 06 &amp; dimanche 07 septembre 2025.<\/strong> A cette occasion, la <strong>circulation dans certaines rues de Lille sera perturb\u00e9e<\/strong> pour permettre <strong>l\u2019installation des brocanteurs<\/strong> d\u00e8s le <strong>vendredi 05 septembre 2025 \u00e0 partir de 14h. A partir du vendredi 05 septembre 2025 \u00e0 19h, <\/strong>des <strong>dizaines de v\u00e9hicules de fourri\u00e8re<\/strong> <strong>enl\u00e8veront les v\u00e9hicules pr\u00e9sents<\/strong> dans le <strong>p\u00e9rim\u00e8tre Braderie.<\/strong><\/p>\n<p style=\"text-align: justify;\">Fermeture du p\u00e9rim\u00e8tre Braderie<br \/><strong>Vendredi 05 septembre 2025 \u00e0 partir de 19h, fermeture compl\u00e8te du p\u00e9rim\u00e8tre Braderie.<\/strong><br \/>Le <strong>stationnement en surface sera interdit dans l\u2019ensemble du p\u00e9rim\u00e8tre,<\/strong> <strong>rues non brad\u00e9es comprises,<\/strong> du <strong>vendredi 05 septembre 2025 \u00e0 19h au lundi 16 septembre 2025 \u00e0 5h.<\/strong><\/p>\n<p style=\"text-align: justify;\"><strong>Les parkings publics seront ferm\u00e9s du vendredi 05 septembre 2025 \u00e0 19h au lundi 08 septembre 2025 \u00e0 6h :<\/strong><br \/>\u2013 Parking Lille Op\u00e9ra (boulevard Carnot),<br \/>\u2013 Parking du Nouveau Si\u00e8cle (place Pierre Mend\u00e8s-France),<br \/>\u2013 Parking Grand Place (place du G\u00e9n\u00e9ral de Gaulle),<br \/>\u2013 Parking Le Plaza (89, rue Nationale et boulevard de la Libert\u00e9),<br \/>\u2013 Parking Les Tanneurs (70, rue du Molinel et rue Pierre Mauroy),<br \/>\u2013 Parking rue d\u2019Amiens <br \/>\u2013 Le 31 (31, rue de B\u00e9thune) <br \/>\u2013 Parking Vieux-Lille (avenue du Peuple belge)<br \/>\u2013 Palais lillois de l\u2019Automobile (9, rue Anatole France)<br \/>\u2013 Parking Rihour \u2013 Le Printemps (49, rue Nationale)<br \/>\u2013 Parking R\u00e9publique (rue Gauthier de Ch\u00e2tillon)<br \/>\u2013 Parking Carrefour Market (inacessible depuis la rue L\u00e9on Gambetta).<\/p>\n<p style=\"text-align: justify;\">Les <strong>parkings des h\u00f4tels<\/strong> se situant dans le <strong>p\u00e9rim\u00e8tre de la Braderie<\/strong> seront<strong> ferm\u00e9s entre le vendredi 05\u00a0 septembre 2025 \u00e0 19h<\/strong> et le <strong>lundi 08 septembre 2025 \u00e0 6h.<\/strong> Les <strong>clients<\/strong> d\u00e9sirant <strong>s\u00e9journer dans ces h\u00f4tels<\/strong> devront <strong>se renseigner aupr\u00e8s d\u2019eux.<\/strong><\/p>\n<p style=\"text-align: justify;\">Des <strong>points d\u2019acc\u00e8s en b\u00e9ton<\/strong> borderont la Braderie <strong>\u00e0 partir du vendredi 05 septembre 2025 \u00e0 19h.<\/strong> Il faudra un <strong>laissez-passer pour entrer dans le p\u00e9rim\u00e8tre avec un v\u00e9hicule,<\/strong> pour les <strong>exposants professionnels<\/strong> ou les <strong>riverains avec parking priv\u00e9. M\u00eame avec un laissez-passer, aucun v\u00e9hicule ne pourra circuler<\/strong> entre le<strong> samedi 06 septembre 2025 \u00e0 8h <\/strong>et le<strong> dimanche 07 septembre 2025 \u00e0 18h.<\/strong><\/p>\n<p style=\"text-align: justify;\">Fourri\u00e8re<br \/><strong>A partir de vendredi 05 septembre 2025 \u00e0 19h,<\/strong> des <strong>dizaines de v\u00e9hicules de fourri\u00e8re<\/strong> <strong>enl\u00e8veront les v\u00e9hicules pr\u00e9sents dans le p\u00e9rim\u00e8tre Braderie.<\/strong><\/p>\n<p><strong>Fourri\u00e8re de Lille<\/strong><br \/>30, rue Combemale (m\u00e9tro CHU Centre O. Lambret) \u2013 Derri\u00e8re le CHU<br \/><strong>T\u00e9l\u00e9phone :<\/strong> 03 20 18 12 90<\/p>\n<p><strong>Tarifs fourri\u00e8re :<\/strong><br \/><strong>\u2013 127,65 euros<\/strong> (en plus de la contravention) auxquels il faudra ajouter les frais journaliers de garde. <\/p>\n<p><strong>Mon v\u00e9hicule est-il en fourri\u00e8re ? Comment r\u00e9cup\u00e9rer mon v\u00e9hicule ?<\/strong> &gt;&gt;&gt; <a href=\"https:\/\/www.lille.fr\/Vivre-a-Lille\/Me-deplacer\/En-voiture\/Signaler-un-stationnement-genant\" target=\"_blank\" rel=\"noreferrer noopener\">Site de la Ville de Lille<\/a><\/p>\n<p><img loading=\"lazy\" decoding=\"async\" class=\"tie-appear\" src=\"https:\/\/www.europesays.com\/fr\/wp-content\/uploads\/2025\/04\/arrow.png\" alt=\"\" width=\"9\" height=\"9\"\/> <a href=\"https:\/\/www.zoomsurlille.fr\/tag\/braderie-de-lille-2025\" target=\"_blank\" rel=\"noopener\">Retrouvez tous nos articles sur la Braderie de Lille 2025<\/a><\/p>\n<p class=\"has-text-align-right\">Sources : Ville de Lille \/ Photo : \u00a9 Zoom Sur Lille<\/p>\n","protected":false},"excerpt":{"rendered":"La Braderie de Lille aura lieu samedi 06 &amp; dimanche 07 septembre 2025. A cette occasion, la circulation&hellip;\n","protected":false},"author":2,"featured_media":337822,"comment_status":"","ping_status":"","sticky":false,"template":"","format":"standard","meta":{"footnotes":""},"categories":[2815],"tags":[1111,11,18703,40565,1777,674,19233,1011,27,811,1307,12,16025,25],"class_list":{"0":"post-337821","1":"post","2":"type-post","3":"status-publish","4":"format-standard","5":"has-post-thumbnail","7":"category-lille","8":"tag-actu","9":"tag-actualites","10":"tag-braderie-de-lille","11":"tag-braderie-de-lille-2025","12":"tag-eu","13":"tag-europe","14":"tag-fourriere","15":"tag-fr","16":"tag-france","17":"tag-hauts-de-france","18":"tag-lille","19":"tag-news","20":"tag-parking","21":"tag-republique-francaise"},"share_on_mastodon":{"url":"https:\/\/pubeurope.com\/@fr\/115076468171905307","error":""},"_links":{"self":[{"href":"https:\/\/www.europesays.com\/fr\/wp-json\/wp\/v2\/posts\/337821","targetHints":{"allow":["GET"]}}],"collection":[{"href":"https:\/\/www.europesays.com\/fr\/wp-json\/wp\/v2\/posts"}],"about":[{"href":"https:\/\/www.europesays.com\/fr\/wp-json\/wp\/v2\/types\/post"}],"author":[{"embeddable":true,"href":"https:\/\/www.europesays.com\/fr\/wp-json\/wp\/v2\/users\/2"}],"replies":[{"embeddable":true,"href":"https:\/\/www.europesays.com\/fr\/wp-json\/wp\/v2\/comments?post=337821"}],"version-history":[{"count":0,"href":"https:\/\/www.europesays.com\/fr\/wp-json\/wp\/v2\/posts\/337821\/revisions"}],"wp:featuredmedia":[{"embeddable":true,"href":"https:\/\/www.europesays.com\/fr\/wp-json\/wp\/v2\/media\/337822"}],"wp:attachment":[{"href":"https:\/\/www.europesays.com\/fr\/wp-json\/wp\/v2\/media?parent=337821"}],"wp:term":[{"taxonomy":"category","embeddable":true,"href":"https:\/\/www.europesays.com\/fr\/wp-json\/wp\/v2\/categories?post=337821"},{"taxonomy":"post_tag","embeddable":true,"href":"https:\/\/www.europesays.com\/fr\/wp-json\/wp\/v2\/tags?post=337821"}],"curies":[{"name":"wp","href":"https:\/\/api.w.org\/{rel}","templated":true}]}}