{"id":337823,"date":"2025-08-23T05:40:57","date_gmt":"2025-08-23T05:40:57","guid":{"rendered":"https:\/\/www.europesays.com\/fr\/337823\/"},"modified":"2025-08-23T05:40:57","modified_gmt":"2025-08-23T05:40:57","slug":"ce-quil-sest-passe-sur-ce-boulevard-de-lille","status":"publish","type":"post","link":"https:\/\/www.europesays.com\/fr\/337823\/","title":{"rendered":"ce qu&rsquo;il s&rsquo;est pass\u00e9 sur ce boulevard de Lille"},"content":{"rendered":"<p class=\"article__intro\">Une fuite de gaz a paralys\u00e9 une partie du boulevard de la Libert\u00e9 \u00e0 Lille, le 22 ao\u00fbt 2025. Rapidement ma\u00eetris\u00e9 par GRDF, l\u2019incident a n\u00e9cessit\u00e9 l\u2019\u00e9vacuation d\u2019un garage et l\u2019interruption temporaire de la circulation.<\/p>\n<p>\n      L\u2019actu des r\u00e9gions\n    <\/p>\n<p>\n      Chaque jour, un tour d\u2019horizon des principales infos de toutes les r\u00e9gions.\n    <\/p>\n<p>    France T\u00e9l\u00e9visions utilise votre adresse e-mail afin de vous envoyer la newsletter \u00ab\u00a0L\u2019actu des r\u00e9gions\u00a0\u00bb. Vous pouvez vous d\u00e9sinscrire \u00e0 tout moment via le lien en bas de cette newsletter. <a target=\"_blank\" href=\"https:\/\/www.francetelevisions.fr\/groupe\/confidentialite\/politique-de-confidentialite\/politique-de-confidentialite-de-france-televisions-6503\" rel=\"nofollow noopener\">Notre politique de confidentialit\u00e9<\/a><\/p>\n<p>Les secours ont \u00e9t\u00e9 alert\u00e9s en d\u00e9but d&rsquo;apr\u00e8s-midi, le 22 ao\u00fbt 2025.<\/p>\n<p>\u00c0 hauteur du n\u00b033 du boulevard de la Libert\u00e9 de Lille, face au garage automobile Speedy, une fuite de gaz a n\u00e9cessit\u00e9 l&rsquo;intervention d&rsquo;un technicien GRDF, de la police et des sapeurs pompiers du Nord.<\/p>\n<p><a data-article-figure=\"\" href=\"https:\/\/france3-regions.franceinfo.fr\/image\/ApwQ0XA4zKUqiB08CSrlQ0-HeL8\/2048x1536\/regions\/2025\/08\/22\/whatsapp-image-2025-08-22-at-14-30-09-68a86dcbea8db517729811.jpg\" data-pswp-width=\"2048\" data-pswp-height=\"1536\" target=\"_blank\" rel=\"nofollow noopener\"><\/p>\n<p>          <img width=\"600\" height=\"400\" class=\"article-image lazy\" data-src=\"https:\/\/www.europesays.com\/fr\/wp-content\/uploads\/2025\/08\/whatsapp-image-2025-08-22-at-14-30-09-68a86dcbea8db517729811.jpg\" alt=\"Le Speedy situ\u00e9 boulevard de la Libert\u00e9 \u00e0 Lille.\" fetchpriority=\"high\" as=\"image\"\/><\/p>\n<p>\n            Le Speedy situ\u00e9 boulevard de la Libert\u00e9 \u00e0 Lille.<br \/>\n                           \u2022<br \/>\n                                      \u00a9 Edouard Nonmoira \/ France T\u00e9l\u00e9visions\n                      <\/p>\n<p><\/a><\/p>\n<p>Le temps de l&rsquo;intervention, le garage a d\u00fb \u00eatre \u00e9vacu\u00e9 et la circulation interrompue sur le boulevard.<\/p>\n<p>Contact\u00e9, GRDF explique qu&rsquo;une premi\u00e8re fuite de gaz a \u00e9t\u00e9 rep\u00e9r\u00e9e et colmat\u00e9e la veille par leur v\u00e9hicule de surveillance. \u00ab\u00a0Mais \u00e7a s&rsquo;est red\u00e9clench\u00e9 ce matin\u00a0\u00bb. La fuite, l\u00e9g\u00e8re, a \u00e9t\u00e9 localis\u00e9e \u00ab\u00a0sur un branchement l\u00e9g\u00e8rement fuyard\u00a0\u00bb.<\/p>\n<p><a data-article-figure=\"\" href=\"https:\/\/france3-regions.franceinfo.fr\/image\/qx3zl171uGIAsuSda2VzK9cFGUg\/2048x1536\/regions\/2025\/08\/22\/whatsapp-image-2025-08-22-at-15-31-25-68a87158ad376330414822.jpg\" data-pswp-width=\"2048\" data-pswp-height=\"1536\" target=\"_blank\" rel=\"nofollow noopener\"><\/p>\n<p>          <img width=\"600\" height=\"400\" class=\"article-image lazy\" data-src=\"https:\/\/www.europesays.com\/fr\/wp-content\/uploads\/2025\/08\/whatsapp-image-2025-08-22-at-15-31-25-68a87158ad376330414822.jpg\" alt=\"Les pompiers interviennent sur une fuite de gaz sur le boulevard de la Libert\u00e9, le 22 ao\u00fbt 2025.\" fetchpriority=\"high\" as=\"image\"\/><\/p>\n<p>\n            Les pompiers interviennent sur une fuite de gaz sur le boulevard de la Libert\u00e9, le 22 ao\u00fbt 2025.<br \/>\n                           \u2022<br \/>\n                                      \u00a9 Edouard Nonmoira \/ France T\u00e9l\u00e9visions\n                      <\/p>\n<p><\/a><\/p>\n<p>En r\u00e8gle g\u00e9n\u00e9rale, les canalisations de gaz \u00ab\u00a0peuvent bouger avec les chocs thermiques et les vibrations\u00a0\u00bb, poursuit GRDF. C&rsquo;est ce qu&rsquo;il s&rsquo;est pass\u00e9 ce 22 ao\u00fbt 2025 sur une jointure du boulevard de la Libert\u00e9.<\/p>\n<p>Le dispositif de protection a \u00e9t\u00e9 d\u00e9clench\u00e9 et \u00ab\u00a0a bien fonctionn\u00e9\u00a0\u00bb, permettant de s\u00e9curiser la zone au plus vite.<\/p>\n<p>\u00c0 15 heures, la fuite \u00e9tait ma\u00eetris\u00e9e. La circulation revient progressivement \u00e0 la normale, et les ouvriers de Speedy ont pu r\u00e9int\u00e9grer leur b\u00e2timent.<\/p>\n","protected":false},"excerpt":{"rendered":"Une fuite de gaz a paralys\u00e9 une partie du boulevard de la Libert\u00e9 \u00e0 Lille, le 22 ao\u00fbt&hellip;\n","protected":false},"author":2,"featured_media":337824,"comment_status":"","ping_status":"","sticky":false,"template":"","format":"standard","meta":{"footnotes":""},"categories":[2815],"tags":[1111,11,1777,674,1011,27,811,1307,12,25],"class_list":{"0":"post-337823","1":"post","2":"type-post","3":"status-publish","4":"format-standard","5":"has-post-thumbnail","7":"category-lille","8":"tag-actu","9":"tag-actualites","10":"tag-eu","11":"tag-europe","12":"tag-fr","13":"tag-france","14":"tag-hauts-de-france","15":"tag-lille","16":"tag-news","17":"tag-republique-francaise"},"share_on_mastodon":{"url":"https:\/\/pubeurope.com\/@fr\/115076483234269594","error":""},"_links":{"self":[{"href":"https:\/\/www.europesays.com\/fr\/wp-json\/wp\/v2\/posts\/337823","targetHints":{"allow":["GET"]}}],"collection":[{"href":"https:\/\/www.europesays.com\/fr\/wp-json\/wp\/v2\/posts"}],"about":[{"href":"https:\/\/www.europesays.com\/fr\/wp-json\/wp\/v2\/types\/post"}],"author":[{"embeddable":true,"href":"https:\/\/www.europesays.com\/fr\/wp-json\/wp\/v2\/users\/2"}],"replies":[{"embeddable":true,"href":"https:\/\/www.europesays.com\/fr\/wp-json\/wp\/v2\/comments?post=337823"}],"version-history":[{"count":0,"href":"https:\/\/www.europesays.com\/fr\/wp-json\/wp\/v2\/posts\/337823\/revisions"}],"wp:featuredmedia":[{"embeddable":true,"href":"https:\/\/www.europesays.com\/fr\/wp-json\/wp\/v2\/media\/337824"}],"wp:attachment":[{"href":"https:\/\/www.europesays.com\/fr\/wp-json\/wp\/v2\/media?parent=337823"}],"wp:term":[{"taxonomy":"category","embeddable":true,"href":"https:\/\/www.europesays.com\/fr\/wp-json\/wp\/v2\/categories?post=337823"},{"taxonomy":"post_tag","embeddable":true,"href":"https:\/\/www.europesays.com\/fr\/wp-json\/wp\/v2\/tags?post=337823"}],"curies":[{"name":"wp","href":"https:\/\/api.w.org\/{rel}","templated":true}]}}