{"id":337825,"date":"2025-08-23T05:42:11","date_gmt":"2025-08-23T05:42:11","guid":{"rendered":"https:\/\/www.europesays.com\/fr\/337825\/"},"modified":"2025-08-23T05:42:11","modified_gmt":"2025-08-23T05:42:11","slug":"clap-de-fin-pour-la-cite-de-lagriculture-a-marseille-qui-ferme-a-cause-du-manque-de-subventions","status":"publish","type":"post","link":"https:\/\/www.europesays.com\/fr\/337825\/","title":{"rendered":"Clap de fin pour la Cit\u00e9 de l\u2019agriculture \u00e0 Marseille, qui ferme \u00e0 cause du manque de subventions"},"content":{"rendered":"<p><strong>\u00ab\u00a0Incoh\u00e9rent\u00a0\u00bb, \u00ab\u00a0un immense g\u00e2chis\u00a0\u00bb, \u00ab\u00a0une erreur qui va se payer dans les prochaines ann\u00e9es\u00a0\u00bb<\/strong>\u00a0: face \u00e0 la fermeture de leur association, les mots de la douzaine de salari\u00e9s de la Cit\u00e9 de l\u2019agriculture \u00e0 Marseille sont amers. Ils voient dans leur licenciement \u00e9conomique <strong>\u00ab\u00a0l\u2019abandon de tous les mara\u00eechers, jeunes ou en reconversion professionnelle, qui demandent \u00e0 \u00eatre accompagn\u00e9s dans l\u2019installation de leur ferme \u00e0 Marseille\u00a0\u00bb.<\/strong><\/p>\n","protected":false},"excerpt":{"rendered":"\u00ab\u00a0Incoh\u00e9rent\u00a0\u00bb, \u00ab\u00a0un immense g\u00e2chis\u00a0\u00bb, \u00ab\u00a0une erreur qui va se payer dans les prochaines ann\u00e9es\u00a0\u00bb\u00a0: face \u00e0 la fermeture&hellip;\n","protected":false},"author":2,"featured_media":337826,"comment_status":"","ping_status":"","sticky":false,"template":"","format":"standard","meta":{"footnotes":""},"categories":[2814],"tags":[17,1111,11,15017,615,1777,674,1011,27,47403,884,12,3946,5241,6342,882,16,25,3107],"class_list":{"0":"post-337825","1":"post","2":"type-post","3":"status-publish","4":"format-standard","5":"has-post-thumbnail","7":"category-marseille","8":"tag-17","9":"tag-actu","10":"tag-actualites","11":"tag-clap","12":"tag-coupe","13":"tag-eu","14":"tag-europe","15":"tag-fr","16":"tag-france","17":"tag-lherbe","18":"tag-marseille","19":"tag-news","20":"tag-nous","21":"tag-on","22":"tag-pied","23":"tag-provence-alpes-cote-dazur","24":"tag-region","25":"tag-republique-francaise","26":"tag-sous"},"share_on_mastodon":{"url":"https:\/\/pubeurope.com\/@fr\/115076487195053812","error":""},"_links":{"self":[{"href":"https:\/\/www.europesays.com\/fr\/wp-json\/wp\/v2\/posts\/337825","targetHints":{"allow":["GET"]}}],"collection":[{"href":"https:\/\/www.europesays.com\/fr\/wp-json\/wp\/v2\/posts"}],"about":[{"href":"https:\/\/www.europesays.com\/fr\/wp-json\/wp\/v2\/types\/post"}],"author":[{"embeddable":true,"href":"https:\/\/www.europesays.com\/fr\/wp-json\/wp\/v2\/users\/2"}],"replies":[{"embeddable":true,"href":"https:\/\/www.europesays.com\/fr\/wp-json\/wp\/v2\/comments?post=337825"}],"version-history":[{"count":0,"href":"https:\/\/www.europesays.com\/fr\/wp-json\/wp\/v2\/posts\/337825\/revisions"}],"wp:featuredmedia":[{"embeddable":true,"href":"https:\/\/www.europesays.com\/fr\/wp-json\/wp\/v2\/media\/337826"}],"wp:attachment":[{"href":"https:\/\/www.europesays.com\/fr\/wp-json\/wp\/v2\/media?parent=337825"}],"wp:term":[{"taxonomy":"category","embeddable":true,"href":"https:\/\/www.europesays.com\/fr\/wp-json\/wp\/v2\/categories?post=337825"},{"taxonomy":"post_tag","embeddable":true,"href":"https:\/\/www.europesays.com\/fr\/wp-json\/wp\/v2\/tags?post=337825"}],"curies":[{"name":"wp","href":"https:\/\/api.w.org\/{rel}","templated":true}]}}