{"id":337827,"date":"2025-08-23T05:43:16","date_gmt":"2025-08-23T05:43:16","guid":{"rendered":"https:\/\/www.europesays.com\/fr\/337827\/"},"modified":"2025-08-23T05:43:16","modified_gmt":"2025-08-23T05:43:16","slug":"marseille-des-milliers-de-couscous-gratuits-pour-lancer-la-8eme-edition-du-kouss-kouss-festival","status":"publish","type":"post","link":"https:\/\/www.europesays.com\/fr\/337827\/","title":{"rendered":"Marseille\u00a0: des milliers de couscous gratuits pour lancer la 8\u00e8me \u00e9dition du Kouss-Kouss Festival"},"content":{"rendered":"<p>Le Kouss-Kouss Festival est de retour pour sa 8\u00e8me \u00e9dition \u00e0 Marseille. La premi\u00e8re soir\u00e9e a eu lieu ce vendredi au Jardin de la Mathilde, dans le 9\u00e8me arrondissement. Le festival met \u00e0 l&rsquo;honneur ce plat transculturel en mettant cette ann\u00e9e l&rsquo;accent sur le pois chiche.<\/p>\n<p>De la semoule, des carottes, des courgettes, des oignons, un poivron et surtout des pois chiches blancs et noirs. La 8\u00e8me \u00e9dition du Kouss-Kouss Festival a \u00e9t\u00e9 lanc\u00e9 ce vendredi 22 ao\u00fbt au Jardin de la Mathilde, dans le 9\u00e8me arrondissement de Marseille. Le festival a pour but de mettre \u00e0 l&rsquo;honneur ce plat avec notamment <strong>des soir\u00e9es de partage conviviales<\/strong>. Ce vendredi, 500 couscous ont \u00e9t\u00e9 distribu\u00e9s gratuitement, puis d\u00e9gust\u00e9s. Le tout avec une ambiance musicale.<\/p>\n<p>L&rsquo;\u00e9v\u00e9nement fait partie de l&rsquo;\u00c9t\u00e9 Marseillais. Il est organis\u00e9 par le collectif \u00ab\u00a0Epices\u00a0\u00bb (ensemble pour l&rsquo;insertion culinaire et sociale) qui regroupe des structures d&rsquo;insertion par la restauration, en partenariat avec la Ville. Cette ann\u00e9e, <strong>la star du festival est le pois chiche<\/strong>.<\/p>\n<p>\u00ab\u00a0D\u00e9couvrir des saveurs\u00a0\u00bb<\/p>\n<p>\u00ab\u00a0C&rsquo;est vraiment tr\u00e8s bon\u00a0!\u00a0\u00bb, lance L\u00e9andro, 13 ans, <strong>en avalant sa premi\u00e8re bouch\u00e9e<\/strong>. C\u00e9line, sa maman, ajoute\u00a0: \u00ab\u00a0c&rsquo;est un plat qu&rsquo;on ne mange pas forc\u00e9ment tout le temps donc on d\u00e9couvre des saveurs et en plus, on a une tr\u00e8s belle portion\u00a0\u00bb. En cuisine, on pr\u00e9pare les assiettes, les premiers arriv\u00e9s sont les premiers servis.<\/p>\n<p><img loading=\"lazy\" decoding=\"async\" class=\"VisualPreview svelte-1rldrkz\" src=\"data:image\/jpeg;base64,\/9j\/2wBDACgcHiMeGSgjISMtKygwPGRBPDc3PHtYXUlkkYCZlo+AjIqgtObDoKrarYqMyP\/L2u71\/\/\/\/m8H\/\/\/\/6\/+b9\/\/j\/2wBDASstLTw1PHZBQXb4pYyl+Pj4+Pj4+Pj4+Pj4+Pj4+Pj4+Pj4+Pj4+Pj4+Pj4+Pj4+Pj4+Pj4+Pj4+Pj4+Pj4+Pj\/wAARCAAfACoDASIAAhEBAxEB\/8QAFwABAQEBAAAAAAAAAAAAAAAAAgABA\/\/EABcQAQEBAQAAAAAAAAAAAAAAAAABEQL\/xAAWAQEBAQAAAAAAAAAAAAAAAAACAQD\/xAAVEQEBAAAAAAAAAAAAAAAAAAAAAf\/aAAwDAQACEQMRAD8AMjUqKjaNpUKsrVamNIXWNHmnApwLAsdrAsSM54sLFhi\/\/9k=\" alt=\"Cette ann\u00e9e, le pois chiche est \u00e0 l'honneur.\" width=\"600\" height=\"451\"\/>  Cette ann\u00e9e, le pois chiche est \u00e0 l&rsquo;honneur. \u00a9 Radio France &#8211; Gabin Grulet<\/p>\n<p>\u00ab\u00a0C&rsquo;est un \u00e9change de convivialit\u00e9, d&rsquo;\u00e9change entre les gens. On voit qu&rsquo;ils sont heureux, tr\u00e8s contents\u00a0\u00bb, d\u00e9clare Samia Ghali, adjointe au maire de Marseille. Cette ann\u00e9e, ces soir\u00e9es de couscous gratuits auront lieu <strong>dans plusieurs secteurs<\/strong>.<\/p>\n<p>Le programme de la semaine<\/p>\n<p>Pour manger un couscous ce week-end et jusqu&rsquo;\u00e0 samedi prochain, les soir\u00e9es d\u00e9butent toujours \u00e0 19 heures. Voici le programme des prochaines soir\u00e9es \u00ab\u00a0Kouss-Kouss en partage\u00a0\u00bb :<\/p>\n<ul>\n<li><strong>Samedi 23 ao\u00fbt \u00e0 l&rsquo;\u00e9cole d&rsquo;Air Bel (11\u00e8me arrondissement)<\/strong><\/li>\n<li><strong>Dimanche 24 ao\u00fbt \u00e0 la Plaine des Sports de la Busserine (13\u00e8me arrondissement)<\/strong><\/li>\n<li><strong>Mardi 26 ao\u00fbt place Jean Jaur\u00e8s dans le centre-ville<\/strong><\/li>\n<li><strong>Jeudi 28 ao\u00fbt \u00e0 l&rsquo;Espace Mistral dans le quartier de l&rsquo;Estaque (1000 couscous au lieu de 500)<\/strong><\/li>\n<li><strong>Samedi 30 ao\u00fbt \u00e0 l&rsquo;esplanade Villeneuve \u00e0 Bergemon ( 2\u00e8me arrondissement) avec 5000 couscours pr\u00e9vus pour cette derni\u00e8re soir\u00e9e de partage.<\/strong><\/li>\n<\/ul>\n<p>Le festival se poursuivra ensuite\u00a0<a target=\"_blank\" rel=\"nofollow noopener noreferrer\" class=\"IciLink ici-link IciArticleLink g-ici-body-regular-1 underline brand svelte-lu7k6w\" href=\"https:\/\/kousskouss.com\/\">avec diff\u00e9rents \u00e9v\u00e9nements<\/a>\u00a0jusqu&rsquo;au 7 septembre.<\/p>\n","protected":false},"excerpt":{"rendered":"Le Kouss-Kouss Festival est de retour pour sa 8\u00e8me \u00e9dition \u00e0 Marseille. La premi\u00e8re soir\u00e9e a eu lieu&hellip;\n","protected":false},"author":2,"featured_media":337828,"comment_status":"","ping_status":"","sticky":false,"template":"","format":"standard","meta":{"footnotes":""},"categories":[2814],"tags":[1111,11,1777,674,1011,27,884,12,882,25],"class_list":{"0":"post-337827","1":"post","2":"type-post","3":"status-publish","4":"format-standard","5":"has-post-thumbnail","7":"category-marseille","8":"tag-actu","9":"tag-actualites","10":"tag-eu","11":"tag-europe","12":"tag-fr","13":"tag-france","14":"tag-marseille","15":"tag-news","16":"tag-provence-alpes-cote-dazur","17":"tag-republique-francaise"},"share_on_mastodon":{"url":"https:\/\/pubeurope.com\/@fr\/115076491263675282","error":""},"_links":{"self":[{"href":"https:\/\/www.europesays.com\/fr\/wp-json\/wp\/v2\/posts\/337827","targetHints":{"allow":["GET"]}}],"collection":[{"href":"https:\/\/www.europesays.com\/fr\/wp-json\/wp\/v2\/posts"}],"about":[{"href":"https:\/\/www.europesays.com\/fr\/wp-json\/wp\/v2\/types\/post"}],"author":[{"embeddable":true,"href":"https:\/\/www.europesays.com\/fr\/wp-json\/wp\/v2\/users\/2"}],"replies":[{"embeddable":true,"href":"https:\/\/www.europesays.com\/fr\/wp-json\/wp\/v2\/comments?post=337827"}],"version-history":[{"count":0,"href":"https:\/\/www.europesays.com\/fr\/wp-json\/wp\/v2\/posts\/337827\/revisions"}],"wp:featuredmedia":[{"embeddable":true,"href":"https:\/\/www.europesays.com\/fr\/wp-json\/wp\/v2\/media\/337828"}],"wp:attachment":[{"href":"https:\/\/www.europesays.com\/fr\/wp-json\/wp\/v2\/media?parent=337827"}],"wp:term":[{"taxonomy":"category","embeddable":true,"href":"https:\/\/www.europesays.com\/fr\/wp-json\/wp\/v2\/categories?post=337827"},{"taxonomy":"post_tag","embeddable":true,"href":"https:\/\/www.europesays.com\/fr\/wp-json\/wp\/v2\/tags?post=337827"}],"curies":[{"name":"wp","href":"https:\/\/api.w.org\/{rel}","templated":true}]}}