{"id":337829,"date":"2025-08-23T05:44:24","date_gmt":"2025-08-23T05:44:24","guid":{"rendered":"https:\/\/www.europesays.com\/fr\/337829\/"},"modified":"2025-08-23T05:44:24","modified_gmt":"2025-08-23T05:44:24","slug":"avec-le-chien-arold-cette-epicerie-cartonne","status":"publish","type":"post","link":"https:\/\/www.europesays.com\/fr\/337829\/","title":{"rendered":"avec le chien Arold, cette \u00e9picerie cartonne"},"content":{"rendered":"<p>            Par<br \/>\n        <strong><br \/>\n            <a href=\"https:\/\/actu.fr\/auteur\/ludivine-caporal\" title=\"Consulter tous les articles de Ludivine Caporal\" rel=\"nofollow noopener\" target=\"_blank\">Ludivine Caporal<\/a><br \/>\n        <\/strong><\/p>\n<p>        Publi\u00e9 le<\/p>\n<p>            23 ao\u00fbt 2025 \u00e0 6h30        <\/p>\n<p>On aper\u00e7oit quotidiennement son joli museau et ses pattes d\u00e9passer du pas de porte. Arold, chien Scottish terrier de 4 ans, toujours \u00e0 l\u2019affut de ce qu\u2019il se passe rue de Brest dans le 2e arrondissement de <a href=\"https:\/\/actu.fr\/auvergne-rhone-alpes\/lyon_69123\" rel=\"nofollow noopener\" target=\"_blank\">Lyon<\/a>, en est, en quelque sorte, devenue la mascotte.\u00a0<br \/>Lui qui passe ses journ\u00e9es aux c\u00f4t\u00e9s de son ma\u00eetre, propri\u00e9taire de <strong>l\u2019\u00e9picerie fine \u00ab\u00a0Le Petit Groin\u00a0\u00bb,<\/strong> fait partie des raisons du succ\u00e8s de ce commerce atypique de 19 m\u00b2, ouvert en juillet 2024. Mais l\u2019accueil soign\u00e9 de <strong>R\u00e9gis Berthier<\/strong>, la qualit\u00e9 des produits propos\u00e9s et la d\u00e9coration unique du lieu y sont aussi pour quelque chose\u2026<\/p>\n<p>163 avis Google et que des 5\/5<\/p>\n<p class=\" wall-content\">\u00ab\u00a0C\u2019est s\u00fbr qu\u2019il m\u2019en ram\u00e8ne des clients, Arold ! En tout cas, je viens de f\u00eater mon 163e avis 5 \u00e9toiles sur <a href=\"https:\/\/actu.fr\/tag\/google\" rel=\"nofollow noopener\" target=\"_blank\">Google<\/a>. Il n\u2019y a pas une seule note en dessous. C\u2019est quand m\u00eame rare !\u00a0\u00bb, confie R\u00e9gis Berthier, avec une voix aussi fi\u00e8re qu\u2019\u00e9tonn\u00e9e.\u00a0<\/p>\n<p class=\" wall-content\">Lyonnais pure souche, <strong>ancien restaurateur et buraliste<\/strong>, ce dernier a donn\u00e9 un nouveau souffle \u00e0 sa vie professionnelle l\u2019\u00e9t\u00e9 dernier, lorsqu\u2019il a saisi l\u2019opportunit\u00e9 de r\u00e9aliser l\u2019un de ses r\u00eaves : celui d\u2019ouvrir une \u00e9picerie fine.<\/p>\n<p class=\" wall-content\">\u00ab\u00a0Avant, j\u2019avais le restaurant le Casse Museau, rue Chavanne. Puis j\u2019ai tenu le tabac Le Maryland, juste \u00e0 c\u00f4t\u00e9 de l\u2019\u00e9picerie, durant 21 ans\u00a0\u00bb, raconte-t-il.\u00a0<\/p>\n<p>    <img   decoding=\"async\" loading=\"lazy\" src=\"https:\/\/www.europesays.com\/fr\/wp-content\/uploads\/2025\/08\/epicerie-le-petit-groin-lyon-arold-960x640.jpg\" alt=\"Arold est tr\u00e8s appr\u00e9ci\u00e9e des clients du magasin.\" width=\"960\" height=\"640\"\/><br \/>\n    Arold est tr\u00e8s appr\u00e9ci\u00e9e des clients du magasin. (\u00a9Ludivine Caporal\/actu Lyon)Des produits gourmands et exclusifs<\/p>\n<p class=\" wall-content\">Apr\u00e8s avoir rachet\u00e9 la boutique de v\u00eatements au num\u00e9ro 14 de la rue de Brest et tout retap\u00e9 durant pr\u00e8s de 4 mois de travaux, R\u00e9gis Berthier a pu accueillir ses premiers clients en juillet 2024 pour leur proposer une s\u00e9lection de produits <strong>du terroir, artisanaux, gourmands<\/strong> et, pour certains, exclusifs.\u00a0<\/p>\n<p class=\" wall-content\">\u00ab\u00a0On a des produits du <a href=\"https:\/\/actu.fr\/ile-de-france\/paris_75056\/comme-dans-un-avion-air-france-ouvre-un-restaurant-avec-ses-menus-business-sur-un-mythique-rooftop-a-paris_62761278.html\" rel=\"nofollow noopener\" target=\"_blank\">chef R\u00e9gis Marcon<\/a> qu\u2019on ne trouve nul part ailleurs comme sa terrine ou sa p\u00e2te \u00e0 tartiner chococ\u00e8pe, une s\u00e9lection de tr\u00e8s bons vins faites par son fr\u00e8re Jacques, mais aussi les terrines de Pierre, les produits <a href=\"https:\/\/actu.fr\/tag\/paul-bocuse\" rel=\"nofollow noopener\" target=\"_blank\">Paul Bocuse<\/a>, les conserves Groix et Nature, le Baulois \u00e9lu meilleur fondant au chocolat de France\u2026\u00a0\u00bb, liste, entre autres, le commer\u00e7ant.\u00a0<\/p>\n<p>Votre r\u00e9gion, votre actu !<\/p>\n<p>Recevez chaque jour les infos qui comptent pour vous.<\/p>\n<p>\t<a href=\"https:\/\/actu.fr\/newsletter\" class=\"ac-btn ac-btn--corner ac-btn--medium ac-btn--blue800\" rel=\"nofollow noopener\" target=\"_blank\">S&rsquo;incrire<\/a><\/p>\n<p>    <img   decoding=\"async\" loading=\"lazy\" src=\"https:\/\/www.europesays.com\/fr\/wp-content\/uploads\/2025\/08\/epicerie-le-petit-groin-lyon-960x640.jpg\" alt=\"La d\u00e9coration de l'\u00e9picerie fait sensation \u00e0 chaque fois.\" width=\"960\" height=\"640\"\/><br \/>\n    La d\u00e9coration de l\u2019\u00e9picerie fait sensation \u00e0 chaque fois. (\u00a9Ludivine Caporal\/actu Lyon)<\/p>\n<p class=\" wall-content\">Les articles vendus au sein de l\u2019\u00e9picerie viennent aussi bien d\u2019Auvergne-Rh\u00f4ne-Alpes que d\u2019autres r\u00e9gions de France. Tant que c\u2019est bon !<\/p>\n<p class=\" wall-content\">Personnalisez votre actualit\u00e9 en ajoutant vos villes et m\u00e9dias en favori avec <a href=\"https:\/\/moncompte.actu.fr\" title=\"D\u00e9couvez Mon Actu\" rel=\"nofollow noopener\" data-trk=\"{&quot;cta&quot;:{&quot;action&quot;:&quot;https:\\\/\\\/moncompte.actu.fr&quot;,&quot;category&quot;:&quot;mon compte&quot;,&quot;from&quot;:&quot;article footer&quot;,&quot;name&quot;:&quot;Mon actu&quot;,&quot;type&quot;:&quot;cta&quot;}}\" target=\"_blank\">Mon Actu<\/a>.<\/p>\n","protected":false},"excerpt":{"rendered":"Par Ludivine Caporal Publi\u00e9 le 23 ao\u00fbt 2025 \u00e0 6h30 On aper\u00e7oit quotidiennement son joli museau et ses&hellip;\n","protected":false},"author":2,"featured_media":337830,"comment_status":"","ping_status":"","sticky":false,"template":"","format":"standard","meta":{"footnotes":""},"categories":[1889],"tags":[1111,11,1867,2430,215,1777,674,1011,27,1661,2428,12,25,104],"class_list":{"0":"post-337829","1":"post","2":"type-post","3":"status-publish","4":"format-standard","5":"has-post-thumbnail","7":"category-lyon","8":"tag-actu","9":"tag-actualites","10":"tag-animaux","11":"tag-auvergne-rhone-alpes","12":"tag-commerce","13":"tag-eu","14":"tag-europe","15":"tag-fr","16":"tag-france","17":"tag-gastronomie","18":"tag-lyon","19":"tag-news","20":"tag-republique-francaise","21":"tag-societe"},"share_on_mastodon":{"url":"https:\/\/pubeurope.com\/@fr\/115076496319299340","error":""},"_links":{"self":[{"href":"https:\/\/www.europesays.com\/fr\/wp-json\/wp\/v2\/posts\/337829","targetHints":{"allow":["GET"]}}],"collection":[{"href":"https:\/\/www.europesays.com\/fr\/wp-json\/wp\/v2\/posts"}],"about":[{"href":"https:\/\/www.europesays.com\/fr\/wp-json\/wp\/v2\/types\/post"}],"author":[{"embeddable":true,"href":"https:\/\/www.europesays.com\/fr\/wp-json\/wp\/v2\/users\/2"}],"replies":[{"embeddable":true,"href":"https:\/\/www.europesays.com\/fr\/wp-json\/wp\/v2\/comments?post=337829"}],"version-history":[{"count":0,"href":"https:\/\/www.europesays.com\/fr\/wp-json\/wp\/v2\/posts\/337829\/revisions"}],"wp:featuredmedia":[{"embeddable":true,"href":"https:\/\/www.europesays.com\/fr\/wp-json\/wp\/v2\/media\/337830"}],"wp:attachment":[{"href":"https:\/\/www.europesays.com\/fr\/wp-json\/wp\/v2\/media?parent=337829"}],"wp:term":[{"taxonomy":"category","embeddable":true,"href":"https:\/\/www.europesays.com\/fr\/wp-json\/wp\/v2\/categories?post=337829"},{"taxonomy":"post_tag","embeddable":true,"href":"https:\/\/www.europesays.com\/fr\/wp-json\/wp\/v2\/tags?post=337829"}],"curies":[{"name":"wp","href":"https:\/\/api.w.org\/{rel}","templated":true}]}}