{"id":337831,"date":"2025-08-23T05:46:25","date_gmt":"2025-08-23T05:46:25","guid":{"rendered":"https:\/\/www.europesays.com\/fr\/337831\/"},"modified":"2025-08-23T05:46:25","modified_gmt":"2025-08-23T05:46:25","slug":"a-moins-de-2h-de-lyon-ce-lac-alpin-aux-eaux-turquoise-est-le-spot-ideal-pour-un-ete-au-frais","status":"publish","type":"post","link":"https:\/\/www.europesays.com\/fr\/337831\/","title":{"rendered":"\u00c0 moins de 2h de Lyon, ce lac alpin aux eaux turquoise est le spot id\u00e9al pour un \u00e9t\u00e9 au frais"},"content":{"rendered":"<p>**Envie d\u2019\u00e9vasion \u00e0 proximit\u00e9 de Lyon ? D\u00e9couvre ce joyau alpin aux eaux cristallines qui te promet fra\u00eecheur et d\u00e9tente \u00e0 moins de deux heures de route. Entre montagnes majestueuses et plages paradisiaques, ce lac aux teintes turquoise offre le refuge parfait pour \u00e9chapper aux chaleurs estivales.**<\/p>\n<p>Un paradis turquoise facilement accessible depuis Lyon<\/p>\n<p>Je me souviens encore de ma premi\u00e8re visite au lac d\u2019Annecy. Apr\u00e8s seulement 1h45 de route depuis Lyon, j\u2019ai d\u00e9couvert ce que beaucoup consid\u00e8rent comme l\u2019un des plus beaux lacs alpins de France. Le trajet est un plaisir en soi : autoroute jusqu\u2019\u00e0 Annecy, puis quelques minutes pour atteindre les rives du lac.<\/p>\n<p>Ce qui m\u2019a frapp\u00e9 imm\u00e9diatement, ce sont ces eaux d\u2019un bleu-vert incroyable. Contrairement \u00e0 d\u2019autres sites alpins parfois difficiles d\u2019acc\u00e8s, le lac d\u2019Annecy offre une accessibilit\u00e9 remarquable. Tu peux y venir en voiture, mais aussi en train depuis Lyon Part-Dieu, avec une correspondance rapide qui te d\u00e9pose \u00e0 quelques pas des plages.<\/p>\n<p>L\u2019\u00e9t\u00e9, quand le mercure grimpe \u00e0 Lyon, la diff\u00e9rence de temp\u00e9rature est saisissante. J\u2019ai souvent not\u00e9 jusqu\u2019\u00e0 6 degr\u00e9s d\u2019\u00e9cart ! C\u2019est pr\u00e9cis\u00e9ment ce qui en fait le spot id\u00e9al pour les journ\u00e9es caniculaires. L\u2019air frais des montagnes combin\u00e9 \u00e0 la brise du lac cr\u00e9e un microclimat parfait.<\/p>\n<p>Si tu appr\u00e9cies les paysages montagneux, tu pourrais \u00e9galement \u00eatre int\u00e9ress\u00e9 par <a href=\"https:\/\/www.newsofmarseille.com\/3-meilleures-randonnees-montagne-alpes-francaises-0073212024.html\" target=\"_blank\" rel=\"noopener\">les meilleures randonn\u00e9es en montagne dans les Alpes fran\u00e7aises<\/a>, dont certaines offrent des vues imprenables sur ce lac majestueux.<\/p>\n<p>Le lac d\u2019Annecy pr\u00e9sente un avantage consid\u00e9rable : sa temp\u00e9rature estivale. En juillet et ao\u00fbt, l\u2019eau atteint facilement les 24 degr\u00e9s, te permettant de te baigner confortablement tout en profitant de la fra\u00eecheur ambiante. C\u2019est ce contraste qui rend l\u2019exp\u00e9rience si agr\u00e9able et rafra\u00eechissante.<\/p>\n<p>Des activit\u00e9s nautiques pour tous les go\u00fbts<\/p>\n<p>Ce qui me enchante avec ce lac alpin, c\u2019est la diversit\u00e9 des activit\u00e9s qu\u2019il propose. J\u2019ai test\u00e9 le paddle, une exp\u00e9rience incroyable sur ces eaux calmes et transparentes. Tu glisses sur le lac comme sur un miroir, avec une visibilit\u00e9 parfaite jusqu\u2019au fond.<\/p>\n<p>Pour les amateurs de sensations plus fortes, le wakeboard et le ski nautique sont propos\u00e9s dans plusieurs bases nautiques autour du lac. J\u2019ai particuli\u00e8rement appr\u00e9ci\u00e9 celle de Talloires, o\u00f9 les moniteurs s\u2019adaptent \u00e0 tous les niveaux.<\/p>\n<p>La location de petits bateaux \u00e9lectriques sans permis constitue l\u2019une des activit\u00e9s les plus populaires. Pour environ 80\u20ac, tu peux naviguer pendant deux heures et d\u00e9couvrir les criques secr\u00e8tes inaccessibles par la terre. J\u2019ai ador\u00e9 m\u2019arr\u00eater dans ces petites anses pour me baigner loin de la foule.<\/p>\n<p><a href=\"https:\/\/www.present.fr\/vivre-bali-guide-complet-sexpatrier-france-conseils-pratiques-partir\/\" target=\"_blank\" rel=\"noopener\"><br \/>\n  <img loading=\"lazy\" decoding=\"async\" width=\"1298\" height=\"560\" src=\"data:image\/svg+xml,%3Csvg%20xmlns=\" http:=\"\" alt=\"Vivre \u00e0 Bali\" style=\"width:100%; height:auto;\" data-lazy-src=\"https:\/\/www.europesays.com\/fr\/wp-content\/uploads\/2025\/07\/Design-sans-titre-2025-06-23T141323.113.jpg\"\/><br \/>\n<\/a><\/p>\n<p>Le tour du lac \u00e0 v\u00e9lo reste mon activit\u00e9 favorite. La piste cyclable de 40 km qui fait le tour du lac est majoritairement plate et offre des panoramas \u00e0 couper le souffle. Je recommande de partir t\u00f4t le matin pour profiter de la lumi\u00e8re dor\u00e9e sur les montagnes environnantes.<\/p>\n<p>Si tu pr\u00e9f\u00e8res la d\u00e9tente pure, plusieurs plages am\u00e9nag\u00e9es t\u2019accueillent. Mes pr\u00e9f\u00e9r\u00e9es sont celles de la Brune \u00e0 Saint-Jorioz et la plage d\u2019Albigny \u00e0 Annecy-le-Vieux, toutes deux \u00e9quip\u00e9es de pontons et d\u2019espaces ombrag\u00e9s parfaits pour les journ\u00e9es tr\u00e8s chaudes.<\/p>\n<p>Des paysages alpins \u00e0 couper le souffle<\/p>\n<p>Ce qui rend ce lac si sp\u00e9cial, c\u2019est son cadre. Imagine-toi nager dans une eau turquoise pendant que des montagnes imposantes se dressent tout autour. Le mont Veyrier et la Tournette cr\u00e9ent un \u00e9crin spectaculaire qui change de couleur au fil de la journ\u00e9e.<\/p>\n<p>J\u2019ai d\u00e9couvert des points de vue exceptionnels en prenant un peu de hauteur. Le col de la Forclaz offre une vue plongeante sur l\u2019ensemble du lac. C\u2019est d\u2019ailleurs un spot r\u00e9put\u00e9 pour le d\u00e9collage des parapentes, et quel spectacle de les voir flotter au-dessus de ces eaux cristallines !<\/p>\n<p>Les villages qui bordent le lac ajoutent au charme du paysage. Talloires, avec ses maisons aux fa\u00e7ades color\u00e9es, ou Menthon-Saint-Bernard et son ch\u00e2teau m\u00e9di\u00e9val perch\u00e9 sur les hauteurs valent absolument le d\u00e9tour.<\/p>\n<p>Si tu appr\u00e9cies les paysages naturels impressionnants, tu pourrais \u00e9galement \u00eatre int\u00e9ress\u00e9 par <a href=\"https:\/\/www.newsofmarseille.com\/massif-central-gorges-profondes-offrent-panoramas-encore-plus-majestueux-que-ceux-tarn-0089292024.html\" target=\"_blank\" rel=\"noopener\">ces gorges profondes du Massif Central<\/a> qui offrent des panoramas tout aussi \u00e9poustouflants, bien que tr\u00e8s diff\u00e9rents.<\/p>\n<p>Les couchers de soleil sur le lac sont particuli\u00e8rement magiques. Je recommande la pointe de la Puya pour observer le soleil dispara\u00eetre derri\u00e8re les montagnes, teintant le ciel et l\u2019eau de nuances roses et orang\u00e9es absolument f\u00e9eriques.<\/p>\n<p>Un havre de fra\u00eecheur pour \u00e9chapper \u00e0 la canicule lyonnaise<\/p>\n<p>Lors des \u00e9t\u00e9s caniculaires \u00e0 Lyon, ce lac alpin devient mon refuge pr\u00e9f\u00e9r\u00e9. M\u00eame lors des journ\u00e9es les plus chaudes, la temp\u00e9rature y reste agr\u00e9able gr\u00e2ce \u00e0 l\u2019altitude (446 m\u00e8tres) et \u00e0 la pr\u00e9sence des montagnes environnantes.<\/p>\n<p>J\u2019appr\u00e9cie particuli\u00e8rement les nombreuses zones ombrag\u00e9es qu\u2019offrent les rives, notamment au parc du Marquisat ou dans les jardins de l\u2019Europe. Ces espaces verts \u00e0 proximit\u00e9 imm\u00e9diate du lac permettent de se relaxer au frais entre deux baignades.<\/p>\n<p>Le lac d\u2019Annecy est r\u00e9put\u00e9 pour \u00eatre l\u2019un des plus propres d\u2019Europe, gr\u00e2ce \u00e0 des mesures de protection strictes mises en place depuis les ann\u00e9es 1960. Cette qualit\u00e9 d\u2019eau exceptionnelle se traduit par cette couleur turquoise si caract\u00e9ristique qui n\u2019a rien \u00e0 envier aux lagons tropicaux.<\/p>\n<p>Pour un week-end complet, je te conseille de combiner baignades et visites culturelles. La vieille ville d\u2019Annecy, surnomm\u00e9e la \u00ab\u00a0Venise des Alpes\u00a0\u00bb avec ses canaux et ses ruelles m\u00e9di\u00e9vales, offre une fra\u00eecheur bienvenue en fin de journ\u00e9e.<\/p>\n<p>Apr\u00e8s plusieurs visites, je peux affirmer que le lac d\u2019Annecy reste le spot id\u00e9al pour s\u2019\u00e9chapper de Lyon l\u2019\u00e9t\u00e9. Sa proximit\u00e9, ses eaux turquoise et son cadre alpin en font une destination parfaite pour une journ\u00e9e ou un week-end rafra\u00eechissant.<\/p>\n<p>As-tu d\u00e9j\u00e0 visit\u00e9 le lac d\u2019Annecy ou pr\u00e9vois-tu d\u2019y aller prochainement ? N\u2019h\u00e9site pas \u00e0 partager ton exp\u00e9rience en commentaire ou \u00e0 me contacter pour plus d\u2019informations sur ce joyau alpin !<\/p>\n<p><img loading=\"lazy\" decoding=\"async\" width=\"150\" height=\"150\" src=\"data:image\/svg+xml,%3Csvg%20xmlns=\" http:=\"\" class=\"attachment-150x150 size-150x150\" alt=\"\" itemprop=\"image\" data-lazy- data-lazy- data-lazy-src=\"https:\/\/www.europesays.com\/fr\/wp-content\/uploads\/2025\/04\/im6-150x150.png\"\/><\/p>\n<p>Salut \u00e0 tous, je suis Eglantine. D\u00e9couvrez mes articles sur le voyage \u00e0 travers mes conseils, astuces et lieux pr\u00e9f\u00e9r\u00e9s en exclusivit\u00e9 sur News Of Marseille.<br \/>R\u00e9dactrice de coeur, je vous guide \u00e0 travers mes \u00e9crits pour vous transmettre mon expertise sur l&rsquo;aventure du voyage. Et \u00e9videmment, allez l&rsquo;OM \ud83d\ude09<\/p>\n<p>Partagez l&rsquo;article ou suivez nous !<\/p>\n<p>\n\tNos images sont \u00e0 but illustratif et peuvent ne pas repr\u00e9senter la r\u00e9alit\u00e9<\/p>\n","protected":false},"excerpt":{"rendered":"**Envie d\u2019\u00e9vasion \u00e0 proximit\u00e9 de Lyon ? D\u00e9couvre ce joyau alpin aux eaux cristallines qui te promet fra\u00eecheur&hellip;\n","protected":false},"author":2,"featured_media":337832,"comment_status":"","ping_status":"","sticky":false,"template":"","format":"standard","meta":{"footnotes":""},"categories":[1889],"tags":[47404,46976,1111,11,2430,1777,674,47405,1011,27,47406,2428,12,25],"class_list":{"0":"post-337831","1":"post","2":"type-post","3":"status-publish","4":"format-standard","5":"has-post-thumbnail","7":"category-lyon","8":"tag-acces-a-levasion-en-montagne","9":"tag-acces-a-la-tranquillite-mediterraneenne","10":"tag-actu","11":"tag-actualites","12":"tag-auvergne-rhone-alpes","13":"tag-eu","14":"tag-europe","15":"tag-evasion-alpine","16":"tag-fr","17":"tag-france","18":"tag-lac-dannecy","19":"tag-lyon","20":"tag-news","21":"tag-republique-francaise"},"share_on_mastodon":{"url":"https:\/\/pubeurope.com\/@fr\/115076502863045324","error":""},"_links":{"self":[{"href":"https:\/\/www.europesays.com\/fr\/wp-json\/wp\/v2\/posts\/337831","targetHints":{"allow":["GET"]}}],"collection":[{"href":"https:\/\/www.europesays.com\/fr\/wp-json\/wp\/v2\/posts"}],"about":[{"href":"https:\/\/www.europesays.com\/fr\/wp-json\/wp\/v2\/types\/post"}],"author":[{"embeddable":true,"href":"https:\/\/www.europesays.com\/fr\/wp-json\/wp\/v2\/users\/2"}],"replies":[{"embeddable":true,"href":"https:\/\/www.europesays.com\/fr\/wp-json\/wp\/v2\/comments?post=337831"}],"version-history":[{"count":0,"href":"https:\/\/www.europesays.com\/fr\/wp-json\/wp\/v2\/posts\/337831\/revisions"}],"wp:featuredmedia":[{"embeddable":true,"href":"https:\/\/www.europesays.com\/fr\/wp-json\/wp\/v2\/media\/337832"}],"wp:attachment":[{"href":"https:\/\/www.europesays.com\/fr\/wp-json\/wp\/v2\/media?parent=337831"}],"wp:term":[{"taxonomy":"category","embeddable":true,"href":"https:\/\/www.europesays.com\/fr\/wp-json\/wp\/v2\/categories?post=337831"},{"taxonomy":"post_tag","embeddable":true,"href":"https:\/\/www.europesays.com\/fr\/wp-json\/wp\/v2\/tags?post=337831"}],"curies":[{"name":"wp","href":"https:\/\/api.w.org\/{rel}","templated":true}]}}