{"id":337835,"date":"2025-08-23T05:52:11","date_gmt":"2025-08-23T05:52:11","guid":{"rendered":"https:\/\/www.europesays.com\/fr\/337835\/"},"modified":"2025-08-23T05:52:11","modified_gmt":"2025-08-23T05:52:11","slug":"la-butte-montmartre-le-coeur-sacre-des-amoureux-du-trail-cerne-de-beton-a-paris","status":"publish","type":"post","link":"https:\/\/www.europesays.com\/fr\/337835\/","title":{"rendered":"La butte Montmartre, le c\u0153ur sacr\u00e9 des amoureux du trail cern\u00e9 de b\u00e9ton \u00e0 Paris"},"content":{"rendered":"<p>            Par<br \/>\n        <strong><br \/>\n            <a href=\"https:\/\/actu.fr\/auteur\/antoine-grotteria02\" title=\"Consulter tous les articles de Antoine Grotteria\" target=\"_blank\" rel=\"noopener\">Antoine Grotteria<\/a><br \/>\n        <\/strong><\/p>\n<p>        Publi\u00e9 le<\/p>\n<p>            23 ao\u00fbt 2025 \u00e0 6h46        <\/p>\n<p>La montagne \u00e0 <a href=\"https:\/\/actu.fr\/paris\/\" target=\"_blank\" rel=\"noopener\">Paris<\/a>. Ou Paris s\u2019approprie la montagne. On ne sait plus tr\u00e8s bien. \u00c0 des centaines de kilom\u00e8tres des reliefs hexagonaux, une kyrielle de <strong>coureurs<\/strong> exalt\u00e9s s\u2019enquille des allers-retours dans les marches menant vers le <a href=\"https:\/\/actu.fr\/tag\/sacre-coeur\" target=\"_blank\" rel=\"noopener\">Sacr\u00e9-C\u0153ur<\/a> \u00e0 <a href=\"https:\/\/actu.fr\/ile-de-france\/paris_75056\/le-kiosquier-dissimulait-la-marchandise-un-reseau-de-vendeurs-a-la-sauvette-demantele-au-sacre-coeur_60909868.html\" target=\"_blank\" rel=\"noopener\">Montmartre<\/a>, quartier canonique du 18e arrondissement. Le langage converge vers des mots habituellement prononc\u00e9s sur les cr\u00eates, comme le <strong>d\u00e9nivel\u00e9<\/strong>. Sauf qu\u2019au niveau de la rue Foyatier, l\u2019horizon est obstru\u00e9 par des immeubles inquantifiables \u00e0 l\u2019oeil. La beaut\u00e9 peut \u00eatre subjective, mais l\u2019environnement urbain maltraite les puristes du <strong>trail<\/strong>. Qu\u2019importe, le <a href=\"https:\/\/actu.fr\/paris\/sports\" target=\"_blank\" rel=\"noopener\">sport<\/a> d\u00e9passe d\u00e9sormais son berceau. Dans la capitale, les places Saint-Pierre et Suzanne-Valadon concentrent ce ph\u00e9nom\u00e8ne accentu\u00e9 par <a href=\"https:\/\/actu.fr\/societe\/coronavirus\" target=\"_blank\" rel=\"noopener\">le Covid-19<\/a>. D\u00e9cryptage.<\/p>\n<p>Plus de 200 marches<\/p>\n<p class=\" wall-content\">Tous les mercredis, les membres de l\u2019association <strong>Team Trail Paris<\/strong> se r\u00e9unissent pr\u00e8s du funiculaire pour une s\u00e9ance d\u2019une heure et demie dans les <strong>200 marches <\/strong>de la rue Foyatier, pr\u00e9cise leur <a href=\"https:\/\/www.teamtrailparis.fr\/\" target=\"_blank\" rel=\"noopener\">site<\/a>. Au programme, un \u00e9chauffement, du fractionn\u00e9 et un travail de postures. Ce rituel peut sembler surr\u00e9aliste tant le quartier est soumis \u00e0 une <a href=\"https:\/\/actu.fr\/ile-de-france\/paris_75056\/dans-le-quartier-montmartre-a-paris-les-commercants-decus-par-le-manque-de-touristes-cet-ete_53222613.html\" target=\"_blank\" rel=\"noopener\">pression touristique<\/a> importante. Aux c\u00f4t\u00e9s des visiteurs, les coureurs encha\u00eenent les mont\u00e9es et les descentes.<\/p>\n<p class=\" wall-content\"><a href=\"https:\/\/www.instagram.com\/p\/DDCuFthPGv1\/embed\" title=\"Ouvrir le lien sur Instagram\" target=\"_blank\" rel=\"noopener\">Visualiser le contenu sur Instagram<\/a><\/p>\n<p class=\" wall-content\">Une pratique qui s\u2019inscrit dans la psych\u00e9 collective sportive autour de Montmartre. Creus\u00e9 de <strong>ruelles pav\u00e9es<\/strong> en pente, le quartier repr\u00e9sente un endroit id\u00e9al pour s\u2019entra\u00eener. Les cyclistes, ragaillardis par le <a href=\"https:\/\/actu.fr\/societe\/tour-de-france-2025-montmartre-au-programme-decouvrez-le-parcours-de-la-derniere-etape_62810140.html\" target=\"_blank\" rel=\"noopener\">passage du Tour de France<\/a>, grimpent la <a href=\"https:\/\/actu.fr\/ile-de-france\/paris_75056\/tour-de-france-2025-un-cycliste-amateur-enflamme-montmartre-en-grimpant-la-rue-lepic-plus-de-50-fois_62962996.html\" target=\"_blank\" rel=\"noopener\">rue Lepic<\/a>. Plus vuln\u00e9rables, les coureurs ont choisi d\u2019emprunter les escaliers. Cette appropriation de l\u2019espace public est autant un choix qu\u2019une <strong>contrainte<\/strong>.<\/p>\n<p class=\" wall-content\">Avec son importante densit\u00e9 et son faible taux d\u2019<a href=\"https:\/\/actu.fr\/ile-de-france\/paris_75056\/de-nouveaux-espaces-verts-a-paris-l-ancien-jardin-d-un-hopital-militaire-rendu-public-des-2026_61695837.html\" target=\"_blank\" rel=\"noopener\">espaces verts<\/a>, Paris demeure une ville aride \u00e0 la pratique du trail. Les pratiquants doivent ainsi prendre de la hauteur \u00e0 d\u2019autres endroits, comme \u00e0 <strong>Fontainebleau<\/strong> (Seine-et-Marne), dans le <a href=\"https:\/\/actu.fr\/ile-de-france\/saint-cloud_92064\/hauts-de-seine-une-grande-partie-du-parc-de-saint-cloud-est-fermee-au-public-voici-pourquoi_55037420.html\" target=\"_blank\" rel=\"noopener\">parc de Saint-Cloud<\/a> (Hauts-de-Seine) ou encore dans la <strong>vall\u00e9e de la Chevreuse<\/strong> (Yvelines et Essonne).<\/p>\n<p class=\" wall-content\">Une fine s\u00e9lection qui n\u2019offre pas le m\u00eame cadre ni la notori\u00e9t\u00e9 de Montmartre. Si bien que des courses sont organis\u00e9es chaque ann\u00e9e sur les pentes sur la butte. Parmi elles, <strong>l\u2019Ultra-trail Montmartre<\/strong> (UTMM). Lanc\u00e9e en 2017 par l\u2019influenceur parisien \u00ab<strong>\u2009Casquette verte<\/strong>\u2009\u00bb, de son identit\u00e9 Alexandre Boucheix, suivi par pr\u00e8s de 200\u2009000\u00a0personnes sur le r\u00e9seau social <a href=\"https:\/\/www.instagram.com\/casquetteverte\/?hl=fr\" target=\"_blank\" rel=\"noopener\">Instagram<\/a>, la comp\u00e9tition m\u00eale <strong>d\u00e9fis loufoques<\/strong> et <strong>chronom\u00e9tr\u00e9s<\/strong>.<\/p>\n<p>Un sport de plus en plus populaire<\/p>\n<p class=\" wall-content\">Vingt participants, tir\u00e9s au sort, doivent effectuer <strong>11\u2009600\u00a0m\u00e8tres<\/strong> de d\u00e9nivel\u00e9 en montant puis en descendant un maximum de fois les marches de la rue Foyatier. En 2024, le premier a mis 21h07, loin du record \u00e9tabli en 2019, avec 16h10. Pour embrasser l\u2019esprit <strong>festif<\/strong> souhait\u00e9 par \u00ab\u2009Casquette verte\u2009\u00bb, les participants sont enjoints \u00e0 se d\u00e9guiser et \u00e0 \u00ab\u2009faire remonter et descendre le saumon\u2009\u00bb. Sur le site, les organisateurs demandent m\u00eame une \u00ab\u2009pr\u00e9sence obligatoire au Corcoran\u2019s Irish Pub (un bar dans le 2e arrondissement, NDLR) \u00e0 la fin de l\u2019\u00e9preuve\u2009\u00bb.<\/p>\n<p class=\" wall-content\"><a href=\"https:\/\/www.instagram.com\/p\/DDk7xPztTFI\/embed\" title=\"Ouvrir le lien sur Instagram\" target=\"_blank\" rel=\"noopener\">Visualiser le contenu sur Instagram<\/a><\/p>\n<p class=\" wall-content\">Une mani\u00e8re ludique d\u2019appr\u00e9hender ce sport. Pourtant, si la course emprunte le terme d\u2019Ultra-trail, la d\u00e9finition s\u2019ins\u00e8re dans un <strong>cadre d\u00e9limit\u00e9<\/strong>. D\u2019apr\u00e8s la F\u00e9d\u00e9ration fran\u00e7aise d\u2019athl\u00e9tisme (FFA), l\u2019instance qui encadre la discipline, <a href=\"https:\/\/www.athle.fr\/asp.net\/main.pdf\/pdf.aspx?path=\/Reglement\/cahier_des_charges_trail2013.pdf\" target=\"_blank\" rel=\"noopener\">le cahier des charges<\/a> fourni aux organisateurs des courses d\u00e9finit le format comme \u00ab\u2009une course p\u00e9destre avec classement et\/ou prise de temps se d\u00e9roulant en milieu naturel sur un parcours mat\u00e9rialis\u00e9 form\u00e9 notamment de <strong>chemins ou de sentiers sup\u00e9rieurs \u00e0 80\u00a0km<\/strong> et dont la totalit\u00e9 des surfaces goudronn\u00e9es n\u2019exc\u00e8dent pas <strong>15\u2009%<\/strong> [\u2026].\u00bb\u00a0<\/p>\n<p>Votre r\u00e9gion, votre actu !<\/p>\n<p>Recevez chaque jour les infos qui comptent pour vous.<\/p>\n<p>\t<a href=\"https:\/\/actu.fr\/newsletter\" class=\"ac-btn ac-btn--corner ac-btn--medium ac-btn--blue800\" target=\"_blank\" rel=\"noopener\">S&rsquo;incrire<\/a><\/p>\n<p>    <a href=\"https:\/\/email.publihebdos.com\/form?lid=Mqc7o19yVDtMEo2FE8aUtw2\" title=\"Ouvrie le lien\" target=\"_blank\" rel=\"noopener\">Cliquez ici pour visualiser le contenu<\/a><\/p>\n<p class=\" wall-content\">En prenant quelques distances avec cette d\u00e9finition, les organisateurs souhaitent se diff\u00e9rencier. Court-circuiter les m\u00e9diums institutionnels peut susciter l\u2019int\u00e9r\u00eat d\u2019un plus \u00e9largi. Un enjeu tout sauf anodin. Car avec plus d\u2019un million de participants \u00e0 des courses de trail en 2024 \u2013 d\u2019apr\u00e8s des <a href=\"https:\/\/www.athle.fr\/asp.net\/main.news\/news.aspx?newsid=21503\" target=\"_blank\" rel=\"noopener\">chiffres<\/a> communiqu\u00e9s par la FFA -, la pratique conna\u00eet un <strong>essor<\/strong> substantiel. La tendance devrait se maintenir dans les prochaines ann\u00e9es. \u00c0 Montmartre, les touristes n\u2019ont pas fini de c\u00f4toyer les traileurs.<\/p>\n<p class=\" wall-content\">Personnalisez votre actualit\u00e9 en ajoutant vos villes et m\u00e9dias en favori avec <a href=\"https:\/\/moncompte.actu.fr\" title=\"D\u00e9couvez Mon Actu\" rel=\"nofollow noopener\" data-trk=\"{&quot;cta&quot;:{&quot;action&quot;:&quot;https:\\\/\\\/moncompte.actu.fr&quot;,&quot;category&quot;:&quot;mon compte&quot;,&quot;from&quot;:&quot;article footer&quot;,&quot;name&quot;:&quot;Mon actu&quot;,&quot;type&quot;:&quot;cta&quot;}}\" target=\"_blank\">Mon Actu<\/a>.<\/p>\n<p>                    <script async src=\"\/\/www.instagram.com\/embed.js\"><\/script><\/p>\n","protected":false},"excerpt":{"rendered":"Par Antoine Grotteria Publi\u00e9 le 23 ao\u00fbt 2025 \u00e0 6h46 La montagne \u00e0 Paris. Ou Paris s\u2019approprie la&hellip;\n","protected":false},"author":2,"featured_media":337836,"comment_status":"","ping_status":"","sticky":false,"template":"","format":"standard","meta":{"footnotes":""},"categories":[1888],"tags":[1111,1928,11,1927,3062,1777,674,1011,27,7661,12,1926,626,1925,25,60,6187],"class_list":{"0":"post-337835","1":"post","2":"type-post","3":"status-publish","4":"format-standard","5":"has-post-thumbnail","7":"category-paris","8":"tag-actu","9":"tag-actu-paris","10":"tag-actualites","11":"tag-actualites-paris","12":"tag-autres-sports","13":"tag-eu","14":"tag-europe","15":"tag-fr","16":"tag-france","17":"tag-montmartre","18":"tag-news","19":"tag-news-paris","20":"tag-paris","21":"tag-paris-news","22":"tag-republique-francaise","23":"tag-sports","24":"tag-trail"},"share_on_mastodon":{"url":"https:\/\/pubeurope.com\/@fr\/115076526510492815","error":""},"_links":{"self":[{"href":"https:\/\/www.europesays.com\/fr\/wp-json\/wp\/v2\/posts\/337835","targetHints":{"allow":["GET"]}}],"collection":[{"href":"https:\/\/www.europesays.com\/fr\/wp-json\/wp\/v2\/posts"}],"about":[{"href":"https:\/\/www.europesays.com\/fr\/wp-json\/wp\/v2\/types\/post"}],"author":[{"embeddable":true,"href":"https:\/\/www.europesays.com\/fr\/wp-json\/wp\/v2\/users\/2"}],"replies":[{"embeddable":true,"href":"https:\/\/www.europesays.com\/fr\/wp-json\/wp\/v2\/comments?post=337835"}],"version-history":[{"count":0,"href":"https:\/\/www.europesays.com\/fr\/wp-json\/wp\/v2\/posts\/337835\/revisions"}],"wp:featuredmedia":[{"embeddable":true,"href":"https:\/\/www.europesays.com\/fr\/wp-json\/wp\/v2\/media\/337836"}],"wp:attachment":[{"href":"https:\/\/www.europesays.com\/fr\/wp-json\/wp\/v2\/media?parent=337835"}],"wp:term":[{"taxonomy":"category","embeddable":true,"href":"https:\/\/www.europesays.com\/fr\/wp-json\/wp\/v2\/categories?post=337835"},{"taxonomy":"post_tag","embeddable":true,"href":"https:\/\/www.europesays.com\/fr\/wp-json\/wp\/v2\/tags?post=337835"}],"curies":[{"name":"wp","href":"https:\/\/api.w.org\/{rel}","templated":true}]}}