{"id":337840,"date":"2025-08-23T05:55:11","date_gmt":"2025-08-23T05:55:11","guid":{"rendered":"https:\/\/www.europesays.com\/fr\/337840\/"},"modified":"2025-08-23T05:55:11","modified_gmt":"2025-08-23T05:55:11","slug":"diffusion-om-paris-fc-a-quelle-heure-et-sur-quelle-chaine-voir-le-match-en-direct","status":"publish","type":"post","link":"https:\/\/www.europesays.com\/fr\/337840\/","title":{"rendered":"Diffusion OM \u2013 Paris FC : \u00e0 quelle heure et sur quelle cha\u00eene voir le match en direct ?"},"content":{"rendered":"<p class=\"paragraph text_align_left lp-f-body-02\">Ce samedi, tous les regards seront tourn\u00e9s vers le V\u00e9lodrome pour le duel Marseille \u2013 Paris FC, l\u2019un des chocs les plus attendus du week-end. \u00c0 l\u2019heure actuelle, l\u2019Olympique de Marseille occupe l\u2019avant derni\u00e8re place du classement g\u00e9n\u00e9ral. Lors de l\u2019ouverture de la saison 2025-2026, les Phoc\u00e9ens ont subi une d\u00e9faite contre le Stade Rennais (1-0). Cette semaine, les joueurs de Roberto De Zerbi vont tout faire pour renouer avec le succ\u00e8s, et int\u00e9grer la premi\u00e8re moiti\u00e9 du tableau. C\u00f4t\u00e9 effectif, Jonathan Rowe et Adrien Rabiot n\u2019ont pas repris l\u2019entra\u00eenement collectif, tandis que Darryl Bakola est d\u2019ores et d\u00e9j\u00e0 forfait. Le Paris FC a lui aussi enregistr\u00e9 un revers. \u00c0 l\u2019occasion de son arriv\u00e9e en Ligue 1 McDonald\u2019s, le club de la capitale s\u2019est inclin\u00e9 contre le SCO Angers, sur un score d\u2019un but \u00e0 z\u00e9ro. Dans ces lignes, on vous dit \u00e0 quelle heure et sur quelle cha\u00eene voir le choc Olympique de OM \u2013 Paris FC en direct ce samedi apr\u00e8s-midi.<\/p>\n<p class=\"paragraph text_align_left lp-f-body-02\">Le match qui oppose l\u2019Olympique de Marseille et le Paris FC est diffus\u00e9 ce samedi 23 ao\u00fbt, <a href=\"https:\/\/bit.ly\/3PuP6Sd\" target=\"_blank\" rel=\"sponsored nofollow noopener\">en direct sur la cha\u00eene beIN SPORTS 1<\/a>. La rencontre est pr\u00e9vue au Stade V\u00e9lodrome, \u00e0 partir de 17 heures. L\u2019arbitre Marc Bollengier a \u00e9t\u00e9 d\u00e9sign\u00e9 pour diriger la confrontation. Il sera assist\u00e9 de Yohann Rouinsard et de Yann Flament \u00e0 la VAR. Les commentateurs vous donnent rendez-vous \u00e0 16 heures pour faire le point sur les effectifs, les enjeux et les derni\u00e8res actualit\u00e9s des clubs. Ils d\u00e9cryptent ensuite les prestations des joueurs et analysent les temps forts de la rencontre.<\/p>\n","protected":false},"excerpt":{"rendered":"Ce samedi, tous les regards seront tourn\u00e9s vers le V\u00e9lodrome pour le duel Marseille \u2013 Paris FC, l\u2019un&hellip;\n","protected":false},"author":2,"featured_media":337841,"comment_status":"","ping_status":"","sticky":false,"template":"","format":"standard","meta":{"footnotes":""},"categories":[1888],"tags":[11,47407,1777,674,1011,27,749,12,149,626,445,25,6718],"class_list":{"0":"post-337840","1":"post","2":"type-post","3":"status-publish","4":"format-standard","5":"has-post-thumbnail","7":"category-paris","8":"tag-actualites","9":"tag-diffusion-om-paris-fc","10":"tag-eu","11":"tag-europe","12":"tag-fr","13":"tag-france","14":"tag-guide-shopping","15":"tag-news","16":"tag-om","17":"tag-paris","18":"tag-paris-fc","19":"tag-republique-francaise","20":"tag-tv-streaming"},"share_on_mastodon":{"url":"https:\/\/pubeurope.com\/@fr\/115076538359424007","error":""},"_links":{"self":[{"href":"https:\/\/www.europesays.com\/fr\/wp-json\/wp\/v2\/posts\/337840","targetHints":{"allow":["GET"]}}],"collection":[{"href":"https:\/\/www.europesays.com\/fr\/wp-json\/wp\/v2\/posts"}],"about":[{"href":"https:\/\/www.europesays.com\/fr\/wp-json\/wp\/v2\/types\/post"}],"author":[{"embeddable":true,"href":"https:\/\/www.europesays.com\/fr\/wp-json\/wp\/v2\/users\/2"}],"replies":[{"embeddable":true,"href":"https:\/\/www.europesays.com\/fr\/wp-json\/wp\/v2\/comments?post=337840"}],"version-history":[{"count":0,"href":"https:\/\/www.europesays.com\/fr\/wp-json\/wp\/v2\/posts\/337840\/revisions"}],"wp:featuredmedia":[{"embeddable":true,"href":"https:\/\/www.europesays.com\/fr\/wp-json\/wp\/v2\/media\/337841"}],"wp:attachment":[{"href":"https:\/\/www.europesays.com\/fr\/wp-json\/wp\/v2\/media?parent=337840"}],"wp:term":[{"taxonomy":"category","embeddable":true,"href":"https:\/\/www.europesays.com\/fr\/wp-json\/wp\/v2\/categories?post=337840"},{"taxonomy":"post_tag","embeddable":true,"href":"https:\/\/www.europesays.com\/fr\/wp-json\/wp\/v2\/tags?post=337840"}],"curies":[{"name":"wp","href":"https:\/\/api.w.org\/{rel}","templated":true}]}}