{"id":337842,"date":"2025-08-23T05:56:17","date_gmt":"2025-08-23T05:56:17","guid":{"rendered":"https:\/\/www.europesays.com\/fr\/337842\/"},"modified":"2025-08-23T05:56:17","modified_gmt":"2025-08-23T05:56:17","slug":"en-direct-guerre-en-ukraine-la-russie-blame-zelensky-pour-labsence-davancees-sur-une-rencontre-avec-poutine","status":"publish","type":"post","link":"https:\/\/www.europesays.com\/fr\/337842\/","title":{"rendered":"EN DIRECT &#8211; Guerre en Ukraine : la Russie bl\u00e2me Zelensky pour l&rsquo;absence d&rsquo;avanc\u00e9es sur une rencontre avec Poutine"},"content":{"rendered":"<ul class=\"jsx-862013697 ArticleChapo__List\">\n<li class=\"jsx-862013697 ArticleChapo__List_Item flex\">Le chef de la diplomatie russe reproche au pr\u00e9sident ukrainien d&rsquo;\u00eatre \u00e0 l&rsquo;origine du blocage dans l&rsquo;organisation d&rsquo;une \u00e9ventuelle rencontre avec Vladimir Poutine.<\/li>\n<li class=\"jsx-862013697 ArticleChapo__List_Item flex\">La perspective d&rsquo;une rencontre entre les pr\u00e9sidents russe et ukrainien s&rsquo;\u00e9loigne, \u00e0 entendre les d\u00e9clarations venues de Moscou, Washington ou Kiev.<\/li>\n<li class=\"jsx-862013697 ArticleChapo__List_Item flex\">Suivez les derni\u00e8res informations.<\/li>\n<\/ul>\n<p data-module=\"article-paragraph\" class=\"jsx-3046738180 Paragraph Paragraph__End\">Sergue\u00ef Lavrov, a accus\u00e9 Volodymyr Zelensky d&rsquo;\u00eatre \u00e0 l&rsquo;origine du blocage dans l&rsquo;organisation d&rsquo;une <a href=\"https:\/\/www.tf1info.fr\/international\/video-guerre-en-ukraine-potentielle-rencontre-poutine-zelensky-ca-ne-changera-pas-grand-chose-reagissent-des-habitants-de-moscou-en-russie-2389789.html\" target=\"_blank\" rel=\"noopener\">\u00e9ventuelle rencontre avec Vladimir Poutine<\/a>. Selon le chef de la diplomatie russe, Washington aimerait que les bellig\u00e9rants acceptent \u00ab\u00a0plusieurs principes\u00a0\u00bb en vue du futur r\u00e8glement du conflit, notamment la non-adh\u00e9sion de l&rsquo;Ukraine \u00e0 l&rsquo;Otan et la discussion d&rsquo;\u00e9changes territoriaux. Or, \u00ab\u00a0Zelensky a dit &lsquo;non&rsquo; \u00e0 tout cela\u00a0\u00bb, a fustig\u00e9 Lavrov.<\/p>\n<p>Minute par minuteACCUSATIONS07:16<\/p>\n<p>La perspective d&rsquo;une rencontre entre Vladimir Poutine et Volodymyr Zelensky s&rsquo;\u00e9loigne, \u00e0 entendre les d\u00e9clarations venues de Moscou, Washington ou Kiev. Le chef de la diplomatie russe, Sergue\u00ef Lavrov, a accus\u00e9 hier le pr\u00e9sident ukrainien de bloquer l&rsquo;organisation d&rsquo;une \u00e9ventuelle r\u00e9union avec son homologue russe, au lendemain de critiques similaires du dirigeant ukrainien envers Moscou. \u00ab\u00a0Poutine est pr\u00eat \u00e0 rencontrer Zelensky lorsque l&rsquo;ordre du jour de ce sommet sera pr\u00eat. Et cet ordre du jour n&rsquo;est absolument pas pr\u00eat\u00a0\u00bb, a-t-il d\u00e9clar\u00e9 dans une interview \u00e0 la cha\u00eene am\u00e9ricaine NBC.<\/p>\n<p>REPORTAGE07:15<\/p>\n<p>Alors que les tractations en vue d&rsquo;une rencontre entre Volodymyr Zelensky et Vladimir Poutine se poursuivent, sur le terrain, les combats font rage. Dans le Donbass, les soldats ukrainiens continuent de d\u00e9fendre leur territoire, malgr\u00e9 les attaques de drones russes qui s&rsquo;intensifient. Une \u00e9quipe de TF1 s&rsquo;est rendue sur la ligne de front, au sein d&rsquo;une unit\u00e9 ukrainienne charg\u00e9e de ravitailler les combattants.<\/p>\n<p>International<\/p>\n<p>EXCLUSIF<\/p>\n<p><img decoding=\"async\" src=\"https:\/\/www.europesays.com\/fr\/wp-content\/uploads\/2025\/08\/soldats-ukrainiens-illustration-934475-0@1x.jpeg\" alt=\"DOCUMENT TF1 -  Au c\u0153ur de la guerre des drones : notre \u00e9quipe sur la ligne de front en Ukraine\" loading=\"lazy\" importance=\"low\" fetchpriority=\"low\" class=\"\" aria-hidden=\"true\"\/>06:47<\/p>\n<p>Bonjour et bienvenue dans ce direct consacr\u00e9 \u00e0 l&rsquo;Ukraine. Retrouvez ici les derni\u00e8res informations sur le conflit.<\/p>\n<p data-module=\"article-paragraph\" class=\"jsx-3046738180 Paragraph Paragraph__End\">Les garanties de s\u00e9curit\u00e9 donn\u00e9es \u00e0 l&rsquo;Ukraine et la pr\u00e9paration d&rsquo;un sommet entre Vladimir Poutine et Volodymyr Zelensky sont au centre des efforts diplomatiques de Donald Trump, qui a une nouvelle fois admis que la t\u00e2che \u00e9tait plus difficile qu&rsquo;il ne s&rsquo;y attendait.\u00a0\u00ab\u00a0Nous allons voir si Poutine et Zelensky vont travailler ensemble. Vous savez, c&rsquo;est un peu comme l&rsquo;huile et le vinaigre. Ils ne s&rsquo;entendent pas tr\u00e8s bien, pour des raisons \u00e9videntes\u00a0\u00bb, a dit le pr\u00e9sident am\u00e9ricain \u00e0 des journalistes \u00e0 Washington.\u00a0<\/p>\n<p><a href=\"https:\/\/www.tf1info.fr\/international\/video-document-tf1-reportage-au-coeur-de-la-guerre-des-drones-notre-equipe-sur-la-ligne-de-front-en-ukraine-2390228.html\" rel=\"noopener\" class=\"jsx-3308031228 Link flex\" target=\"_blank\"><img decoding=\"async\" src=\"https:\/\/www.europesays.com\/fr\/wp-content\/uploads\/2025\/08\/soldats-ukrainiens-illustration-0b321f-0@1x.jpeg\" alt=\"Wojtek Radwanski \/ AFP\" loading=\"lazy\" importance=\"low\" fetchpriority=\"low\" class=\"\" aria-hidden=\"true\"\/><\/p>\n<p class=\"jsx-3657663356 ReadMoreArticle__Title\">Lire aussi<\/p>\n<p class=\"jsx-3657663356\">DOCUMENT TF1 &#8211;  Au c\u0153ur de la guerre des drones : notre \u00e9quipe sur la ligne de front en Ukraine<\/p>\n<p><\/a><\/p>\n<p data-module=\"article-paragraph\" class=\"jsx-3046738180 Paragraph\">Donald Trump a rencontr\u00e9 Vladimir Poutine, <a href=\"https:\/\/www.tf1info.fr\/international\/video-sommet-en-alaska-la-poignee-de-main-historique-entre-trump-et-poutine-2388974.html\" target=\"_blank\" rel=\"noopener\">vendredi sur une base militaire en Alaska<\/a>, puis Volodymyr Zelensky <a href=\"https:\/\/www.tf1info.fr\/international\/sommet-a-washington-le-face-a-face-de-zelensky-et-trump-devant-une-carte-de-l-ukraine-2389425.html\" target=\"_blank\" rel=\"noopener\">lundi \u00e0 la Maison Blanche<\/a>. \u00c0 l&rsquo;issue de cette r\u00e9union, le pr\u00e9sident am\u00e9ricain a dit pr\u00e9parer une rencontre bilat\u00e9rale entre les chefs d&rsquo;\u00c9tat russe et ukrainien mais la participation des deux int\u00e9ress\u00e9s semble difficile \u00e0 mettre en \u0153uvre.<\/p>\n<p data-module=\"article-paragraph\" class=\"jsx-3046738180 Paragraph Paragraph__End\"><strong>Retrouvez les derni\u00e8res informations dans le fil ci-dessus.<\/strong><\/p>\n<p>La r\u00e9daction de TF1info<\/p>\n","protected":false},"excerpt":{"rendered":"Le chef de la diplomatie russe reproche au pr\u00e9sident ukrainien d&rsquo;\u00eatre \u00e0 l&rsquo;origine du blocage dans l&rsquo;organisation d&rsquo;une&hellip;\n","protected":false},"author":2,"featured_media":120425,"comment_status":"","ping_status":"","sticky":false,"template":"","format":"standard","meta":{"footnotes":""},"categories":[1591],"tags":[1111,11,1921,1887,46982,28083,1922,12,1885,1886,132,220,1917,133,1920,135,134],"class_list":{"0":"post-337842","1":"post","2":"type-post","3":"status-publish","4":"format-standard","5":"has-post-thumbnail","7":"category-russie","8":"tag-actu","9":"tag-actualites","10":"tag-article-video","11":"tag-federation-de-russie","12":"tag-guerre-en-ukraine-tractations-pour-une-rencontre-poutine-zelensky","13":"tag-guerre-en-ukraine-une-treve-sera-t-elle-possible","14":"tag-info","15":"tag-news","16":"tag-russia","17":"tag-russian-federation","18":"tag-russie","19":"tag-ukraine","20":"tag-ukraine-4-annee-de-guerre","21":"tag-video","22":"tag-video-international","23":"tag-vladimir-poutine","24":"tag-volodymyr-zelensky"},"share_on_mastodon":{"url":"https:\/\/pubeurope.com\/@fr\/115076542316680796","error":""},"_links":{"self":[{"href":"https:\/\/www.europesays.com\/fr\/wp-json\/wp\/v2\/posts\/337842","targetHints":{"allow":["GET"]}}],"collection":[{"href":"https:\/\/www.europesays.com\/fr\/wp-json\/wp\/v2\/posts"}],"about":[{"href":"https:\/\/www.europesays.com\/fr\/wp-json\/wp\/v2\/types\/post"}],"author":[{"embeddable":true,"href":"https:\/\/www.europesays.com\/fr\/wp-json\/wp\/v2\/users\/2"}],"replies":[{"embeddable":true,"href":"https:\/\/www.europesays.com\/fr\/wp-json\/wp\/v2\/comments?post=337842"}],"version-history":[{"count":0,"href":"https:\/\/www.europesays.com\/fr\/wp-json\/wp\/v2\/posts\/337842\/revisions"}],"wp:featuredmedia":[{"embeddable":true,"href":"https:\/\/www.europesays.com\/fr\/wp-json\/wp\/v2\/media\/120425"}],"wp:attachment":[{"href":"https:\/\/www.europesays.com\/fr\/wp-json\/wp\/v2\/media?parent=337842"}],"wp:term":[{"taxonomy":"category","embeddable":true,"href":"https:\/\/www.europesays.com\/fr\/wp-json\/wp\/v2\/categories?post=337842"},{"taxonomy":"post_tag","embeddable":true,"href":"https:\/\/www.europesays.com\/fr\/wp-json\/wp\/v2\/tags?post=337842"}],"curies":[{"name":"wp","href":"https:\/\/api.w.org\/{rel}","templated":true}]}}