{"id":337848,"date":"2025-08-23T06:01:04","date_gmt":"2025-08-23T06:01:04","guid":{"rendered":"https:\/\/www.europesays.com\/fr\/337848\/"},"modified":"2025-08-23T06:01:04","modified_gmt":"2025-08-23T06:01:04","slug":"une-francaise-expulsee-dallemagne-apres-deux-jours-de-faits-etranges","status":"publish","type":"post","link":"https:\/\/www.europesays.com\/fr\/337848\/","title":{"rendered":"une Fran\u00e7aise expuls\u00e9e d\u2019Allemagne apr\u00e8s deux jours de faits \u00e9tranges !"},"content":{"rendered":"<p>C\u2019est une histoire aux allures absurdes\u2026 mais bien r\u00e9elle. \u00c0 Offenburg, en Allemagne, \u00e0 une poign\u00e9e de kilom\u00e8tres de Strasbourg, une automobiliste fran\u00e7aise de 50 ans a transform\u00e9 la circulation allemande en v\u00e9ritable th\u00e9\u00e2tre de l\u2019inattendu. Danse improvis\u00e9e sur autoroute, blocage de carrefour \u00ab les bras crois\u00e9s \u00bb, expulsion\u2026 retour sur une s\u00e9quence improbable.<\/p>\n<p>Une sc\u00e8ne surr\u00e9aliste : ni alcool, ni drogue, ni trouble mental !<\/p>\n<p>Mardi soir, peu avant 19 heures, les automobilistes de l\u2019A5, entre Appenweier et Offenburg, assistent m\u00e9dus\u00e9s \u00e0 une sc\u00e8ne invraisemblable. Une voiture s\u2019immobilise brusquement entre deux voies, alors que la circulation est parfaitement fluide. La conductrice, une Fran\u00e7aise de 50 ans, sort tranquillement de son v\u00e9hicule\u2026 et commence \u00e0 danser au milieu de l\u2019autoroute.<\/p>\n<p>Comme l&rsquo;a rapport\u00e9 <a href=\"https:\/\/www.20minutes.fr\/monde\/allemagne\/4168833-20250821-allemagne-francaise-expulsee-pays-avoir-bloque-autoroute-dansant-dessus?utm_content=photo&amp;utm_term=20Minutes&amp;utm_campaign=nonli&amp;utm_source=twitter&amp;utm_medium=Social\" target=\"_blank\" rel=\"noopener nofollow\">20 minutes<\/a>, certains usagers, craignant le pire, pr\u00e9viennent imm\u00e9diatement la police. La circulation est bloqu\u00e9e dans les deux sens pour \u00e9viter un drame, tandis que des automobilistes finissent par l\u2019escorter hors des voies. Interpell\u00e9e par la police locale, la conductrice explique simplement qu\u2019elle \u00e9tait \u00ab g\u00ean\u00e9e par la circulation \u00bb.<\/p>\n<p>Plac\u00e9e en garde \u00e0 vue, la Fran\u00e7aise est examin\u00e9e par des m\u00e9decins. Verdict : ni alcool, ni stup\u00e9fiants, ni signe d\u2019alt\u00e9ration mentale. Un comportement difficile \u00e0 expliquer, d\u2019autant qu\u2019elle n\u2019avait jusque-l\u00e0 pr\u00e9sent\u00e9 aucun ant\u00e9c\u00e9dent particulier. Lib\u00e9r\u00e9e, elle se voit toutefois retirer son permis et ses cl\u00e9s de voiture.<\/p>\n<p>Le lendemain matin, un nouvel \u00e9pisode ! La police d\u00e9cide de l&rsquo;expulser<\/p>\n<p>L\u2019affaire aurait pu s\u2019arr\u00eater l\u00e0. Mais d\u00e8s l\u2019aube, \u00e0 peine quelques heures apr\u00e8s sa lib\u00e9ration, la conductrice r\u00e9cidive. Cette fois, elle est rep\u00e9r\u00e9e au beau milieu d\u2019un carrefour d\u2019Offenburg, \u00e0 deux pas du bureau du procureur. Debout, \u00ab les bras crois\u00e9s \u00bb, elle bloque calmement la circulation, au grand d\u00e9sarroi des automobilistes coinc\u00e9s.<\/p>\n<p>Face \u00e0 cette nouvelle entrave, la police n\u2019a pas souhait\u00e9 revivre le m\u00eame sc\u00e9nario. Plut\u00f4t que de l\u2019interpeller de nouveau et de la placer en garde \u00e0 vue, les autorit\u00e9s ont choisi une solution radicale : l\u2019expulsion. La Fran\u00e7aise a donc \u00e9t\u00e9 reconduite \u00e0 la fronti\u00e8re, son aventure allemande prenant fin sur une note tout aussi surr\u00e9aliste qu\u2019elle avait commenc\u00e9.<\/p>\n<blockquote class=\"twitter-tweet\">\n<p dir=\"ltr\" lang=\"de\">Mit viel Gl\u00fcck endete ein Vorfall am Dienstagabend auf der <a href=\"https:\/\/twitter.com\/hashtag\/A5?src=hash&amp;ref_src=twsrc%5Etfw\" rel=\"nofollow noopener\" target=\"_blank\">#A5<\/a> zwischen <a href=\"https:\/\/twitter.com\/hashtag\/Appenweier?src=hash&amp;ref_src=twsrc%5Etfw\" rel=\"nofollow noopener\" target=\"_blank\">#Appenweier<\/a> und <a href=\"https:\/\/twitter.com\/hashtag\/Offenburg?src=hash&amp;ref_src=twsrc%5Etfw\" rel=\"nofollow noopener\" target=\"_blank\">#Offenburg<\/a>. Eine 50-J\u00e4hrige hielt gegen 18:50 Uhr mit ihrem Renault zwischen linker und mittlerer Spur an, stieg aus und begann auf der Fahrbahn zu tanzen.<\/p>\n<p>\ud83d\udd17 <a href=\"https:\/\/t.co\/3Ig0Q9NZDL\" rel=\"nofollow\">https:\/\/t.co\/3Ig0Q9NZDL<\/a> <a href=\"https:\/\/t.co\/iRQ6KYVaEP\" rel=\"nofollow\">pic.twitter.com\/iRQ6KYVaEP<\/a><\/p>\n<p>\u2014 Polizei Offenburg (@PolizeiOG) <a href=\"https:\/\/twitter.com\/PolizeiOG\/status\/1958442163823382818?ref_src=twsrc%5Etfw\" rel=\"nofollow noopener\" target=\"_blank\">August 21, 2025<\/a><\/p>\n<\/blockquote>\n<p>Partagez cette info avec vos amis et vos proches en cliquant ici<br \/>Pour r\u00e9sumer<\/p>\n<p>Une Fran\u00e7aise de 50 ans a sem\u00e9 la stupeur \u00e0 Offenburg, en Allemagne. Mardi soir, elle s\u2019est arr\u00eat\u00e9e au milieu de l\u2019autoroute A5 pour\u2026 danser sur la chauss\u00e9e, obligeant la police \u00e0 bloquer la circulation. Interpell\u00e9e, elle n\u2019\u00e9tait ni ivre, ni drogu\u00e9e, ni atteinte de troubles mentaux, mais a expliqu\u00e9 \u00eatre \u00ab g\u00ean\u00e9e par la circulation \u00bb. Rel\u00e2ch\u00e9e sans permis ni voiture, elle a r\u00e9cidiv\u00e9 d\u00e8s le lendemain matin en bloquant un carrefour \u00ab les bras crois\u00e9s \u00bb. Cette fois, les autorit\u00e9s ont choisi une mesure radicale : l\u2019expulser vers la France.<\/p>\n<p> <img decoding=\"async\" width=\"76\" height=\"76\" loading=\"lazy\" src=\"https:\/\/www.europesays.com\/fr\/wp-content\/uploads\/2025\/04\/avatar-autonews.png\" alt=\"J\u00e9thro Tissot\"\/><script async src=\"https:\/\/platform.twitter.com\/widgets.js\" charset=\"utf-8\"><\/script><\/p>\n","protected":false},"excerpt":{"rendered":"C\u2019est une histoire aux allures absurdes\u2026 mais bien r\u00e9elle. \u00c0 Offenburg, en Allemagne, \u00e0 une poign\u00e9e de kilom\u00e8tres&hellip;\n","protected":false},"author":2,"featured_media":337849,"comment_status":"","ping_status":"","sticky":false,"template":"","format":"standard","meta":{"footnotes":""},"categories":[1587],"tags":[11,672,1804,1805,1803,1777,674,1801,12,1802],"class_list":{"0":"post-337848","1":"post","2":"type-post","3":"status-publish","4":"format-standard","5":"has-post-thumbnail","7":"category-allemagne","8":"tag-actualites","9":"tag-allemagne","10":"tag-bundesrepublik-deutschland","11":"tag-de","12":"tag-deutschland","13":"tag-eu","14":"tag-europe","15":"tag-germany","16":"tag-news","17":"tag-republique-federale-dallemagne"},"share_on_mastodon":{"url":"https:\/\/pubeurope.com\/@fr\/115076561879444073","error":""},"_links":{"self":[{"href":"https:\/\/www.europesays.com\/fr\/wp-json\/wp\/v2\/posts\/337848","targetHints":{"allow":["GET"]}}],"collection":[{"href":"https:\/\/www.europesays.com\/fr\/wp-json\/wp\/v2\/posts"}],"about":[{"href":"https:\/\/www.europesays.com\/fr\/wp-json\/wp\/v2\/types\/post"}],"author":[{"embeddable":true,"href":"https:\/\/www.europesays.com\/fr\/wp-json\/wp\/v2\/users\/2"}],"replies":[{"embeddable":true,"href":"https:\/\/www.europesays.com\/fr\/wp-json\/wp\/v2\/comments?post=337848"}],"version-history":[{"count":0,"href":"https:\/\/www.europesays.com\/fr\/wp-json\/wp\/v2\/posts\/337848\/revisions"}],"wp:featuredmedia":[{"embeddable":true,"href":"https:\/\/www.europesays.com\/fr\/wp-json\/wp\/v2\/media\/337849"}],"wp:attachment":[{"href":"https:\/\/www.europesays.com\/fr\/wp-json\/wp\/v2\/media?parent=337848"}],"wp:term":[{"taxonomy":"category","embeddable":true,"href":"https:\/\/www.europesays.com\/fr\/wp-json\/wp\/v2\/categories?post=337848"},{"taxonomy":"post_tag","embeddable":true,"href":"https:\/\/www.europesays.com\/fr\/wp-json\/wp\/v2\/tags?post=337848"}],"curies":[{"name":"wp","href":"https:\/\/api.w.org\/{rel}","templated":true}]}}