{"id":337854,"date":"2025-08-23T06:04:16","date_gmt":"2025-08-23T06:04:16","guid":{"rendered":"https:\/\/www.europesays.com\/fr\/337854\/"},"modified":"2025-08-23T06:04:16","modified_gmt":"2025-08-23T06:04:16","slug":"les-previsions-de-bison-fute-pour-le-samedi-23-aout-et-le-reste-du-week-end-de-retour-des-vacances","status":"publish","type":"post","link":"https:\/\/www.europesays.com\/fr\/337854\/","title":{"rendered":"Les pr\u00e9visions de Bison Fut\u00e9\u00a0pour le samedi 23\u00a0ao\u00fbt et le reste du week-end de retour des vacances"},"content":{"rendered":"<p>        <img decoding=\"async\" loading=\"lazy\" src=\"https:\/\/www.europesays.com\/fr\/wp-content\/uploads\/2025\/08\/e8c2ca6_upload-1-bk7om0dlwywg-afp-20250802-68ln6mg-v1-highres-franceroadtransporttrafficholidays.jpg\"  width=\"728\" height=\"410\" alt=\"Des automobilistes sur l\u2019A7, pr\u00e8s de Pont-de-l\u2019Is\u00e8re (Dr\u00f4me), le 2\u00a0ao\u00fbt 2025.\"\/>  <\/p>\n<p>JEAN-PHILIPPE KSIAZEK \/ AFP<\/p>\n<p>Des automobilistes sur l\u2019A7, pr\u00e8s de Pont-de-l\u2019Is\u00e8re (Dr\u00f4me), le 2\u00a0ao\u00fbt 2025.<\/p>\n<p class=\"asset asset-text\">ROUTES &#8211; Voici venu l\u2019avant-dernier dernier grand week-end de circulation de l\u2019\u00e9t\u00e9 sur les routes fran\u00e7aises, essentiellement dans le sens des retours, alors que la <a href=\"https:\/\/www.huffingtonpost.fr\/france\/article\/l-allocation-de-rentree-scolaire-versee-ce-mardi-19-aout-ce-qu-il-faut-savoir-de-cette-aide-sous-conditions-de-revenus_253700.html\" rel=\"nofollow noopener\" target=\"_blank\">rentr\u00e9e scolaire<\/a> approche (1er\u00a0septembre).<\/p>\n<p class=\"asset asset-text\">Apr\u00e8s avoir vu rouge ce vendredi dans la moiti\u00e9 sud du pays, <a href=\"https:\/\/www.huffingtonpost.fr\/france\/article\/les-previsions-de-bison-fute-pour-le-week-end-prolonge-du-15-aout_253573.html\" rel=\"nofollow noopener\" target=\"_blank\">Bison Fut\u00e9<\/a> anticipe encore pire pour ce samedi 23\u00a0ao\u00fbt. <strong>Comme vous pouvez le voir ci-dessous<\/strong>, tout le pays est class\u00e9 au rouge, et les d\u00e9partements du pourtour m\u00e9diterran\u00e9en le seront m\u00eame au noir (circulation extr\u00eamement difficile).<\/p>\n<p class=\"asset asset-text\">Les principales congestions devraient se concentrer sur les axes en partance de la c\u00f4te atlantique (A63, A10, A87, A11), de la c\u00f4te m\u00e9diterran\u00e9enne (A7, A8, A9, A61) et ceux traversant le centre (A75, A71, A20). \u00ab\u00a0Les encombrements devraient d\u00e9buter en tout d\u00e9but de matin\u00e9e pour s\u2019achever en d\u00e9but voire fin de soir\u00e9e selon les secteurs\u00a0\u00bb, redoute Bison Fut\u00e9 qui fait un constat similaire en \u00cele-de-France en \u00e9voquant les autoroutes A10, A6\u00a0et A86\u00a0ainsi que le p\u00e9riph\u00e9rique parisien.<\/p>\n<p>         <img decoding=\"async\" loading=\"lazy\" src=\"https:\/\/www.europesays.com\/fr\/wp-content\/uploads\/2025\/08\/d3c7177_upload-1-bl0ik3iu8z2i-bf-23-aout.png\"  width=\"728\" height=\"437\" alt=\"Les pr\u00e9visions de Bison Fut\u00e9\u00a0pour le samedi 23\u00a0ao\u00fbt.\"\/>   <\/p>\n<p>Les pr\u00e9visions de Bison Fut\u00e9\u00a0pour le samedi 23\u00a0ao\u00fbt.<\/p>\n<p class=\"asset asset-text\">Pour la journ\u00e9e de <strong>dimanche<\/strong>, la circulation sera encore difficile sur les grands axes routiers, notamment l\u2019A9, l\u2019A75, l\u2019A8, l\u2019A7, ainsi que les routes en direction de l\u2019\u00cele-de-France comme l\u2019A10, l\u2019A11 et l\u2019A71, pr\u00e9vient Bison Fut\u00e9. En \u00cele-de-France, il sera difficile de rouler d\u00e8s la fin de matin\u00e9e et potentiellement jusque tard dans la soir\u00e9e.<\/p>\n<p>         <img decoding=\"async\" loading=\"lazy\" src=\"https:\/\/www.europesays.com\/fr\/wp-content\/uploads\/2025\/08\/6627232_upload-1-xrauoheu9lvd-bf-24-aout.png\"  width=\"728\" height=\"437\" alt=\"Les pr\u00e9visions de Bison Fut\u00e9\u00a0pour le dimanche 24\u00a0ao\u00fbt.\"\/>   <\/p>\n<p>Les pr\u00e9visions de Bison Fut\u00e9\u00a0pour le dimanche 24\u00a0ao\u00fbt.<\/p>\n<p class=\"asset asset-text\">Enfin pour la journ\u00e9e de <strong>lundi<\/strong>, les difficult\u00e9s se concentreront uniquement en \u00cele-de-France, avec des premiers ralentissements d\u00e8s le d\u00e9but de l\u2019apr\u00e8s-midi sur l\u2019autoroute A10 entre la barri\u00e8re de p\u00e9age de Saint-Arnoult-en-Yvelines et Wissous, puis sur l\u2019autoroute A6 entre Corbeil-Essonnes et Wissous. Encore une fois, la circulation devrait rester dense jusque tard dans la soir\u00e9e.<\/p>\n","protected":false},"excerpt":{"rendered":"JEAN-PHILIPPE KSIAZEK \/ AFP Des automobilistes sur l\u2019A7, pr\u00e8s de Pont-de-l\u2019Is\u00e8re (Dr\u00f4me), le 2\u00a0ao\u00fbt 2025. ROUTES &#8211; Voici&hellip;\n","protected":false},"author":2,"featured_media":337855,"comment_status":"","ping_status":"","sticky":false,"template":"","format":"standard","meta":{"footnotes":""},"categories":[2],"tags":[11,6427,3542,1011,27,12,25,209,47408],"class_list":{"0":"post-337854","1":"post","2":"type-post","3":"status-publish","4":"format-standard","5":"has-post-thumbnail","7":"category-actualites","8":"tag-actualites","9":"tag-bison-fute","10":"tag-circulation","11":"tag-fr","12":"tag-france","13":"tag-news","14":"tag-republique-francaise","15":"tag-route","16":"tag-vacances-d-ete"},"share_on_mastodon":{"url":"https:\/\/pubeurope.com\/@fr\/115076573962755845","error":""},"_links":{"self":[{"href":"https:\/\/www.europesays.com\/fr\/wp-json\/wp\/v2\/posts\/337854","targetHints":{"allow":["GET"]}}],"collection":[{"href":"https:\/\/www.europesays.com\/fr\/wp-json\/wp\/v2\/posts"}],"about":[{"href":"https:\/\/www.europesays.com\/fr\/wp-json\/wp\/v2\/types\/post"}],"author":[{"embeddable":true,"href":"https:\/\/www.europesays.com\/fr\/wp-json\/wp\/v2\/users\/2"}],"replies":[{"embeddable":true,"href":"https:\/\/www.europesays.com\/fr\/wp-json\/wp\/v2\/comments?post=337854"}],"version-history":[{"count":0,"href":"https:\/\/www.europesays.com\/fr\/wp-json\/wp\/v2\/posts\/337854\/revisions"}],"wp:featuredmedia":[{"embeddable":true,"href":"https:\/\/www.europesays.com\/fr\/wp-json\/wp\/v2\/media\/337855"}],"wp:attachment":[{"href":"https:\/\/www.europesays.com\/fr\/wp-json\/wp\/v2\/media?parent=337854"}],"wp:term":[{"taxonomy":"category","embeddable":true,"href":"https:\/\/www.europesays.com\/fr\/wp-json\/wp\/v2\/categories?post=337854"},{"taxonomy":"post_tag","embeddable":true,"href":"https:\/\/www.europesays.com\/fr\/wp-json\/wp\/v2\/tags?post=337854"}],"curies":[{"name":"wp","href":"https:\/\/api.w.org\/{rel}","templated":true}]}}