{"id":337860,"date":"2025-08-23T06:07:19","date_gmt":"2025-08-23T06:07:19","guid":{"rendered":"https:\/\/www.europesays.com\/fr\/337860\/"},"modified":"2025-08-23T06:07:19","modified_gmt":"2025-08-23T06:07:19","slug":"on-parle-de-tout-sauf-de-golf-avec-sara-brentcheneff","status":"publish","type":"post","link":"https:\/\/www.europesays.com\/fr\/337860\/","title":{"rendered":"On parle de tout sauf de golf avec\u2026 Sara Brentcheneff"},"content":{"rendered":"<p>D\u00e9formation professionnelle oblige, on a tout de m\u00eame \u00e9voqu\u00e9, en prologue, l\u2019actualit\u00e9 sportive de <strong>Sara<\/strong> <strong>Brentcheneff<\/strong>. Une discussion bienvenue puisque l\u2019amateur de 17 ans est tout juste revenue d\u2019un voyage aux \u00c9tats-Unis, pour visiter une universit\u00e9 am\u00e9ricaine : un plan de secours au cas o\u00f9 elle ne passerait pas professionnelle dans les prochaines ann\u00e9es. Si elle a souhait\u00e9 garder le nom de la facult\u00e9 secret, elle a involontairement laiss\u00e9 passer un indice en justifiant sa fatigue du jour : \u00ab\u00a0c\u2019est la faute des 9 heures de d\u00e9calage horaire.\u00a0\u00bb Le point de chute se situerait donc sur la c\u00f4te Ouest ! D\u2019ici l\u00e0, la Lyonnaise continue son petit bout de vie avant de reprendre la comp\u00e9tition en septembre. Dans sa r\u00e9gion d\u2019adoption, la laur\u00e9ate sur le <strong>Ladies European Tour Access Series<\/strong> et vice-championne d\u2019Europe par \u00e9quipes \u00e0 Chantilly se pr\u00e9lasse donc chez elle, passant son temps \u00e0 dormir et manger. Mais bient\u00f4t, il faudra refaire la valise, chose qui lui d\u00e9pla\u00eet grandement.<\/p>\n<p><strong>Alors, comme \u00e7a, on n\u2019aime pas faire sa valise ?<\/strong><br \/>Ah non, c\u2019est un cauchemar. En fait, rien que le fait de devoir choisir quoi prendre dans l\u2019armoire, c\u2019est relou. Surtout que je finis par prendre toujours les m\u00eames v\u00eatements. Faut peut-\u00eatre que je bosse avec un pr\u00e9parateur mental sur \u00e7a parce qu&rsquo;\u00e0 chaque fois je perds deux heures \u00e0 me demander s\u2019il va faire chaud ou froid, ensuite je fais une pause, et puis je me mets \u00e0 scroller sur Tik Tok pendant vingt minutes\u2026 D\u2019ailleurs, je vais peut-\u00eatre commencer \u00e0 chercher une vid\u00e9o tutoriel pour \u00eatre plus efficace.<\/p>\n<p><strong>Entre vivre uniquement avec des animaux ou uniquement avec des humains, tu choisirais quoi ?<\/strong><br \/>Je garde les animaux. Parce qu\u2019ils parlent pas au moins. J\u2019aime pas les gens qui parlent trop ! Et puis j\u2019ai des animaux, donc\u2026<\/p>\n<p><strong>\u00ab\u00a0Des animaux\u00a0\u00bb, \u00e7a veut dire beaucoup ?<\/strong><br \/>J\u2019ai un berger allemand, deux petits chats et deux tortues. Le chien s\u2019appelle Indien et les chats, Gribouille et Chatouille. \u00c0 la base, Gribouille est mon chat, et Chatouille celui de mon p\u00e8re. Mais il y a eu de la corruption dans la famille et depuis un certain temps, Gribouille ne vient plus vers moi mais va vers mon p\u00e8re. Je n\u2019ai plus le droit au c\u00e2lin quand je rentre chez moi, je suis d\u00e9go\u00fbt\u00e9e. Alors que, en plus, mon p\u00e8re n\u2019aimait pas les chats \u00e0 la base, c\u2019est un scandale. Et puis les tortues\u2026 elles n\u2019ont pas de nom. En m\u00eame temps, elles parlent pas, elles bougent pas, elles servent pas \u00e0 grand chose &#8211; j\u2019ai du mal \u00e0 comprendre le concept de cet animal ; \u00e7a ne fait rien, \u00e7a mange de la salade et rien d\u2019autre.<\/p>\n","protected":false},"excerpt":{"rendered":"D\u00e9formation professionnelle oblige, on a tout de m\u00eame \u00e9voqu\u00e9, en prologue, l\u2019actualit\u00e9 sportive de Sara Brentcheneff. Une discussion&hellip;\n","protected":false},"author":2,"featured_media":337861,"comment_status":"","ping_status":"","sticky":false,"template":"","format":"standard","meta":{"footnotes":""},"categories":[1418],"tags":[1011,27,1472,60],"class_list":{"0":"post-337860","1":"post","2":"type-post","3":"status-publish","4":"format-standard","5":"has-post-thumbnail","7":"category-golf","8":"tag-fr","9":"tag-france","10":"tag-golf","11":"tag-sports"},"share_on_mastodon":{"url":"https:\/\/pubeurope.com\/@fr\/115076585418863734","error":""},"_links":{"self":[{"href":"https:\/\/www.europesays.com\/fr\/wp-json\/wp\/v2\/posts\/337860","targetHints":{"allow":["GET"]}}],"collection":[{"href":"https:\/\/www.europesays.com\/fr\/wp-json\/wp\/v2\/posts"}],"about":[{"href":"https:\/\/www.europesays.com\/fr\/wp-json\/wp\/v2\/types\/post"}],"author":[{"embeddable":true,"href":"https:\/\/www.europesays.com\/fr\/wp-json\/wp\/v2\/users\/2"}],"replies":[{"embeddable":true,"href":"https:\/\/www.europesays.com\/fr\/wp-json\/wp\/v2\/comments?post=337860"}],"version-history":[{"count":0,"href":"https:\/\/www.europesays.com\/fr\/wp-json\/wp\/v2\/posts\/337860\/revisions"}],"wp:featuredmedia":[{"embeddable":true,"href":"https:\/\/www.europesays.com\/fr\/wp-json\/wp\/v2\/media\/337861"}],"wp:attachment":[{"href":"https:\/\/www.europesays.com\/fr\/wp-json\/wp\/v2\/media?parent=337860"}],"wp:term":[{"taxonomy":"category","embeddable":true,"href":"https:\/\/www.europesays.com\/fr\/wp-json\/wp\/v2\/categories?post=337860"},{"taxonomy":"post_tag","embeddable":true,"href":"https:\/\/www.europesays.com\/fr\/wp-json\/wp\/v2\/tags?post=337860"}],"curies":[{"name":"wp","href":"https:\/\/api.w.org\/{rel}","templated":true}]}}