{"id":337862,"date":"2025-08-23T06:09:12","date_gmt":"2025-08-23T06:09:12","guid":{"rendered":"https:\/\/www.europesays.com\/fr\/337862\/"},"modified":"2025-08-23T06:09:12","modified_gmt":"2025-08-23T06:09:12","slug":"il-y-a-trente-ans-le-rugby-entamait-dans-le-fracas-sa-professionnalisation","status":"publish","type":"post","link":"https:\/\/www.europesays.com\/fr\/337862\/","title":{"rendered":"Il y a trente ans, le rugby entamait dans le fracas sa professionnalisation"},"content":{"rendered":"\n<p class=\"article__paragraph article__paragraph--lf \">26\u00a0ao\u00fbt\u00a01995, boulevard Haussmann, Paris. Bernard Lapasset s\u2019avance dans un salon \u00e9triqu\u00e9 du petit h\u00f4tel Ambassador, les traits tir\u00e9s par trois jours de n\u00e9gociations. En face de lui, une poign\u00e9e de journalistes, pris au d\u00e9pourvu par l\u2019estivale convocation de l\u2019International Rugby Board (IRB), anc\u00eatre de World Rugby. \u00ab\u00a0Le conseil vient de d\u00e9cider de modifier les r\u00e8gles de participation \u00e0 notre jeu de rugby. Les r\u00e8gles que l\u2019on appelait autrefois les \u201cr\u00e8gles de l\u2019amateurisme\u201d\u00a0\u00bb ne font plus loi, annonce le pr\u00e9sident fran\u00e7ais de l\u2019organisation internationale.<\/p>\n<p class=\"article__paragraph article__paragraph--lf \">Bernard Lapasset vient de signer l\u2019acte de d\u00e9c\u00e8s de 172 ann\u00e9es d\u2019amateurisme dans le rugby. Cette r\u00e8gle qui interdisait formellement de r\u00e9mun\u00e9rer les joueurs\u00a0; ces derniers \u00e9taient juste d\u00e9fray\u00e9s, ou touchaient des primes de match pas toujours d\u00e9clar\u00e9es. D\u00e9bute alors dans le monde du ballon ovale, \u00ab\u00a0l\u2019\u00e8re open\u00a0\u00bb. D\u00e9sormais, les f\u00e9d\u00e9rations devront choisir entre circuit professionnel et circuit amateur.<\/p>\n<p class=\"article__paragraph article__paragraph--lf \">En France, le professionnalisme n\u2019arrive qu\u2019en\u00a01998, apr\u00e8s des mois de forcing de certains joueurs souhaitant \u00eatre r\u00e9mun\u00e9r\u00e9s, et apr\u00e8s \u00ab\u00a0un coup de boomerang dans la gueule en\u00a01997\u00a0\u00bb, un match catastrophique contre l\u2019Afrique du Sud (10-52), qui fait comprendre \u00e0 tous qu\u2019ils n\u2019ont plus vraiment le choix, se souvient Philippe Saint-Andr\u00e9, l\u00e9gende du XV de France et fer de lance du professionnalisme chez les joueurs. Ce jour d\u2019ao\u00fbt\u00a01995, <a href=\"https:\/\/www.lemonde.fr\/disparitions\/article\/2023\/05\/04\/l-ancien-dirigeant-du-rugby-bernard-lapasset-l-un-des-promoteurs-de-la-candidature-de-paris-aux-jo-2024-est-mort_6172102_3382.html\" rel=\"nofollow noopener\" target=\"_blank\">Bernard Lapasset<\/a> met fin \u00e0\u00a0deux mois houleux, au cours desquels le rugby a \u00e9t\u00e9 le th\u00e9\u00e2tre d\u2019un jeu d\u2019\u00e9checs entre deux milliardaires australiens, o\u00f9 f\u00e9d\u00e9rations et joueurs n\u2019ont \u00e9t\u00e9 que des pions.<\/p>\n<p>                    Ancienne rivalit\u00e9                 <\/p>\n<p class=\"reading-mode-only \"><strong>Il vous reste 79.91% de cet article \u00e0 lire. La suite est r\u00e9serv\u00e9e aux abonn\u00e9s.<\/strong><\/p>\n","protected":false},"excerpt":{"rendered":"26\u00a0ao\u00fbt\u00a01995, boulevard Haussmann, Paris. Bernard Lapasset s\u2019avance dans un salon \u00e9triqu\u00e9 du petit h\u00f4tel Ambassador, les traits tir\u00e9s&hellip;\n","protected":false},"author":2,"featured_media":337863,"comment_status":"","ping_status":"","sticky":false,"template":"","format":"standard","meta":{"footnotes":""},"categories":[1416],"tags":[1011,27,479,1468,60],"class_list":{"0":"post-337862","1":"post","2":"type-post","3":"status-publish","4":"format-standard","5":"has-post-thumbnail","7":"category-rugby","8":"tag-fr","9":"tag-france","10":"tag-rugby","11":"tag-rugby-football","12":"tag-sports"},"share_on_mastodon":{"url":"https:\/\/pubeurope.com\/@fr\/115076593380988886","error":""},"_links":{"self":[{"href":"https:\/\/www.europesays.com\/fr\/wp-json\/wp\/v2\/posts\/337862","targetHints":{"allow":["GET"]}}],"collection":[{"href":"https:\/\/www.europesays.com\/fr\/wp-json\/wp\/v2\/posts"}],"about":[{"href":"https:\/\/www.europesays.com\/fr\/wp-json\/wp\/v2\/types\/post"}],"author":[{"embeddable":true,"href":"https:\/\/www.europesays.com\/fr\/wp-json\/wp\/v2\/users\/2"}],"replies":[{"embeddable":true,"href":"https:\/\/www.europesays.com\/fr\/wp-json\/wp\/v2\/comments?post=337862"}],"version-history":[{"count":0,"href":"https:\/\/www.europesays.com\/fr\/wp-json\/wp\/v2\/posts\/337862\/revisions"}],"wp:featuredmedia":[{"embeddable":true,"href":"https:\/\/www.europesays.com\/fr\/wp-json\/wp\/v2\/media\/337863"}],"wp:attachment":[{"href":"https:\/\/www.europesays.com\/fr\/wp-json\/wp\/v2\/media?parent=337862"}],"wp:term":[{"taxonomy":"category","embeddable":true,"href":"https:\/\/www.europesays.com\/fr\/wp-json\/wp\/v2\/categories?post=337862"},{"taxonomy":"post_tag","embeddable":true,"href":"https:\/\/www.europesays.com\/fr\/wp-json\/wp\/v2\/tags?post=337862"}],"curies":[{"name":"wp","href":"https:\/\/api.w.org\/{rel}","templated":true}]}}