{"id":337866,"date":"2025-08-23T06:12:19","date_gmt":"2025-08-23T06:12:19","guid":{"rendered":"https:\/\/www.europesays.com\/fr\/337866\/"},"modified":"2025-08-23T06:12:19","modified_gmt":"2025-08-23T06:12:19","slug":"lando-norris-revele-son-moment-le-plus-emouvant-de-la-saison","status":"publish","type":"post","link":"https:\/\/www.europesays.com\/fr\/337866\/","title":{"rendered":"Lando Norris r\u00e9v\u00e8le son moment le plus \u00e9mouvant de la saison"},"content":{"rendered":"<p>Pour Norris, c\u2019est son exceptionnel record de pole position \u00e0 Monaco qui a constitu\u00e9 le moment le plus charg\u00e9 \u00e9motionnellement de sa saison, plus encore que sa victoire inaugurale \u00e0 Miami. Un trac\u00e9 mythique o\u00f9 atteindre la pole reste un exploit particuli\u00e8rement symbolique.<\/p>\n<blockquote>\n<p>\u201cJe ne suis pas du genre \u00e9motif. Parfois, j\u2019ai envie de pleurer, mais je n\u2019y arrive pas. \u00c0 Miami, j\u2019avais envie de pleurer, mais je n\u2019ai pas pu\u00a0! Le seul moment o\u00f9 j\u2019ai \u00e9t\u00e9 \u00e9mu, c\u2019\u00e9tait quand j\u2019ai d\u00e9croch\u00e9 la pole \u00e0 Monaco. Parfois, je veux me prouver que je peux y arriver&#8230; J\u2019ai toujours \u00e9t\u00e9 comme \u00e7a. La plupart des choses sont mentales. C\u2019est presque le plus dur. Pour moi, le plus grand bonheur, c\u2019est quand je me prouve quelque chose. C\u2019est ce qui m\u2019a toujours motiv\u00e9 et m\u2019a permis de r\u00e9ussir. Quand je suis r\u00e9aliste, je suis au plus haut niveau mondial face aux meilleurs pilotes du monde. Si tout n\u2019est pas parfait, je ne serai pas en pole position. Quand je suis all\u00e9 \u00e0 Monaco, le circuit le plus difficile de l\u2019ann\u00e9e, o\u00f9 tant de choses peuvent facilement mal tourner&#8230; l\u00e0-bas, les qualifications sont la chose la plus importante au monde. Je suis parti et j\u2019ai prouv\u00e9 que j\u2019avais toujours le niveau. Ce fut un moment tr\u00e8s cool pour moi.\u201d D\u00e9clare Norris, source : <a href=\"http:\/\/nextgen-auto.com\" target=\"_blank\" rel=\"noopener\">nextgen-auto.com<\/a>\u00a0<\/p>\n<\/blockquote>\n<p><b>Une saison sous haute tension<\/b><\/p>\n<p>Lando Norris, toujours en embuscade pour le titre, ressent cette \u00e9motion comme un rappel du pouvoir de la performance pure et du trac\u00e9 comme amplificateur d\u2019adr\u00e9naline. Dans une saison o\u00f9 chaque d\u00e9tail compte, ce moment \u00e0 Monaco reste grav\u00e9 dans sa m\u00e9moire bien au-del\u00e0 du simple r\u00e9sultat.<\/p>\n<p>    Partagez cette info avec vos amis et vos proches en cliquant ici  <\/p>\n<p> Podcasts \u00e0 la une MEN LIFE <\/p>\n<p>    F1 : Norris avoue que Monaco a \u00e9t\u00e9 son moment le plus fort de 2025<\/p>\n<p>Lando Norris a confi\u00e9 que son tour de qualification \u00e0 Monaco a repr\u00e9sent\u00e9 le sommet \u00e9motionnel de sa saison, devant m\u00eame sa premi\u00e8re victoire \u00e0 Miami. Un souvenir qui illustre la dimension mythique du trac\u00e9 mon\u00e9gasque et la pression qu\u2019il impose aux pilotes.<\/p>\n<p>R\u00e9dacteur<\/p>\n<p><img decoding=\"async\" width=\"76\" height=\"76\" loading=\"lazy\" src=\"https:\/\/www.europesays.com\/fr\/wp-content\/uploads\/2025\/04\/avatar-sport-am.png\" alt=\"Victor Teyssier\"\/><\/p>\n","protected":false},"excerpt":{"rendered":"Pour Norris, c\u2019est son exceptionnel record de pole position \u00e0 Monaco qui a constitu\u00e9 le moment le plus&hellip;\n","protected":false},"author":2,"featured_media":337867,"comment_status":"","ping_status":"","sticky":false,"template":"","format":"standard","meta":{"footnotes":""},"categories":[1413],"tags":[1011,27,1457,1456,60],"class_list":{"0":"post-337866","1":"post","2":"type-post","3":"status-publish","4":"format-standard","5":"has-post-thumbnail","7":"category-moto","8":"tag-fr","9":"tag-france","10":"tag-moto","11":"tag-motocycle","12":"tag-sports"},"share_on_mastodon":{"url":"https:\/\/pubeurope.com\/@fr\/115076605211262197","error":""},"_links":{"self":[{"href":"https:\/\/www.europesays.com\/fr\/wp-json\/wp\/v2\/posts\/337866","targetHints":{"allow":["GET"]}}],"collection":[{"href":"https:\/\/www.europesays.com\/fr\/wp-json\/wp\/v2\/posts"}],"about":[{"href":"https:\/\/www.europesays.com\/fr\/wp-json\/wp\/v2\/types\/post"}],"author":[{"embeddable":true,"href":"https:\/\/www.europesays.com\/fr\/wp-json\/wp\/v2\/users\/2"}],"replies":[{"embeddable":true,"href":"https:\/\/www.europesays.com\/fr\/wp-json\/wp\/v2\/comments?post=337866"}],"version-history":[{"count":0,"href":"https:\/\/www.europesays.com\/fr\/wp-json\/wp\/v2\/posts\/337866\/revisions"}],"wp:featuredmedia":[{"embeddable":true,"href":"https:\/\/www.europesays.com\/fr\/wp-json\/wp\/v2\/media\/337867"}],"wp:attachment":[{"href":"https:\/\/www.europesays.com\/fr\/wp-json\/wp\/v2\/media?parent=337866"}],"wp:term":[{"taxonomy":"category","embeddable":true,"href":"https:\/\/www.europesays.com\/fr\/wp-json\/wp\/v2\/categories?post=337866"},{"taxonomy":"post_tag","embeddable":true,"href":"https:\/\/www.europesays.com\/fr\/wp-json\/wp\/v2\/tags?post=337866"}],"curies":[{"name":"wp","href":"https:\/\/api.w.org\/{rel}","templated":true}]}}